{"id":7043,"date":"2014-02-14T02:53:58","date_gmt":"2014-02-14T02:53:58","guid":{"rendered":"http:\/\/www2.nasaacin.org\/index.php\/2014\/02\/14\/cauca-la-paz-se-hace-con-la-comunidad-caminado-nuestro-territorio\/"},"modified":"2014-02-14T02:53:58","modified_gmt":"2014-02-14T02:53:58","slug":"cauca-la-paz-se-hace-con-la-comunidad-caminado-nuestro-territorio","status":"publish","type":"post","link":"https:\/\/tejidohistorico.afrodescendientes.com\/index.php\/2014\/02\/14\/cauca-la-paz-se-hace-con-la-comunidad-caminado-nuestro-territorio\/","title":{"rendered":"Cauca: La paz se hace con la comunidad, caminado nuestro territorio"},"content":{"rendered":"<div> \tLa comunidad ind\u00edgena de Tacuey\u00f3 realiz\u00f3 un recorrido por el territorio cuyo prop\u00f3sito fue hacer un an\u00e1lisis, junto con la comunidad, del contexto actual que vive la gente &nbsp;y determinar el nivel de militarizaci\u00f3n que hay en este momento en las comunidades.<\/div>\n<p>  <!--more-->  <\/p>\n<div> \t&nbsp;<\/div>\n<div> \tTras la militarizaci\u00f3n que se ha presentado en las zonas altas del resguardo ind\u00edgena de Tacuey\u00f3 y sobre los \u00faltimos acontecimientos de violaci\u00f3n a los Derechos Humanos, <a href=\"http:\/\/www.nasaacin.org\/informativo-nasaacin\/nuestra-palabra-kueta-susuza-2013\/6679-cauca-minga-territorial-por-la-vida-y-la-paz-proyecto-nasa-y-guardia-ind%C3%ADgena\" target=\"_blank\" rel=\"noopener noreferrer\">la comunidad ha tomado la iniciativa de recorrer su territorio<\/a> para ver que tan militarizada estaba la zona y cu\u00e1l es el riesgo que causan los grupos armados a la comunidad.&nbsp;<\/div>\n<div> \t&nbsp;<\/div>\n<div> \tDesde el d\u00eda martes 11 del mes presente se recorri\u00f3 las veredas La Albania hasta llegar sobre la parte alta de la cordillera y luego se descender hasta donde est\u00e1 ubicado el ej\u00e9rcito en la vereda Chimicueto. Las autoridades, en reuni\u00f3n con &nbsp;la comunidad, argumentaron que la idea del &nbsp;recorrido no era confrontar con los militares sino observar en qu\u00e9 parte se encontraban ubicados cada uno de los actores armados. Los ni\u00f1os que acompa\u00f1aban el recorrido, llevaban carteleras con mensajes alusivos a la liberaci\u00f3n de la Madre Tierra, la paz, la armon\u00eda y autonom\u00eda.&nbsp;<\/div>\n<div> \t&nbsp;<\/div>\n<div> \tAl llegar a la escuela de Chamicueto, los guardias ind\u00edgenas y dem\u00e1s autoridades reunidos, nuevamente informaron que la mayor dificultad que se ha presentado es la presencia de algunos miliciano que intentan que se infiltran en la comunidad intentando pasar desapercibidos como civiles. Estos fueron detectados y &nbsp;retirados por la guardia ind\u00edgena ya que ponen en grave riesgo a la comunidad en los espacios colectivos propios como las asambleas o los os actos de paz en defensa de nuestros territorios.&nbsp;<\/div>\n<div> \t&nbsp;<\/div>\n<div> \tEl d\u00eda el d\u00eda mi\u00e9rcoles &nbsp;se continu\u00f3 con los recorridos desde la vereda Chimicueto, Huila y El Asomadero. Al cruzar encontramos un nuevo grupo del ej\u00e9rcito quienes hab\u00edan pedido un espacio de di\u00e1logo y debate a la comunidad. Esto no era parte del objetivo del recorrido por lo cual se les escuch\u00f3 por corto tiempo y se prosigui\u00f3 con el recorrido. El ej\u00e9rcito mostr\u00f3 unas carteleras donde estaba plasmado el art\u00edculo 216 de la constituci\u00f3n pol\u00edtica de 1991, &nbsp;donde se menciona que la fuerza p\u00fablica tiene como funcionalidad defender la soberan\u00eda &nbsp;del territorio nacional; argumento utilizado por estos para continuar con mas militarizaci\u00f3n &nbsp;en nuestro territorio &nbsp;y desconocer el derecho a la autodeterminaci\u00f3n, seg\u00fan ley de origen.<\/div>\n<div> \t&nbsp;<\/div>\n<div> \tOtras de las pancartas mencionan que respetan a la comunidad y &nbsp;los Derechos Humanos, que son un ej\u00e9rcito de paz que protege a la poblaci\u00f3n. &nbsp;Esas palabras est\u00e1n simplemente escritas porque parece ser que la &nbsp;guerra es contra los inocentes, que son los que han puesto m\u00e1s muerte que los mismos grupos armados en conflicto. Es importante &nbsp;resaltar que donde m\u00e1s militarizaci\u00f3n haya en las comunidades ind\u00edgenas habr\u00e1 m\u00e1s &nbsp;muertes &nbsp;de inocentes, ya se ha comprobado.&nbsp;<\/div>\n<div> \t&nbsp;<\/div>\n<div> \tNo se tiene en cuenta que en &nbsp;norte del Cauca, especialmente en las comunidades ind\u00edgena se puede hacer el control territorial con nuestros propios guardias ind\u00edgenas, evitando el p\u00e1nico, el terror por las armas y la muerte, sobre todo ejerciendo nuestra autonom\u00eda y cumpliendo con los mandatos de nuestros mayores.<\/div>\n<div> \t&nbsp;<\/div>\n<div> \tEn entrevista con radio Pa\u2019Yumat, el gobernador de Tacuey\u00f3 Floresmiro Noscue Silva nos cont\u00f3 que aproximadamente 1.500 personas recorrieron las veredas de San Diego, &nbsp;La Albania, Chimicueto, La Cruz, El Congo, La Playa, El Soto, Gallinazas, Buena Vista y La Laguna; con el objetivo de mostrarle a la &nbsp;fuerza p\u00fablica y a la guerrillas que este es nuestro territorio y que lo vamos a defender de manera pac\u00edfica. Otro objetivo importante es recuperar la libre movilidad de la comunidad por el territorio, que se ha visto truncada por la intromisi\u00f3n de ambos actores armados. &nbsp;<\/div>\n<div> \t&nbsp;<\/div>\n<div> \tPor otra parte, opin\u00f3 que mientras dos actores armados negocian la paz en la Habana Cuba en nuestros territorios no se ha visto &nbsp;ninguna iniciativa del cese al conflicto armado. Contrario a esto, se siguen presentando confrontaciones de las partes armadas en nuestras comunidades poniendo en riesgo la poblaci\u00f3n civil.&nbsp;<\/div>\n<div> \t&nbsp;<\/div>\n<div> \tEl recorrido territorial, que desde el pasado lunes se dio inicio en reguardo indigna de San Francisco y Torib\u00edo, &nbsp;culmin\u00f3 con una <a href=\"http:\/\/www.nasaacin.org\/comunicados-2013\/6691-tacuey%C3%B3-cauca-informe-derechos-humanos,-13-de-febrero-del-2014\" target=\"_blank\" rel=\"noopener noreferrer\">audiencia p\u00fablica el d\u00eda &nbsp;jueves 13 de febrero, en el centro poblado de Tacuey\u00f3<\/a> donde se denunciaron los diferentes hechos que acontecen en la comunidad ind\u00edgena. Entre estos, el atentado contra la directiva del cabildo ind\u00edgena de Tacuey\u00f3.<\/div>\n<div> \t&nbsp;<\/div>\n<div> \t<strong>Tejido de Comunicaci\u00f3n de Relaciones Externas para la Verdad y la Vida<\/strong><\/div>\n<div> \t&nbsp;<\/div>\n","protected":false},"excerpt":{"rendered":"<p>La comunidad ind\u00edgena de Tacuey\u00f3 realiz\u00f3 un recorrido por el territorio cuyo prop\u00f3sito fue hacer un an\u00e1lisis, junto con la comunidad, del contexto actual que vive la gente &nbsp;y determinar el nivel [&hellip;]<\/p>\n","protected":false},"author":2,"featured_media":7042,"comment_status":"open","ping_status":"open","sticky":false,"template":"","format":"standard","meta":[],"categories":[73],"tags":[],"_links":{"self":[{"href":"https:\/\/tejidohistorico.afrodescendientes.com\/index.php\/wp-json\/wp\/v2\/posts\/7043"}],"collection":[{"href":"https:\/\/tejidohistorico.afrodescendientes.com\/index.php\/wp-json\/wp\/v2\/posts"}],"about":[{"href":"https:\/\/tejidohistorico.afrodescendientes.com\/index.php\/wp-json\/wp\/v2\/types\/post"}],"author":[{"embeddable":true,"href":"https:\/\/tejidohistorico.afrodescendientes.com\/index.php\/wp-json\/wp\/v2\/users\/2"}],"replies":[{"embeddable":true,"href":"https:\/\/tejidohistorico.afrodescendientes.com\/index.php\/wp-json\/wp\/v2\/comments?post=7043"}],"version-history":[{"count":0,"href":"https:\/\/tejidohistorico.afrodescendientes.com\/index.php\/wp-json\/wp\/v2\/posts\/7043\/revisions"}],"wp:featuredmedia":[{"embeddable":true,"href":"https:\/\/tejidohistorico.afrodescendientes.com\/index.php\/wp-json\/wp\/v2\/media\/7042"}],"wp:attachment":[{"href":"https:\/\/tejidohistorico.afrodescendientes.com\/index.php\/wp-json\/wp\/v2\/media?parent=7043"}],"wp:term":[{"taxonomy":"category","embeddable":true,"href":"https:\/\/tejidohistorico.afrodescendientes.com\/index.php\/wp-json\/wp\/v2\/categories?post=7043"},{"taxonomy":"post_tag","embeddable":true,"href":"https:\/\/tejidohistorico.afrodescendientes.com\/index.php\/wp-json\/wp\/v2\/tags?post=7043"}],"curies":[{"name":"wp","href":"https:\/\/api.w.org\/{rel}","templated":true}]}}