{"id":721,"date":"2010-09-18T14:29:37","date_gmt":"2010-09-18T14:29:37","guid":{"rendered":"http:\/\/www2.nasaacin.org\/index.php\/2010\/09\/18\/minga-informativa-de-movimientos-sociales\/"},"modified":"2010-09-18T14:29:37","modified_gmt":"2010-09-18T14:29:37","slug":"minga-informativa-de-movimientos-sociales","status":"publish","type":"post","link":"https:\/\/tejidohistorico.afrodescendientes.com\/index.php\/2010\/09\/18\/minga-informativa-de-movimientos-sociales\/","title":{"rendered":"Minga Informativa de Movimientos Sociales"},"content":{"rendered":"<p style=\"text-align: justify;\"><strong><strong><strong><strong><strong><strong><strong><strong><strong><strong><strong><strong><strong><strong><strong><a href=\"http:\/\/www.movimientos.org\/\"><\/a><strong>La Minga Informativa de Movimientos Sociales es una iniciativa de  comunicaci\u00f3n impulsada por diversas redes y coordinaciones sociales de  Am\u00e9rica Latina y el Caribe, que se han planteado unir fuerzas y buscar  respuestas conjuntas en este plano, entendiendo que la comunicaci\u00f3n es  estrat\u00e9gica para la acci\u00f3n social.<br \/> Este portal es su voz en Internet y agrupa a los sitios Web de cada red o  coordinaci\u00f3n integrante, y de diversas Campa\u00f1as en las que participan.<br \/> <a href=\"http:\/\/www.movimientos.org\/\">Ir a la p\u00e1gina web&#8230;<\/a><\/strong><\/strong><\/strong><\/strong><\/strong><\/strong><\/strong><\/strong><\/strong><\/strong><\/strong><\/strong><\/strong><\/strong><\/strong><\/strong><\/p>\n","protected":false},"excerpt":{"rendered":"<p>La Minga Informativa de Movimientos Sociales es una iniciativa de comunicaci\u00f3n impulsada por diversas redes y coordinaciones sociales de Am\u00e9rica Latina y el Caribe, que se han planteado unir fuerzas y buscar [&hellip;]<\/p>\n","protected":false},"author":1,"featured_media":0,"comment_status":"open","ping_status":"open","sticky":false,"template":"","format":"standard","meta":[],"categories":[59],"tags":[],"_links":{"self":[{"href":"https:\/\/tejidohistorico.afrodescendientes.com\/index.php\/wp-json\/wp\/v2\/posts\/721"}],"collection":[{"href":"https:\/\/tejidohistorico.afrodescendientes.com\/index.php\/wp-json\/wp\/v2\/posts"}],"about":[{"href":"https:\/\/tejidohistorico.afrodescendientes.com\/index.php\/wp-json\/wp\/v2\/types\/post"}],"author":[{"embeddable":true,"href":"https:\/\/tejidohistorico.afrodescendientes.com\/index.php\/wp-json\/wp\/v2\/users\/1"}],"replies":[{"embeddable":true,"href":"https:\/\/tejidohistorico.afrodescendientes.com\/index.php\/wp-json\/wp\/v2\/comments?post=721"}],"version-history":[{"count":0,"href":"https:\/\/tejidohistorico.afrodescendientes.com\/index.php\/wp-json\/wp\/v2\/posts\/721\/revisions"}],"wp:attachment":[{"href":"https:\/\/tejidohistorico.afrodescendientes.com\/index.php\/wp-json\/wp\/v2\/media?parent=721"}],"wp:term":[{"taxonomy":"category","embeddable":true,"href":"https:\/\/tejidohistorico.afrodescendientes.com\/index.php\/wp-json\/wp\/v2\/categories?post=721"},{"taxonomy":"post_tag","embeddable":true,"href":"https:\/\/tejidohistorico.afrodescendientes.com\/index.php\/wp-json\/wp\/v2\/tags?post=721"}],"curies":[{"name":"wp","href":"https:\/\/api.w.org\/{rel}","templated":true}]}}