{"id":7417,"date":"2014-05-21T00:12:10","date_gmt":"2014-05-21T00:12:10","guid":{"rendered":"http:\/\/www2.nasaacin.org\/index.php\/2014\/05\/21\/denuncia-publica-cuatro-miembros-de-fensuagro-asesinados-en-ipiales-narino\/"},"modified":"2014-05-21T00:12:10","modified_gmt":"2014-05-21T00:12:10","slug":"denuncia-publica-cuatro-miembros-de-fensuagro-asesinados-en-ipiales-narino","status":"publish","type":"post","link":"https:\/\/tejidohistorico.afrodescendientes.com\/index.php\/2014\/05\/21\/denuncia-publica-cuatro-miembros-de-fensuagro-asesinados-en-ipiales-narino\/","title":{"rendered":"Denuncia p\u00fablica: Cuatro miembros de Fensuagro asesinados en Ipiales (Nari\u00f1o)"},"content":{"rendered":"<div> \tEl Movimiento de V\u00edctimas de Cr\u00edmenes de Estado (Movice) denuncia con dolor el asesinato de los cuatro j\u00f3venes; el ind\u00edgena Brayan Yatacue Secue, el afro descendiente Jos\u00e9 Yiner Esterilla, y los campesinos Jos\u00e9 Antonio Acanamejoy y Deivi L\u00f3pez Ortega, este \u00faltimo menor de edad. Todos son miembros de Fundaprogreso, filial de Fensuagro-CUT (Federaci\u00f3n Nacional Sindical Agropecuaria), organizaci\u00f3n integrante del Movice.<\/div>\n<p>  <!--more-->  <\/p>\n<div style=\"text-align: justify;\"> \t&nbsp;<\/div>\n<div style=\"text-align: justify;\"> \tLos cuatro se hallaron muertos, heridos por arma de fuego, despu\u00e9s de una serie de acciones militares irregulares contra la poblaci\u00f3n civil en el corregimiento Cofaina Jardines de Sucumb\u00edos por efectivos del Ej\u00e9rcito Nacional.<\/div>\n<div style=\"text-align: justify;\"> \t&nbsp;<\/div>\n<div style=\"text-align: justify;\"> \tReiteramos nuestro clamor social por un cese bilateral al fuego para frenar m\u00e1s muertes de j\u00f3venes colombianos. Expresamos nuestra solidaridad con las familias de los j\u00f3venes asesinados cruelmente por miembros del Ej\u00e9rcito Nacional.<\/div>\n<div style=\"text-align: justify;\"> \t&nbsp;<\/div>\n<div style=\"text-align: justify;\"> \t<strong>Hechos<\/strong><\/div>\n<div style=\"text-align: justify;\"> \t&nbsp;<\/div>\n<div style=\"text-align: justify;\"> \tEl d\u00eda 16 de mayo, los cuatro j\u00f3venes Deivi L\u00f3pez Ortega, Jos\u00e9 Antonio Acanamejoy, Brayan Yatacue Secue y Jos\u00e9 Yiner Esterilla, se reunieron en la casa del se\u00f1or Leonardo Obando, en el corregimiento Cofania Jardines de Sucumb\u00edos, para planear su participaci\u00f3n el d\u00eda s\u00e1bado 17 de mayo, en una actividad para celebrar el d\u00eda de las madres, en la escuela de la vereda Alto Amarradero. Dado la hora tarde cuando terminan la reuni\u00f3n, los amigos se quedan en la casa del se\u00f1or Obando.<\/div>\n<div style=\"text-align: justify;\"> \t&nbsp;<\/div>\n<div style=\"text-align: justify;\"> \tEl 17 de mayo 2014, cerca de la 1:30 A.M., en la vereda Alto Amarradero, corregimiento Cofania Jardines de Sucumb\u00edos, pobladores del lugar escucharon el sonido de helic\u00f3pteros que realizaban sobre vuelos en la zona, y luego desembarc\u00f3 un grupo de militares pertenecientes a la Brigada &nbsp;M\u00f3vil No. 13 y al Batall\u00f3n Energ\u00e9tico y Vial No 9 \u201cGeneral Jos\u00e9 Mar\u00eda Gait\u00e1n\u201d adscritos a la VI divisi\u00f3n del Ej\u00e9rcito Nacional.<\/div>\n<div style=\"text-align: justify;\"> \t&nbsp;<\/div>\n<div style=\"text-align: justify;\"> \tEl grupo de militares, en desarrollo de la &#8220;Operaci\u00f3n Militar N\u00e9mesis Mariscal Tres&#8221; realiz\u00f3 hostigamientos contra la poblaci\u00f3n civil, entre ellos ataques indiscriminados por aire y tierra, allanamientos irregulares de hogares, expulsi\u00f3n de sus hogares a civiles, agresiones f\u00edsicas y verbales, retenciones arbitrarias, amenazas y se\u00f1alamientos.<\/div>\n<div style=\"text-align: justify;\"> \t&nbsp;<\/div>\n<div style=\"text-align: justify;\"> \tA aproximadamente las 4:00 A.M., en inmediaciones del hogar del se\u00f1or Leonardo Obando, se escuch\u00f3 una explosi\u00f3n muy fuerte y unos disparos. Luego se escucharon voces y disparos de personas que llegaban al lugar y minutos m\u00e1s tarde un grupo de militares ingresaron a la fuerza a la casa del se\u00f1or Obando, en donde lo amenazaron al interior de su hogar con llev\u00e1rselo preso si no les permit\u00eda requisar el lugar.<\/div>\n<div style=\"text-align: justify;\"> \t&nbsp;<\/div>\n<div style=\"text-align: justify;\"> \tCuando el se\u00f1or Obando sali\u00f3 de su casa vio los cuerpos sin vida de los cuatro j\u00f3venes Deivi L\u00f3pez Ortega, Jos\u00e9 Antonio Acanamejoy, Brayan Yatacue Secue y Jos\u00e9 Yiner Esterilla, vestidos con la misma ropa con las que llegaron a la casa.<\/div>\n<div style=\"text-align: justify;\"> \t&nbsp;<\/div>\n<div style=\"text-align: justify;\"> \tLas Fuerzas Militares, han presentado estos muertos como guerrilleros de las FARC dados de baja en combate, alegaci\u00f3n que los testimonios de la comunidad y las organizaciones sociales desmienten.<\/div>\n<div style=\"text-align: justify;\"> \t&nbsp;<\/div>\n<div style=\"text-align: justify;\"> \t<strong>Contexto<\/strong><\/div>\n<div style=\"text-align: justify;\"> \t&nbsp;<\/div>\n<div style=\"text-align: justify;\"> \tEntre los otros hostigamientos contra la poblaci\u00f3n civil que se dieron el 17 de mayo se encuentran los siguientes:<\/div>\n<div style=\"text-align: justify;\"> \t&nbsp;<\/div>\n<div style=\"text-align: justify;\"> \tLos militares ingresan al hogar de la se\u00f1ora Mar\u00eda Dolores Acanamejoy donde la encontraban junto con la se\u00f1ora Rosa Elvira Acanamejoy, los se\u00f1ores Florentino Navia y Eduardo de Jesus y los ni\u00f1os Erika Marcela Navia (de 10 a\u00f1os de edad) y Johan Yancarlos Navia (de un a\u00f1o de edad). Los militares adem\u00e1s de intimidar y agredir verbalmente a los ni\u00f1os, mujeres y ancianos les exigieron a varios entregar sus tel\u00e9fonos celulares.<\/div>\n<div style=\"text-align: justify;\"> \t&nbsp;<\/div>\n<div style=\"text-align: justify;\"> \tSimult\u00e1neamente, otro grupo de militares ingres\u00f3 a la fuerza a otros hogares campesinos y de afrodescendientes y procedieron a maltratarlos f\u00edsica y verbalmente, luego de amenazarlos les exigieron entregar sus tel\u00e9fonos celulares y los obligaron a salir de sus viviendas.<\/div>\n<div style=\"text-align: justify;\"> \t&nbsp;<\/div>\n<div style=\"text-align: justify;\"> \tEl grupo de militares en ning\u00fan momento indican a los civiles agredidos una orden judicial para las requisas y allanamientos.<\/div>\n<div style=\"text-align: justify;\"> \t&nbsp;<\/div>\n<div style=\"text-align: justify;\"> \t<strong>Exigimos<\/strong><\/div>\n<div style=\"text-align: justify;\"> \t&nbsp;<\/div>\n<div style=\"text-align: justify;\"> \t-Que el gobierno nacional declare un cese al fuego bilateral, para poner fin a las atrocidades causadas por la continuaci\u00f3n del conflicto armado y la violencia socio pol\u00edtica.<\/div>\n<div style=\"text-align: justify;\"> \t&nbsp;<\/div>\n<div style=\"text-align: justify;\"> \t-Que las autoridades competentes realicen una investigaci\u00f3n exhaustiva y seria para establecer los hechos, e identificar y sancionar a los responsables.<\/div>\n<div style=\"text-align: justify;\"> \t&nbsp;<\/div>\n<div style=\"text-align: justify;\"> \t-Que la comunidad nacional e internacional se pronuncie a favor del Derecho Internacional Humanitario, por la protecci\u00f3n de los civiles en medio del conflicto armado, y para asegurar que se realice una investigaci\u00f3n seria y real de los hechos.<\/div>\n<div style=\"text-align: justify;\"> \t&nbsp;<\/div>\n<div style=\"text-align: justify;\"> \tMovimiento de V\u00edctimas de Cr\u00edmenes de Estado (Movice)<\/div>\n<div style=\"text-align: justify;\"> \t&nbsp;<\/div>\n<div style=\"text-align: justify;\"> \t19 de mayo de 2014<\/div>\n","protected":false},"excerpt":{"rendered":"<p>El Movimiento de V\u00edctimas de Cr\u00edmenes de Estado (Movice) denuncia con dolor el asesinato de los cuatro j\u00f3venes; el ind\u00edgena Brayan Yatacue Secue, el afro descendiente Jos\u00e9 Yiner Esterilla, y los campesinos [&hellip;]<\/p>\n","protected":false},"author":4,"featured_media":0,"comment_status":"open","ping_status":"open","sticky":false,"template":"","format":"standard","meta":[],"categories":[61],"tags":[],"_links":{"self":[{"href":"https:\/\/tejidohistorico.afrodescendientes.com\/index.php\/wp-json\/wp\/v2\/posts\/7417"}],"collection":[{"href":"https:\/\/tejidohistorico.afrodescendientes.com\/index.php\/wp-json\/wp\/v2\/posts"}],"about":[{"href":"https:\/\/tejidohistorico.afrodescendientes.com\/index.php\/wp-json\/wp\/v2\/types\/post"}],"author":[{"embeddable":true,"href":"https:\/\/tejidohistorico.afrodescendientes.com\/index.php\/wp-json\/wp\/v2\/users\/4"}],"replies":[{"embeddable":true,"href":"https:\/\/tejidohistorico.afrodescendientes.com\/index.php\/wp-json\/wp\/v2\/comments?post=7417"}],"version-history":[{"count":0,"href":"https:\/\/tejidohistorico.afrodescendientes.com\/index.php\/wp-json\/wp\/v2\/posts\/7417\/revisions"}],"wp:attachment":[{"href":"https:\/\/tejidohistorico.afrodescendientes.com\/index.php\/wp-json\/wp\/v2\/media?parent=7417"}],"wp:term":[{"taxonomy":"category","embeddable":true,"href":"https:\/\/tejidohistorico.afrodescendientes.com\/index.php\/wp-json\/wp\/v2\/categories?post=7417"},{"taxonomy":"post_tag","embeddable":true,"href":"https:\/\/tejidohistorico.afrodescendientes.com\/index.php\/wp-json\/wp\/v2\/tags?post=7417"}],"curies":[{"name":"wp","href":"https:\/\/api.w.org\/{rel}","templated":true}]}}