{"id":742,"date":"2010-09-21T20:31:34","date_gmt":"2010-09-21T20:31:34","guid":{"rendered":"http:\/\/www2.nasaacin.org\/index.php\/2010\/09\/21\/graves-amenazas-contra-la-vida-del-presidente-de-la-cut-valle-y-defensores-de-derechos-humanos-por-parte-de-la-policia-nacional119\/"},"modified":"2010-09-21T20:31:34","modified_gmt":"2010-09-21T20:31:34","slug":"graves-amenazas-contra-la-vida-del-presidente-de-la-cut-valle-y-defensores-de-derechos-humanos-por-parte-de-la-policia-nacional119","status":"publish","type":"post","link":"https:\/\/tejidohistorico.afrodescendientes.com\/index.php\/2010\/09\/21\/graves-amenazas-contra-la-vida-del-presidente-de-la-cut-valle-y-defensores-de-derechos-humanos-por-parte-de-la-policia-nacional119\/","title":{"rendered":"Graves amenazas contra la vida del presidente de la CUT valle y defensores de derechos humanos por parte de la polic\u00eda nacional"},"content":{"rendered":"<p>La Central Unitaria de Trabajadores CUT Valle del Cauca, ha sido nuevamente amenazada e intimidada, esta vez fue el presidente de nuestra Subdirectiva quien fue objeto de persecuci\u00f3n y amenazas por miembros de la fuerza p\u00fablica incluido el propio Teniente Coronel JAIRO GUTI\u00c9RREZ GARC\u00cdA, comandante operativo de la polic\u00eda metropolitana de Cali, quien de manera directa ha arremetido contra el compa\u00f1ero en varias ocasiones.<\/p>\n<p>\u00a0<\/p>\n","protected":false},"excerpt":{"rendered":"<p>La Central Unitaria de Trabajadores CUT Valle del Cauca, ha sido nuevamente amenazada e intimidada, esta vez fue el presidente de nuestra Subdirectiva quien fue objeto de persecuci\u00f3n y amenazas por miembros [&hellip;]<\/p>\n","protected":false},"author":2,"featured_media":0,"comment_status":"open","ping_status":"open","sticky":false,"template":"","format":"standard","meta":[],"categories":[61],"tags":[],"_links":{"self":[{"href":"https:\/\/tejidohistorico.afrodescendientes.com\/index.php\/wp-json\/wp\/v2\/posts\/742"}],"collection":[{"href":"https:\/\/tejidohistorico.afrodescendientes.com\/index.php\/wp-json\/wp\/v2\/posts"}],"about":[{"href":"https:\/\/tejidohistorico.afrodescendientes.com\/index.php\/wp-json\/wp\/v2\/types\/post"}],"author":[{"embeddable":true,"href":"https:\/\/tejidohistorico.afrodescendientes.com\/index.php\/wp-json\/wp\/v2\/users\/2"}],"replies":[{"embeddable":true,"href":"https:\/\/tejidohistorico.afrodescendientes.com\/index.php\/wp-json\/wp\/v2\/comments?post=742"}],"version-history":[{"count":0,"href":"https:\/\/tejidohistorico.afrodescendientes.com\/index.php\/wp-json\/wp\/v2\/posts\/742\/revisions"}],"wp:attachment":[{"href":"https:\/\/tejidohistorico.afrodescendientes.com\/index.php\/wp-json\/wp\/v2\/media?parent=742"}],"wp:term":[{"taxonomy":"category","embeddable":true,"href":"https:\/\/tejidohistorico.afrodescendientes.com\/index.php\/wp-json\/wp\/v2\/categories?post=742"},{"taxonomy":"post_tag","embeddable":true,"href":"https:\/\/tejidohistorico.afrodescendientes.com\/index.php\/wp-json\/wp\/v2\/tags?post=742"}],"curies":[{"name":"wp","href":"https:\/\/api.w.org\/{rel}","templated":true}]}}