{"id":7523,"date":"2014-06-29T17:44:30","date_gmt":"2014-06-29T17:44:30","guid":{"rendered":"http:\/\/www2.nasaacin.org\/index.php\/2014\/06\/29\/murio-lucely-angulo-campaz-joven-de-la-escuela-de-paz-de-cococauca\/"},"modified":"2014-06-29T17:44:30","modified_gmt":"2014-06-29T17:44:30","slug":"murio-lucely-angulo-campaz-joven-de-la-escuela-de-paz-de-cococauca","status":"publish","type":"post","link":"https:\/\/tejidohistorico.afrodescendientes.com\/index.php\/2014\/06\/29\/murio-lucely-angulo-campaz-joven-de-la-escuela-de-paz-de-cococauca\/","title":{"rendered":"Muri\u00f3 Lucely Angulo Campaz. j\u00f3ven de la Escuela de Paz de COCOCAUCA"},"content":{"rendered":"<\/p>\n<div> \tLa compa\u00f1era LUCELY ANGULO CAMPAZ joven mujer de 27 a\u00f1os de&nbsp;edad y de la Escuela de Paz de COCOCAUCA, viv\u00eda en la comunidad de&nbsp;Botija (Consejos comunitarios de Mamuncia e Integraci\u00f3n) y muri\u00f3 el&nbsp;viernes 19 de junio de 2014 en el municipio, ante la insuficiente atenci\u00f3n&nbsp;del servicio de salud integral y de forma espec\u00edfica para la atenci\u00f3n a&nbsp;mujeres en embarazo.&nbsp;<\/div>\n<p>  <!--more-->  <\/p>\n<div> \t&nbsp;<\/div>\n<div> \tEs muy lamentable que tanto ella como la bebe hayan perdido la vida,&nbsp;porque el sistema de salud del municipio de L\u00f3pez de Micay (costa pac\u00edfica&nbsp;de Cauca) es solo de primer nivel, adem\u00e1s solo existe 1 m\u00e9dico para&nbsp;atender el municipio de 27.500 habitantes, y cuando el galeno sale por&nbsp;alguna raz\u00f3n, el municipio queda sin atenci\u00f3n de m\u00e9dico.&nbsp;<\/div>\n<div> \t&nbsp;<\/div>\n<div> \tEs la situaci\u00f3n de marginalidad hist\u00f3rica en la cual se encuentra nuestra&nbsp;costa pac\u00edfica, cuyas necesidades b\u00e1sicas insatisfechas est\u00e1n del orden&nbsp;del 97.5% de acuerdo al censo DANE 2005.&nbsp;<\/div>\n<div> \t&nbsp;<\/div>\n<div> \tNosotros tenemos claro que la construcci\u00f3n de la paz tambi\u00e9n se consigue&nbsp;con inversi\u00f3n social hacia un mejor vivir, por eso esperamos que nuestra&nbsp;regi\u00f3n sea atendida de forma preferencial en contextos actuales y del post&nbsp;conflicto armado.&nbsp;<\/div>\n<div> \t&nbsp;<\/div>\n<div> \tA nuestra compa\u00f1era LUCELY le decimos que seguir\u00e1 en nuestros&nbsp;corazones por siempre, y toda la Regional COCOCAUCA se siente de luto&nbsp;con su partida, paz en su tumba y Q.E.P.D.<\/div>\n<div> \t&nbsp;<\/div>\n<div> \tGuapi \u2013 Cauca, 23 de junio de 2014&nbsp;<\/div>\n<div> \tRegional COCOCAUCA<\/div>\n<div> \thttp:\/\/cococauca.org\/2014\/06\/26\/murio-lucely-angulo-campaz-joven-de-la-escuela-de-paz-de-cococauca\/<\/div>\n","protected":false},"excerpt":{"rendered":"<p>La compa\u00f1era LUCELY ANGULO CAMPAZ joven mujer de 27 a\u00f1os de&nbsp;edad y de la Escuela de Paz de COCOCAUCA, viv\u00eda en la comunidad de&nbsp;Botija (Consejos comunitarios de Mamuncia e Integraci\u00f3n) y muri\u00f3 [&hellip;]<\/p>\n","protected":false},"author":2,"featured_media":0,"comment_status":"open","ping_status":"open","sticky":false,"template":"","format":"standard","meta":[],"categories":[61],"tags":[],"_links":{"self":[{"href":"https:\/\/tejidohistorico.afrodescendientes.com\/index.php\/wp-json\/wp\/v2\/posts\/7523"}],"collection":[{"href":"https:\/\/tejidohistorico.afrodescendientes.com\/index.php\/wp-json\/wp\/v2\/posts"}],"about":[{"href":"https:\/\/tejidohistorico.afrodescendientes.com\/index.php\/wp-json\/wp\/v2\/types\/post"}],"author":[{"embeddable":true,"href":"https:\/\/tejidohistorico.afrodescendientes.com\/index.php\/wp-json\/wp\/v2\/users\/2"}],"replies":[{"embeddable":true,"href":"https:\/\/tejidohistorico.afrodescendientes.com\/index.php\/wp-json\/wp\/v2\/comments?post=7523"}],"version-history":[{"count":0,"href":"https:\/\/tejidohistorico.afrodescendientes.com\/index.php\/wp-json\/wp\/v2\/posts\/7523\/revisions"}],"wp:attachment":[{"href":"https:\/\/tejidohistorico.afrodescendientes.com\/index.php\/wp-json\/wp\/v2\/media?parent=7523"}],"wp:term":[{"taxonomy":"category","embeddable":true,"href":"https:\/\/tejidohistorico.afrodescendientes.com\/index.php\/wp-json\/wp\/v2\/categories?post=7523"},{"taxonomy":"post_tag","embeddable":true,"href":"https:\/\/tejidohistorico.afrodescendientes.com\/index.php\/wp-json\/wp\/v2\/tags?post=7523"}],"curies":[{"name":"wp","href":"https:\/\/api.w.org\/{rel}","templated":true}]}}