{"id":7524,"date":"2014-06-29T17:47:41","date_gmt":"2014-06-29T17:47:41","guid":{"rendered":"http:\/\/www2.nasaacin.org\/index.php\/2014\/06\/29\/atentado-contra-ejecutivo-nacional-de-la-cut\/"},"modified":"2014-06-29T17:47:41","modified_gmt":"2014-06-29T17:47:41","slug":"atentado-contra-ejecutivo-nacional-de-la-cut","status":"publish","type":"post","link":"https:\/\/tejidohistorico.afrodescendientes.com\/index.php\/2014\/06\/29\/atentado-contra-ejecutivo-nacional-de-la-cut\/","title":{"rendered":"Atentado contra Ejecutivo Nacional de la CUT"},"content":{"rendered":"<div> \tSinaltrainal condena el atentado de que fue v\u00edctima el miembro del comit\u00e9 ejecutivo nacional de la Central Unitaria de Trabajadores de Colombia \u201cCUT\u201d \u00c1lvaro Jos\u00e9 Vega Caicedo. \u00c1lvaro Vega es afiliado a Sinaltrainal.<\/div>\n<p>  <!--more-->  <\/p>\n<div> \t&nbsp;<\/div>\n<div> \tLos hechos ocurrieron a las 9.30 a.m. del 26 de junio de 2014 en la Ciudad de Cali, en la calle quinta cerca al hospital departamental, \u201cotro veh\u00edculo lo intercepto y al reaccionar le arrojaron una sustancia que le caus\u00f3 quemaduras de primer grado en su rostro, t\u00f3rax y brazo\u201d.&nbsp;<\/div>\n<div> \t&nbsp;<\/div>\n<div> \tEste es nuevo atentado contra el movimiento sindical en Colombia, por lo que exigimos al gobierno nacional se investiguen los hechos, se condene a los responsables materiales e intelectuales y se garantice la vida y la seguridad de \u00c1lvaro Vega y dem\u00e1s integrantes del movimiento sindical en Colombia.<\/div>\n<div> \t&nbsp;<\/div>\n<div> \t<strong>Direcci\u00f3n Nacional de Sinaltrainal<\/strong><\/div>\n<div> \thttp:\/\/cut.org.co\/atentado-contra-ejecutivo-de-la-cut-nacional\/<\/div>\n<div> \t&nbsp;<\/div>\n","protected":false},"excerpt":{"rendered":"<p>Sinaltrainal condena el atentado de que fue v\u00edctima el miembro del comit\u00e9 ejecutivo nacional de la Central Unitaria de Trabajadores de Colombia \u201cCUT\u201d \u00c1lvaro Jos\u00e9 Vega Caicedo. \u00c1lvaro Vega es afiliado a [&hellip;]<\/p>\n","protected":false},"author":2,"featured_media":0,"comment_status":"open","ping_status":"open","sticky":false,"template":"","format":"standard","meta":[],"categories":[61],"tags":[],"_links":{"self":[{"href":"https:\/\/tejidohistorico.afrodescendientes.com\/index.php\/wp-json\/wp\/v2\/posts\/7524"}],"collection":[{"href":"https:\/\/tejidohistorico.afrodescendientes.com\/index.php\/wp-json\/wp\/v2\/posts"}],"about":[{"href":"https:\/\/tejidohistorico.afrodescendientes.com\/index.php\/wp-json\/wp\/v2\/types\/post"}],"author":[{"embeddable":true,"href":"https:\/\/tejidohistorico.afrodescendientes.com\/index.php\/wp-json\/wp\/v2\/users\/2"}],"replies":[{"embeddable":true,"href":"https:\/\/tejidohistorico.afrodescendientes.com\/index.php\/wp-json\/wp\/v2\/comments?post=7524"}],"version-history":[{"count":0,"href":"https:\/\/tejidohistorico.afrodescendientes.com\/index.php\/wp-json\/wp\/v2\/posts\/7524\/revisions"}],"wp:attachment":[{"href":"https:\/\/tejidohistorico.afrodescendientes.com\/index.php\/wp-json\/wp\/v2\/media?parent=7524"}],"wp:term":[{"taxonomy":"category","embeddable":true,"href":"https:\/\/tejidohistorico.afrodescendientes.com\/index.php\/wp-json\/wp\/v2\/categories?post=7524"},{"taxonomy":"post_tag","embeddable":true,"href":"https:\/\/tejidohistorico.afrodescendientes.com\/index.php\/wp-json\/wp\/v2\/tags?post=7524"}],"curies":[{"name":"wp","href":"https:\/\/api.w.org\/{rel}","templated":true}]}}