{"id":767,"date":"2010-09-27T22:52:00","date_gmt":"2010-09-27T22:52:00","guid":{"rendered":"http:\/\/www2.nasaacin.org\/index.php\/2010\/09\/27\/disparan-contra-afiliado-de-asogras-en-sabana-de-torres-en-la-finca-el-silencio-en-la-vereda-de-provincia\/"},"modified":"2010-09-27T22:52:00","modified_gmt":"2010-09-27T22:52:00","slug":"disparan-contra-afiliado-de-asogras-en-sabana-de-torres-en-la-finca-el-silencio-en-la-vereda-de-provincia","status":"publish","type":"post","link":"https:\/\/tejidohistorico.afrodescendientes.com\/index.php\/2010\/09\/27\/disparan-contra-afiliado-de-asogras-en-sabana-de-torres-en-la-finca-el-silencio-en-la-vereda-de-provincia\/","title":{"rendered":"Disparan contra afiliado de asogras en  Sabana de Torres  en  la finca el silencio en la vereda de provincia"},"content":{"rendered":"<p>En horas de la noche cuando el compa\u00f1ero ERNESTO ROMERO se desplazaba de la parcela del se\u00f1or GUSTAVO QUINTERO\u00a0 a su lugar de residencia fue abordado por el se\u00f1or JAIMES MENDIETA y otros sujetos los cuales le dispararon en dos ocasiones contra su integridad f\u00edsica y de lo cual afortunadamente no lo lograron impactar el compa\u00f1ero&#8230;<\/p>\n","protected":false},"excerpt":{"rendered":"<p>En horas de la noche cuando el compa\u00f1ero ERNESTO ROMERO se desplazaba de la parcela del se\u00f1or GUSTAVO QUINTERO\u00a0 a su lugar de residencia fue abordado por el se\u00f1or JAIMES MENDIETA y [&hellip;]<\/p>\n","protected":false},"author":2,"featured_media":0,"comment_status":"open","ping_status":"open","sticky":false,"template":"","format":"standard","meta":[],"categories":[61],"tags":[],"_links":{"self":[{"href":"https:\/\/tejidohistorico.afrodescendientes.com\/index.php\/wp-json\/wp\/v2\/posts\/767"}],"collection":[{"href":"https:\/\/tejidohistorico.afrodescendientes.com\/index.php\/wp-json\/wp\/v2\/posts"}],"about":[{"href":"https:\/\/tejidohistorico.afrodescendientes.com\/index.php\/wp-json\/wp\/v2\/types\/post"}],"author":[{"embeddable":true,"href":"https:\/\/tejidohistorico.afrodescendientes.com\/index.php\/wp-json\/wp\/v2\/users\/2"}],"replies":[{"embeddable":true,"href":"https:\/\/tejidohistorico.afrodescendientes.com\/index.php\/wp-json\/wp\/v2\/comments?post=767"}],"version-history":[{"count":0,"href":"https:\/\/tejidohistorico.afrodescendientes.com\/index.php\/wp-json\/wp\/v2\/posts\/767\/revisions"}],"wp:attachment":[{"href":"https:\/\/tejidohistorico.afrodescendientes.com\/index.php\/wp-json\/wp\/v2\/media?parent=767"}],"wp:term":[{"taxonomy":"category","embeddable":true,"href":"https:\/\/tejidohistorico.afrodescendientes.com\/index.php\/wp-json\/wp\/v2\/categories?post=767"},{"taxonomy":"post_tag","embeddable":true,"href":"https:\/\/tejidohistorico.afrodescendientes.com\/index.php\/wp-json\/wp\/v2\/tags?post=767"}],"curies":[{"name":"wp","href":"https:\/\/api.w.org\/{rel}","templated":true}]}}