{"id":7696,"date":"2014-09-04T18:52:49","date_gmt":"2014-09-04T18:52:49","guid":{"rendered":"http:\/\/www2.nasaacin.org\/index.php\/2014\/09\/04\/campesinos-del-putumayo-continuan-en-el-dialogo\/"},"modified":"2014-09-04T18:52:49","modified_gmt":"2014-09-04T18:52:49","slug":"campesinos-del-putumayo-continuan-en-el-dialogo","status":"publish","type":"post","link":"https:\/\/tejidohistorico.afrodescendientes.com\/index.php\/2014\/09\/04\/campesinos-del-putumayo-continuan-en-el-dialogo\/","title":{"rendered":"Campesinos del Putumayo contin\u00faan en el dialogo"},"content":{"rendered":"<div> \tLos campesinos del Putumayo continuaran con los di\u00e1logos con el Gobierno Nacional a pesar de las dificultades registradas en las \u00faltimas horas cuando uno de sus lideres fue detenido por las autoridades por el supuesto delito de subversi\u00f3n y terrorismo.<\/div>\n<div> \t&nbsp;<\/div>\n<p>  <!--more-->  <\/p>\n<div> \t&nbsp;<\/div>\n<div> \tYules Anzueta, vocero de la mesa departamental campesina, se\u00f1ala que con la venida del ministro del Interior Juan Fernando Cristo, el pr\u00f3ximo viernes a Puerto As\u00eds, se pueden lograr significativos avances en la lucha social que los campesinos y comunidades ind\u00edgenas vienen adelantando desde el a\u00f10 1.996 sin que hasta la fecha el Gobierno Nacional le haya dado soluci\u00f3n.<\/div>\n<div> \t&nbsp;<\/div>\n<div> \tSeg\u00fan el l\u00edder campesino Anzueta, indica que el campesino del Putumayo una vez m\u00e1s ha sido estigmatizado, mediante los montajes judiciales que han sido victima algunos lideres que hoy se encuentran presos en la c\u00e1rcel de Mocoa, y otros m\u00e1s con ordenes de capturas con esto queda demostrado que desde el Gobierno Nacional en cabeza del ej\u00e9rcito y fiscal\u00eda no quieren dialogar, saboteando los intentos de acercamiento.<\/div>\n<div> \t&nbsp;<\/div>\n<div> \tA pesar de esta situaci\u00f3n manifest\u00f3 que ellos manifiestan estar abiertos al dialogo, igualmente han indicado que como sindicalistas, campesinos, ind\u00edgenas y afrodescendientes del Putumayo, aspiran obtener una respuesta positiva a las justas reivindicaciones que por m\u00e1s de 18 a\u00f1os han venido insistiendo como comunidades organizadas, gobierno tras gobierno.<\/div>\n<div> \t&nbsp;<\/div>\n<div> \tHizo una Invitaci\u00f3n al tiempo que agradeci\u00f3 a todas las fuerzas vivas e instituciones del departamento que &nbsp;se han pronunciado en diferentes comunicados u opiniones en los medios de comunicaci\u00f3n, respecto a respaldar estas justas luchas.<\/div>\n<div> \t&nbsp;<\/div>\n<div> \tEn consenso la Mesa de Organizaciones Sociales; ha definido que las organizaciones, comunidades desde cada una de sus iniciativas definir\u00e1n la din\u00e1mica y propuestas de bloqueo vial y dependiendo de los resultado de los primeros dialogos con el gobierno este viernes 5 de septiembre.<\/div>\n<div> \t&nbsp;<\/div>\n<div> \tAdviertieron que para iniciar as conversaciones con el ministro del Interior solicitan el retiro de inmediato el Esmad que est\u00e1 asentado en la zona de la Carmelita del Corredor Puerto Vega Teteye, una vez confirmado este punto, se iniciara la discusi\u00f3n de la agenda propuesta &nbsp;de las comunidades.<\/div>\n<div> \t&nbsp;<\/div>\n<div> \tLo que piden los campesinos<\/div>\n<div> \t&nbsp;<\/div>\n<div> \tSuspensi\u00f3n inmediata de la fumigaci\u00f3n con glifosato por un plazo de dos meses y retiro inmediato de los erradicadores asentados en algunos municipios.<\/div>\n<div> \t&nbsp;<\/div>\n<div> \tPronunciamiento inmediato del &nbsp;ANLA sobre el recurso de reposici\u00f3n respecto de a la Licencias Global Ambientales para la explotaci\u00f3n petrolera en el Corredor Puerto Vega Teteye y detener la expansi\u00f3n petrolera hasta tanto no se revisen los proyectos de otorgaci\u00f3n minera en el departamento y las condiciones de mitigaci\u00f3n ambiental en que se est\u00e1 haciendo la explotaci\u00f3n petrolera con &nbsp;las licencias otorgadas.<\/div>\n<div> \t&nbsp;<\/div>\n<div> \tMediar para que la fuerza p\u00fablica no haga m\u00e1s se\u00f1alamiento, y &nbsp;estigmatizaci\u00f3n de los l\u00edderes de la mesa, detener las judicializaciones a los miembros de procesos organizativos de la regi\u00f3n y revisar los procesos judiciales de los compa\u00f1eros presos por razones pol\u00edticas.<\/div>\n<div> \t&nbsp;<\/div>\n<div> \tRealizaci\u00f3n de agenda para la revisi\u00f3n &nbsp;y cumplimiento de compromisos firmados desde el a\u00f1o de 1996, que se traduce en m\u00e1s de 30 acuerdos incumplidos.<\/div>\n<div> \t&nbsp;<\/div>\n<div> \tHacer la inversi\u00f3n social solicitada por las comunidades en educaci\u00f3n, salud, vivienda entre otras<\/div>\n<div> \t&nbsp;<\/div>\n<p> \t&nbsp;<\/p>\n<div> \tQue se instale y defina un cronograma acorde a la metodolog\u00eda que se adoptara sobre las 6 mesas propuestas por la Mesa de Organizaciones Sociales en concertaci\u00f3n con el gobierno nacional.<\/div>\n<div> \t&nbsp;<\/div>\n<div> \tTambi\u00e9n Insisten en hacer una llamado de solidaridad, pronunciamientos p\u00fablicos v\u00eda comunicados y acompa\u00f1amiento a las empresas de transportadores, comerciantes y diversas &nbsp;instituciones &nbsp;del departamento para que acompa\u00f1en esta justa lucha por la defensa del agua, la vida y el territorio.<\/div>\n<div> \t&nbsp;<\/div>\n<div> \tPor : <strong>Germ\u00e1n Arenas Usme<\/strong><\/div>\n<div> \thttp:\/\/miputumayo.com.co\/2014\/09\/03\/campesinos-del-putumayo-continuan-en-el-dialogo\/<\/div>\n<div> \t&nbsp;<\/div>\n<div>\n<div> \t\t<span style=\"color:#b22222;\"><span style=\"font-size:14px;\"><strong>Estigmatizaci\u00f3n a campesinos participantes en Paro c\u00edvico de Putumayo<\/strong><\/span><\/span><\/div>\n<div> \t\tAtendiendo el llamado del gobierno nacional y manteniendo nuestra disposici\u00f3n al di\u00e1logo fue una vez m\u00e1s frustrado el prop\u00f3sito en buscar alternativas de di\u00e1logo y concertaci\u00f3n para las soluciones prontas a la grave Crisis del Departamento; Siendo aproximadamente las 7 de la noche, el d\u00eda de ayer lunes primero de septiembre, en momentos en que la delegaci\u00f3n de 25 dirigentes de la mesa, se dirig\u00eda en un bus, v\u00eda terrestre hacia a Bogot\u00e1&#8230;.<\/div>\n<div> \t\t<a href=\"http:\/\/justiciaypazcolombia.com\/Estigmatizacion-a-campesinos\" target=\"_blank\" rel=\"noopener noreferrer\">http:\/\/justiciaypazcolombia.com\/Estigmatizacion-a-campesinos<\/a><\/div>\n<\/p><\/div>\n<div> \t&nbsp;<\/div>\n","protected":false},"excerpt":{"rendered":"<p>Los campesinos del Putumayo continuaran con los di\u00e1logos con el Gobierno Nacional a pesar de las dificultades registradas en las \u00faltimas horas cuando uno de sus lideres fue detenido por las autoridades [&hellip;]<\/p>\n","protected":false},"author":2,"featured_media":0,"comment_status":"open","ping_status":"open","sticky":false,"template":"","format":"standard","meta":[],"categories":[75],"tags":[],"_links":{"self":[{"href":"https:\/\/tejidohistorico.afrodescendientes.com\/index.php\/wp-json\/wp\/v2\/posts\/7696"}],"collection":[{"href":"https:\/\/tejidohistorico.afrodescendientes.com\/index.php\/wp-json\/wp\/v2\/posts"}],"about":[{"href":"https:\/\/tejidohistorico.afrodescendientes.com\/index.php\/wp-json\/wp\/v2\/types\/post"}],"author":[{"embeddable":true,"href":"https:\/\/tejidohistorico.afrodescendientes.com\/index.php\/wp-json\/wp\/v2\/users\/2"}],"replies":[{"embeddable":true,"href":"https:\/\/tejidohistorico.afrodescendientes.com\/index.php\/wp-json\/wp\/v2\/comments?post=7696"}],"version-history":[{"count":0,"href":"https:\/\/tejidohistorico.afrodescendientes.com\/index.php\/wp-json\/wp\/v2\/posts\/7696\/revisions"}],"wp:attachment":[{"href":"https:\/\/tejidohistorico.afrodescendientes.com\/index.php\/wp-json\/wp\/v2\/media?parent=7696"}],"wp:term":[{"taxonomy":"category","embeddable":true,"href":"https:\/\/tejidohistorico.afrodescendientes.com\/index.php\/wp-json\/wp\/v2\/categories?post=7696"},{"taxonomy":"post_tag","embeddable":true,"href":"https:\/\/tejidohistorico.afrodescendientes.com\/index.php\/wp-json\/wp\/v2\/tags?post=7696"}],"curies":[{"name":"wp","href":"https:\/\/api.w.org\/{rel}","templated":true}]}}