{"id":7702,"date":"2014-09-10T20:39:30","date_gmt":"2014-09-10T20:39:30","guid":{"rendered":"http:\/\/www2.nasaacin.org\/index.php\/2014\/09\/10\/taller-internacional-audiovisual-indigena-en-ngulumapu\/"},"modified":"2014-09-10T20:39:30","modified_gmt":"2014-09-10T20:39:30","slug":"taller-internacional-audiovisual-indigena-en-ngulumapu","status":"publish","type":"post","link":"https:\/\/tejidohistorico.afrodescendientes.com\/index.php\/2014\/09\/10\/taller-internacional-audiovisual-indigena-en-ngulumapu\/","title":{"rendered":"\u201cTaller Internacional Audiovisual Ind\u00edgena en Ngulumapu\u201d"},"content":{"rendered":"<div> \tSe ampl\u00eda el plazo de postulaci\u00f3n.Hasta el 29 de septiembre del 2014 se extiende el plazo de postulaci\u00f3n al Taller Internacional de Audiovisual Ind\u00edgena (TIAI), evento que se llevar\u00e1 a cabo del 12 al 21 de noviembre de este a\u00f1o en Gulumapu, (Regi\u00f3n de la Araucan\u00eda, Chile) y que ofrece un total de 25 becas completas para ind\u00edgenas de Gulumapu, Puelmapu (Argentina) y Abya Yala (Am\u00e9rica Latina).<\/div>\n<div> \t&nbsp;<\/div>\n<p>  <!--more-->  <\/p>\n<div> \t&nbsp;<\/div>\n<div> \t&nbsp;<\/div>\n<div style=\"text-align: center;\"> \t<strong>CONVOCATORIA<\/strong><\/div>\n<div style=\"text-align: center;\"> \t<strong>Taller Internacional de Audiovisual Ind\u00edgena<\/strong><\/div>\n<div style=\"text-align: center;\"> \t<strong>Minga de Saberes por la Comunicaci\u00f3n Ind\u00edgena &#8211; CLACPI<\/strong><\/div>\n<div> \t&nbsp;<\/div>\n<div> \tRegi\u00f3n de la Araucan\u00eda &#8211; Gulumapu (Chile): del 12 &nbsp;al 21 &nbsp;de noviembre de 2014<\/div>\n<div> \t&nbsp;<\/div>\n<div> \tPostulaciones del 9 al 22 de septiembre.<\/div>\n<div> \t&nbsp;<\/div>\n<div> \tDesde su formaci\u00f3n en 1985, la Coordinadora Latinoamericana de Cine y Comunicaci\u00f3n de los Pueblos Ind\u00edgenas, CLACPI, viene impulsando distintos espacios de formaci\u00f3n audiovisual para comunicadores ind\u00edgenas, en conjunto con otras redes, colectivos, compa\u00f1eras y compa\u00f1eros de Am\u00e9rica Latina. A partir de esta experiencia, surge la necesidad de una \u201cMinga de Saberes por la Comunicaci\u00f3n Ind\u00edgena\u201d que permita articular el trabajo colectivo, en torno a las formas de aprendizaje y ense\u00f1anza propias de los y las comunicadoras ind\u00edgenas de la regi\u00f3n.<\/div>\n<div> \t&nbsp;<\/div>\n<div> \tEn el marco de esta minga que se encuentra en constante proceso de construcci\u00f3n, convocamos al Taller Audiovisual Ind\u00edgena que se realizar\u00e1 en la Regi\u00f3n de la Araucan\u00eda, Chile, entre el 12 y 21 de noviembre de 2014, coincidiendo con el lanzamiento del XII Festival Internacional de Cine y Video de los Pueblos &nbsp;Ind\u00edgena y I Festival Internacional de Cine y Video Ind\u00edgena Wallmapu, que se realizar\u00e1 en la Naci\u00f3n Mapuche, en &nbsp;noviembre del 2015.<\/div>\n<div> \t&nbsp;<\/div>\n<div> \tEl taller est\u00e1 dirigido a mujeres y hombres ind\u00edgenas, mayores de 16 a\u00f1os, que cuenten con una experiencia b\u00e1sica en comunicaci\u00f3n audiovisual ind\u00edgena y que est\u00e9n respaldados por alguna organizaci\u00f3n o colectivo ind\u00edgena. Se consideran 15 becas de participaci\u00f3n para representantes mapuche de Gulumapu, Chile, 5 para comunicadores y comunicadoras mapuche de Puelmapu, Argentina, y 5 para representantes de otros pueblos y pa\u00edses del Abya yala, Am\u00e9rica Latina. Esto, con la intenci\u00f3n de fortalecer principalmente las relaciones e intercambios al interior del Pueblo Mapuche, camino al XII FICVPI Wallmapu 2015.<\/div>\n<div> \t&nbsp;<\/div>\n<div> \tEl taller cuenta con el apoyo del Fondo de Fomento Audiovisual del Consejo Nacional de la Cultura y las Artes de Chile, la Agencia Espa\u00f1ola de Cooperaci\u00f3n internacional para el Desarrollo (AECID), el Tejido de Comunicaci\u00f3n de ACIN, Colombia, el Centro de Formaci\u00f3n y Realizaci\u00f3n Cinematogr\u00e1fica, CEFREC, Bolivia, y Ojo de Agua Comunicaci\u00f3n, de M\u00e9xico, y &nbsp;busca entregar conocimientos b\u00e1sicos para promover el registro y la producci\u00f3n de materiales en video, \u00fatiles a las necesidades de reafirmaci\u00f3n cultural, organizaci\u00f3n, expresi\u00f3n, informaci\u00f3n e interpelaci\u00f3n de los y las comunicadoras ind\u00edgenas asistentes.<\/div>\n<div> \t&nbsp;<\/div>\n<div> \tLos y las interesadas deber\u00e1n rellenar la ficha de postulaci\u00f3n adjunta, y &nbsp;enviar la idea central para el desarrollo de una obra audiovisual, en un m\u00e1ximo de media carilla, adem\u00e1s de comprometer su disposici\u00f3n a tiempo completo durante los 10 d\u00edas que dura el taller.<\/div>\n<div> \t&nbsp;<\/div>\n<div>\n<div> \t\tPostulaciones del 9 al 22 de septiembre de 2014<\/div>\n<div> \t\t&nbsp;<\/div>\n<div> \t\t<span style=\"color:#8b4513;\"><strong><span style=\"font-size:14px;\">Descargar<\/span> <\/strong><\/span><a href=\"http:\/\/www.clacpi.org\/wp-content\/uploads\/2014\/09\/Convocatoria-Taller-2014.pdf\" target=\"_blank\" rel=\"noopener noreferrer\">Convocatoria Taller 2014<\/a><\/div>\n<div> \t\t&nbsp;<\/div>\n<div> \t\t<span style=\"color:#8b4513;\"><span style=\"font-size:14px;\"><strong>Descargar <\/strong><\/span><\/span><a href=\"http:\/\/www.clacpi.org\/wp-content\/uploads\/2014\/09\/Ficha-Postulaci%C3%B3n-Taller-2014.doc\" target=\"_blank\" rel=\"noopener noreferrer\">Ficha Postulaci\u00f3n Taller 2014<\/a><\/div>\n<\/p><\/div>\n<div> \t&nbsp;<\/div>\n<div> \tM\u00e1s informaci\u00f3n en: www.clacpi.org \/ difusion@clacpi.org Tel\u00e9fono: 56-02-29804591. Santiago, Chile.<\/div>\n<div> \t&nbsp;<\/div>\n<div> \thttp:\/\/www.clacpi.org\/convocatoria-taller-audiovisual-indigena\/<\/div>\n<div> \t&nbsp;<\/div>\n<div> \t&nbsp;<\/div>\n","protected":false},"excerpt":{"rendered":"<p>Se ampl\u00eda el plazo de postulaci\u00f3n.Hasta el 29 de septiembre del 2014 se extiende el plazo de postulaci\u00f3n al Taller Internacional de Audiovisual Ind\u00edgena (TIAI), evento que se llevar\u00e1 a cabo del [&hellip;]<\/p>\n","protected":false},"author":2,"featured_media":0,"comment_status":"open","ping_status":"open","sticky":false,"template":"","format":"standard","meta":[],"categories":[3],"tags":[],"_links":{"self":[{"href":"https:\/\/tejidohistorico.afrodescendientes.com\/index.php\/wp-json\/wp\/v2\/posts\/7702"}],"collection":[{"href":"https:\/\/tejidohistorico.afrodescendientes.com\/index.php\/wp-json\/wp\/v2\/posts"}],"about":[{"href":"https:\/\/tejidohistorico.afrodescendientes.com\/index.php\/wp-json\/wp\/v2\/types\/post"}],"author":[{"embeddable":true,"href":"https:\/\/tejidohistorico.afrodescendientes.com\/index.php\/wp-json\/wp\/v2\/users\/2"}],"replies":[{"embeddable":true,"href":"https:\/\/tejidohistorico.afrodescendientes.com\/index.php\/wp-json\/wp\/v2\/comments?post=7702"}],"version-history":[{"count":0,"href":"https:\/\/tejidohistorico.afrodescendientes.com\/index.php\/wp-json\/wp\/v2\/posts\/7702\/revisions"}],"wp:attachment":[{"href":"https:\/\/tejidohistorico.afrodescendientes.com\/index.php\/wp-json\/wp\/v2\/media?parent=7702"}],"wp:term":[{"taxonomy":"category","embeddable":true,"href":"https:\/\/tejidohistorico.afrodescendientes.com\/index.php\/wp-json\/wp\/v2\/categories?post=7702"},{"taxonomy":"post_tag","embeddable":true,"href":"https:\/\/tejidohistorico.afrodescendientes.com\/index.php\/wp-json\/wp\/v2\/tags?post=7702"}],"curies":[{"name":"wp","href":"https:\/\/api.w.org\/{rel}","templated":true}]}}