{"id":7703,"date":"2014-09-11T21:27:49","date_gmt":"2014-09-11T21:27:49","guid":{"rendered":"http:\/\/www2.nasaacin.org\/index.php\/2014\/09\/11\/guatemala-derogatoria-de-la-ley-monsanto-considerada-un-gran-triunfo-de-los-pueblos\/"},"modified":"2014-09-11T21:27:49","modified_gmt":"2014-09-11T21:27:49","slug":"guatemala-derogatoria-de-la-ley-monsanto-considerada-un-gran-triunfo-de-los-pueblos","status":"publish","type":"post","link":"https:\/\/tejidohistorico.afrodescendientes.com\/index.php\/2014\/09\/11\/guatemala-derogatoria-de-la-ley-monsanto-considerada-un-gran-triunfo-de-los-pueblos\/","title":{"rendered":"Guatemala: Derogatoria de la \u201cLey Monsanto\u201d considerada un gran triunfo de los Pueblos"},"content":{"rendered":"<div> \t<\/div>\n<div> \tLa Ley de Protecci\u00f3n de Obtenciones Vegetales, m\u00e1s conocida como \u201cLey Monsanto\u201d, fue derogada este jueves, \u201cde urgencia nacional\u201d, con los votos a favor de 111 diputados al Congreso de la Rep\u00fablica, cuatro en contra y 33 ausentes.<\/div>\n<p>  <!--more-->  <\/p>\n<div> \t&nbsp;<\/div>\n<div> \tDiversos sectores sociales, mayoritariamente campesinos, hab\u00edan manifestado su rechazo a la legislaci\u00f3n; \u00c1lvaro Folgar, presidente del Colegio de Ingenieros Agr\u00f3nomos, consider\u00f3 que derogar la ley fue lo mejor que pudo hacer el Legislativo; Folgar exhort\u00f3 a los diputados a actuar con responsabilidad e incluir a la sociedad civil en la discusi\u00f3n y aprobaci\u00f3n de leyes de impacto nacional.<\/div>\n<div> \t&nbsp;<\/div>\n<div> \tEl dirigente de la V\u00eda Campesina Guatemala, Daniel Pascual, consider\u00f3 que \u201ces un gran triunfo para la lucha aqu\u00ed en Guatemala, principalmente para los pueblos Mayas, Xincas y Gar\u00edfunas, de los hombres y mujeres de ma\u00edz\u201d.<\/div>\n<div> \t&nbsp;<\/div>\n<div> \tPascual se\u00f1al\u00f3 que esta ha sido una de las pocas veces que se ha podido hacer retroceder una ley en Guatemala, y que ha significado una derrota no s\u00f3lo para la transnacional \u201cMonsanto\u201d, sino para las multinacionales semilleras Dupont, Bayer, entre otras empresas que \u201ccontrolar la producci\u00f3n de semillas y alimentos\u201d.<\/div>\n<div> \t&nbsp;<\/div>\n<div> \tLa \u201cLey Monsanto\u201d, denominada as\u00ed por considerarse que favorecer\u00eda a esa compa\u00f1\u00eda internacional, contemplaba penas de uno a cuatro a\u00f1os a las personas que utilizaran o transportaran semillas patentadas, sin el permiso del propietario.<\/div>\n<div> \t&nbsp;<\/div>\n<div> \tLas licencias ser\u00edan concedidas a personas individuales o jur\u00eddicas, nacionales e internacionales, que hubieran creado o descubierto una semilla, entre las que tambi\u00e9n se inclu\u00edan las ya utilizadas, como el ma\u00edz o el frijol.<\/div>\n<div> \t&nbsp;<\/div>\n<div> \tRepresentantes de diversas organizaciones, entre ellas la Red Nacional por la Defensa de la Soberan\u00eda Alimentaria (REDSAG) hab\u00edan se\u00f1alado que esta legislaci\u00f3n vulnerar\u00eda la biodiversidad de semillas existentes en Guatemala, al favorecer los transg\u00e9nicos, y pone en riesgo las cosechas de las milpas.<\/div>\n<div> \t&nbsp;<\/div>\n<div> \tEl pasado martes, varios miles de pobladores de Solol\u00e1, bloquearon la ruta Interamericana, desde las 9 de la ma\u00f1ana hasta las 6 de la tarde, en demanda de que ese mismo d\u00eda fuera derogada la normativa, lo que fue posible hasta este jueves; &nbsp;los campesinos argumentaban que los pueblos originarios, a trav\u00e9s de las abuelas y los abuelos, han desarrollado sus propias semillas durante m\u00e1s de 7 mil a\u00f1os.<\/div>\n<div> \t&nbsp;<\/div>\n<div> \t\u201cCuando se habla de establecer normas que privaticen nuestra biodiversidad se habla tambi\u00e9n del exterminio de las culturas, un nuevo genocidio, un nuevo etnocidio, porque el objetivo es acabar con las culturas milenarias y dominar el sistema de alimentaci\u00f3n\u201d, se\u00f1alaron.<\/div>\n<div> \t&nbsp;<\/div>\n<div> \tEn tanto, Israel Macario, director de la Plataforma Agraria, manifest\u00f3 su satisfacci\u00f3n por la derogaci\u00f3n de la normativa, que atentaba contra la salud y la seguridad alimentaria de todas y todos los guatemaltecos.<\/div>\n<div> \t&nbsp;<\/div>\n<div> \t<strong>CERIGUA<\/strong><\/div>\n<div> \t&nbsp;<\/div>\n<div> \thttp:\/\/cerigua.org\/1520\/index.php?option=com_content&amp;view=article&amp;id=19673:derogatoria-de-la-ley-monsanto-considerada-un-gran-triunfo-de-los-pueblos&amp;catid=34:agrario&amp;Itemid=10<\/div>\n","protected":false},"excerpt":{"rendered":"<p>La Ley de Protecci\u00f3n de Obtenciones Vegetales, m\u00e1s conocida como \u201cLey Monsanto\u201d, fue derogada este jueves, \u201cde urgencia nacional\u201d, con los votos a favor de 111 diputados al Congreso de la Rep\u00fablica, [&hellip;]<\/p>\n","protected":false},"author":2,"featured_media":0,"comment_status":"open","ping_status":"open","sticky":false,"template":"","format":"standard","meta":[],"categories":[3],"tags":[],"_links":{"self":[{"href":"https:\/\/tejidohistorico.afrodescendientes.com\/index.php\/wp-json\/wp\/v2\/posts\/7703"}],"collection":[{"href":"https:\/\/tejidohistorico.afrodescendientes.com\/index.php\/wp-json\/wp\/v2\/posts"}],"about":[{"href":"https:\/\/tejidohistorico.afrodescendientes.com\/index.php\/wp-json\/wp\/v2\/types\/post"}],"author":[{"embeddable":true,"href":"https:\/\/tejidohistorico.afrodescendientes.com\/index.php\/wp-json\/wp\/v2\/users\/2"}],"replies":[{"embeddable":true,"href":"https:\/\/tejidohistorico.afrodescendientes.com\/index.php\/wp-json\/wp\/v2\/comments?post=7703"}],"version-history":[{"count":0,"href":"https:\/\/tejidohistorico.afrodescendientes.com\/index.php\/wp-json\/wp\/v2\/posts\/7703\/revisions"}],"wp:attachment":[{"href":"https:\/\/tejidohistorico.afrodescendientes.com\/index.php\/wp-json\/wp\/v2\/media?parent=7703"}],"wp:term":[{"taxonomy":"category","embeddable":true,"href":"https:\/\/tejidohistorico.afrodescendientes.com\/index.php\/wp-json\/wp\/v2\/categories?post=7703"},{"taxonomy":"post_tag","embeddable":true,"href":"https:\/\/tejidohistorico.afrodescendientes.com\/index.php\/wp-json\/wp\/v2\/tags?post=7703"}],"curies":[{"name":"wp","href":"https:\/\/api.w.org\/{rel}","templated":true}]}}