{"id":7706,"date":"2014-09-16T18:29:26","date_gmt":"2014-09-16T18:29:26","guid":{"rendered":"http:\/\/www2.nasaacin.org\/index.php\/2014\/09\/16\/pueblo-awa-continua-en-resistencia-en-medio-de-los-que-buscan-deslegitimar-su-lucha\/"},"modified":"2014-09-16T18:29:26","modified_gmt":"2014-09-16T18:29:26","slug":"pueblo-awa-continua-en-resistencia-en-medio-de-los-que-buscan-deslegitimar-su-lucha","status":"publish","type":"post","link":"https:\/\/tejidohistorico.afrodescendientes.com\/index.php\/2014\/09\/16\/pueblo-awa-continua-en-resistencia-en-medio-de-los-que-buscan-deslegitimar-su-lucha\/","title":{"rendered":"El Pueblo Aw\u00e1 contin\u00faa en resistencia en medio de los que buscan deslegitimar su lucha"},"content":{"rendered":"<div> \t<\/div>\n<div> \tA pesar de que la manifestaci\u00f3n se ha desarrollado de manera pac\u00edfica, las tropas del Ej\u00e9rcito Nacional pertenecientes al batall\u00f3n de monta\u00f1a N\u00ba53 a cargo del Teniente Aguilar que se encuentran en inmediaciones a la movilizaci\u00f3n, han estado ejerciendo presi\u00f3n sobre los cabildantes tratando de deslegitimar la acci\u00f3n que en el ejercicio de su Autonom\u00eda y reivindicaci\u00f3n de sus derechos viene realizando el pueblo ind\u00edgena;&nbsp;<\/div>\n<p>  <!--more-->  <\/p>\n<div> \t&nbsp;<\/div>\n<div> \t&nbsp;<\/div>\n<div> \t<span style=\"font-size:16px;\"><span style=\"color:#b22222;\"><strong>COMUNICADO A LA OPINI\u00d3N P\u00daBLICA NACIONAL E INTERNACIONAL, N\u00ba 013&nbsp;<\/strong><\/span><\/span><\/div>\n<div> \t<span style=\"font-size:16px;\"><span style=\"color:#b22222;\"><strong>LA RESISTENCIA CONTINUA EN MEDIO DE LAS DIFICULTADES Y ACTOS QUE BUSCAN DESLEGITIMAR NUESTRA LUCHA&nbsp;<\/strong><\/span><\/span><\/div>\n<div> \t&nbsp;<\/div>\n<div> \tHoy en el quinto d\u00eda de movilizaci\u00f3n del Pueblo Aw\u00e1 asociado a la UNIPA, las Autoridades Tradicionales, Consejeros, l\u00edderes, mayoras y mayores, j\u00f3venes, ni\u00f1os y orientadores de los diversos resguardos continuamos sobre la v\u00eda panamericana exigiendo del Gobierno nacional, departamental y municipal respuestas concretas que permitan allanar caminos hacia la superaci\u00f3n de la crisis humanitaria que ha venido atravesando el Pueblo Aw\u00e1.<\/div>\n<div> \t&nbsp;<\/div>\n<div> \tA pesar de que la manifestaci\u00f3n se ha desarrollado de manera pac\u00edfica, las tropas del Ej\u00e9rcito Nacional pertenecientes al batall\u00f3n de monta\u00f1a N\u00ba53 a cargo del Teniente Aguilar que se encuentran en inmediaciones a la movilizaci\u00f3n, han estado ejerciendo presi\u00f3n sobre los cabildantes tratando de deslegitimar la acci\u00f3n que en el ejercicio de su Autonom\u00eda y reivindicaci\u00f3n de sus derechos viene realizando el pueblo ind\u00edgena; ante lo cual denunciamos que en el d\u00eda de ayer 13 de septiembre, en repetidas ocasiones el teniente Aguilar en compa\u00f1\u00eda de sus hombres difundi\u00f3 falsas versiones en presencia de los pobladores y transe\u00fantes en las que se acusaba a la guardia ind\u00edgena de hurtar las pertenencias de los pasajeros al momento de efectuar los transbordos, sin embargo cuando se le exigi\u00f3 que presentara las pruebas respectivas se march\u00f3 anunciando que regresar\u00eda con las personas que hab\u00edan hecho tal denuncia sin que hasta el momento se presenten dichas pruebas. Por lo anterior expuesto, manifestamos nuestro rotundo rechazo a esta calumnia y exigimos a todos los entes del Estado y en especial al ej\u00e9rcito nacional abstenerse de injuriar a nuestro pueblo con \u00e1nimo de deslegitimar nuestra lucha y resistencia.<\/div>\n<div> \t&nbsp;<\/div>\n<div> \tPor otra parte, en horas de la tarde del d\u00eda de hoy hizo presencia en el Territorio de Convivencia, Dialogo y Paz del Pueblo Aw\u00e1 el secretario de gobierno departamental, se\u00f1or Jaime Rodr\u00edguez, quien comunico ante las autoridades un mensaje del Ministerio del Interior en el que se proponen tres d\u00edas de trabajo, comprendidos entre el 16 al 18 de septiembre del a\u00f1o en curso, en el que participaran funcionarios con poder de decisi\u00f3n del INCODER, INVIAS, infraestructura y electrificaci\u00f3n. Frente a estas fechas propuestas, las Autoridades sentamos nuestra posici\u00f3n de exigir la presencia de altos funcionarios con poder de decisi\u00f3n a partir del d\u00eda de ma\u00f1ana 15 de septiembre. A su vez, el secretario de gobierno insto para que cesara el bloqueo en la v\u00eda como forma de condolernos con la sociedad nari\u00f1ense afectada por la movilizaci\u00f3n; NOSOTROS TAMBIEN PERTENECEMOS A LA SOCIEDAD NARI\u00d1ENSE pero, \u00bfQUI\u00c9N SE HA CONDOLIDO DE NOSOSTROS EN MEDIO DEL ABANDONO HIST\u00d3RICO AL QUE HEMOS SIDO RELEGADOS?, cuando en&nbsp;nuestro territorio han y contin\u00faan habiendo masacres, desapariciones, enfrentamientos entre grupos armados legales e ilegales, amenazas, se\u00f1alamientos y persecuci\u00f3n a nuestros l\u00edderes, desplazamiento forzado, confinamiento en el territorio ante la siembra de minas antipersonales.<\/div>\n<div> \t&nbsp;<\/div>\n<div> \tCuando en nuestras comunidades no se cuenta con servicios b\u00e1sicos en salud, ni con autonom\u00eda alimentaria que garantice una adecuada nutrici\u00f3n de nuestra poblaci\u00f3n, cuando carecemos de v\u00edas e infraestructura de puentes que permitan a nuestros ni\u00f1os asistir en forma segura a la escuela, sacar a nuestros enfermos para poder salvar sus vidas y efectuar actividades de intercambio comercial que permitan complementar la alimentaci\u00f3n familiar y cubrir las necesidades b\u00e1sicas de los hogares.<\/div>\n<div> \t&nbsp;<\/div>\n<div> \tEstamos cansados de seguir en la din\u00e1mica del gobierno en la cual en medio de reuniones y reuniones se firman actas que quedan en los archivos olvidados de las instituciones, pero que para nosotros se vuelven una esperanza para minimizar aquellas afectaciones que atentan contra nuestra pervivencia fisica, cultural y espiritual; esperanzas que se ven burladas ante la dilataci\u00f3n e incumplimiento de los compromisos asumidos. En consecuencia, reiteramos que la movilizaci\u00f3n continua hasta que se den respuestas concretas a cada uno de los puntos planteados en nuestras<\/div>\n<div> \texigencias.<\/div>\n<div> \t&nbsp;<\/div>\n<div> \t<span style=\"font-size:14px;\"><strong>AUTORIDADES TRADICIONALES IND\u00cdGENAS AW\u00c1 ASOCIADAS A LA UNIPA<\/strong><\/span><\/div>\n","protected":false},"excerpt":{"rendered":"<p>A pesar de que la manifestaci\u00f3n se ha desarrollado de manera pac\u00edfica, las tropas del Ej\u00e9rcito Nacional pertenecientes al batall\u00f3n de monta\u00f1a N\u00ba53 a cargo del Teniente Aguilar que se encuentran en [&hellip;]<\/p>\n","protected":false},"author":2,"featured_media":6131,"comment_status":"open","ping_status":"open","sticky":false,"template":"","format":"standard","meta":[],"categories":[73],"tags":[],"_links":{"self":[{"href":"https:\/\/tejidohistorico.afrodescendientes.com\/index.php\/wp-json\/wp\/v2\/posts\/7706"}],"collection":[{"href":"https:\/\/tejidohistorico.afrodescendientes.com\/index.php\/wp-json\/wp\/v2\/posts"}],"about":[{"href":"https:\/\/tejidohistorico.afrodescendientes.com\/index.php\/wp-json\/wp\/v2\/types\/post"}],"author":[{"embeddable":true,"href":"https:\/\/tejidohistorico.afrodescendientes.com\/index.php\/wp-json\/wp\/v2\/users\/2"}],"replies":[{"embeddable":true,"href":"https:\/\/tejidohistorico.afrodescendientes.com\/index.php\/wp-json\/wp\/v2\/comments?post=7706"}],"version-history":[{"count":0,"href":"https:\/\/tejidohistorico.afrodescendientes.com\/index.php\/wp-json\/wp\/v2\/posts\/7706\/revisions"}],"wp:featuredmedia":[{"embeddable":true,"href":"https:\/\/tejidohistorico.afrodescendientes.com\/index.php\/wp-json\/wp\/v2\/media\/6131"}],"wp:attachment":[{"href":"https:\/\/tejidohistorico.afrodescendientes.com\/index.php\/wp-json\/wp\/v2\/media?parent=7706"}],"wp:term":[{"taxonomy":"category","embeddable":true,"href":"https:\/\/tejidohistorico.afrodescendientes.com\/index.php\/wp-json\/wp\/v2\/categories?post=7706"},{"taxonomy":"post_tag","embeddable":true,"href":"https:\/\/tejidohistorico.afrodescendientes.com\/index.php\/wp-json\/wp\/v2\/tags?post=7706"}],"curies":[{"name":"wp","href":"https:\/\/api.w.org\/{rel}","templated":true}]}}