{"id":7721,"date":"2014-09-26T17:58:48","date_gmt":"2014-09-26T17:58:48","guid":{"rendered":"http:\/\/www2.nasaacin.org\/index.php\/2014\/09\/26\/cauca-expulsion-de-retroexcavadoras-y-recuperacion-del-rio-oveja\/"},"modified":"2014-09-26T17:58:48","modified_gmt":"2014-09-26T17:58:48","slug":"cauca-expulsion-de-retroexcavadoras-y-recuperacion-del-rio-oveja","status":"publish","type":"post","link":"https:\/\/tejidohistorico.afrodescendientes.com\/index.php\/2014\/09\/26\/cauca-expulsion-de-retroexcavadoras-y-recuperacion-del-rio-oveja\/","title":{"rendered":"Cauca: Expulsi\u00f3n de retroexcavadoras y recuperaci\u00f3n del R\u00edo Oveja"},"content":{"rendered":"<div> \t<strong>COMUNICADO DE EXPULSI\u00d3N DE RETROEXCAVADORAS Y RECUPERACI\u00d3N DEL R\u00cdO OVEJA TERRITORIO DE YOLOMBO&nbsp;<\/strong><\/div>\n<div> \t&nbsp;<\/div>\n<div> \tLa comunidad de la vereda Yolombo, una de las 5 que integran el Consejo Comunitario de La Toma, municipio de Suarez en el norte del Cauca adelantaaron el d\u00eda 24 de septiembre una acci\u00f3n para sacar las retroexcavadoras que contin\u00faan destruyendo el territorio y la cuenca del r\u00edo Ovejas afectando los derechos de las comunidades y poniendo en riesgo la vida de los l\u00edderes ante el incumplimiento por parte de todas las autoridades de sus obligaciones.<\/div>\n<p>  <!--more-->  <\/p>\n<div> \t&nbsp;<\/div>\n<div> \tEn un lugar llamado Remolinos se encuentran dos m\u00e1quinas, al parecer de propiedad del Indio como es conocido en la zona, las otras m\u00e1quinas se encuentran en San Juan y el Hato, en un primer frente los due\u00f1os de las m\u00e1quinas han aceptado sacarlas en dos d\u00edas, tiempo en el cual tapar\u00e1n los huecos. En otro frente, ubicado en el lugar conocido como Remolinos, los mineros han escondido las m\u00e1quinas y se niegan a sacarlas, seg\u00fan ellos porque han invertido mucho y van a seguir trabajando y explotando el corte en el que est\u00e1n y que \u201c la comunidad vera si se mete, que ellos no quieren problemas con nadie\u201d.<\/div>\n<div> \t&nbsp;<\/div>\n<div> \tLa comunidad ha insistido en darles dos d\u00edas para que tambi\u00e9n tapen los huecos y salgan de la zona, pero los retreros sostienen que necesitan dos d\u00edas para terminar de trabajar. La Comunidad Negra de La Toma, una comunidad que es uno de los casos considerados por el auto 005\/2009 y que esta protegida por la sentencia 1045A de la Corte Constitucional, ha venido dando una lucha reconocida nacional e internacionalmente por la defensa de sus derechos territoriales amenazados por las empresas mineras nacionales y extrajeras y ahora por los mineros ilegales, que pretenden explotar los recursos aur\u00edferos desconociendo el conjunto de sus derechos colectivos.<\/div>\n<div> \t&nbsp;<\/div>\n<div> \tEn el norte del Cauca, la presi\u00f3n de las retroexcavadoras sobre los territorios se mantiene a pesar de las m\u00faltiples denuncias por parte de las distintas comunidades ind\u00edgenas y negras de las acciones que est\u00e1n adelantado para evitar que las retroexcavadoras se movilicen, entren y exploten los territorios. Hasta ahora la acci\u00f3n gubernamental en los \u00e1mbitos local, regional y nacional es incapaz de prevenir y manejar estas constantes y crecientes agresiones. y si dichas m\u00e1quinas no son sacadas las comunidades est\u00e1n dispuestas a quemarlas.<\/div>\n<div> \t&nbsp;<\/div>\n<div> \tAdem\u00e1s de que se adelante la revisi\u00f3n de todos los t\u00edtulos mineros que han sido expedidos en la zona, realizar las consultas previas que ordena el convenio 169 de la OIT y evitar la presencia de mineros ilegales, se debe fortalecer la miner\u00eda que ancestralmente han venido adelantando las propias comunidades en toda la zona.<\/div>\n<div> \t&nbsp;<\/div>\n<div> \tMientras tanto la Corte Constitucional mediante sentencia T -1045A de 2010 fall\u00f3 a favor de los derechos del Consejo Comunitario de La Toma ordenando la realizaci\u00f3n de la consulta previa y la obtenci\u00f3n del consentimiento previo libre e informado de la comunidad respecto a las pretensiones de explotaci\u00f3n de terceros del sector privado y de las multinacionales.<\/div>\n<div> \t&nbsp;<\/div>\n<div> \t<strong>(CONSEJO COMUNITARIO LA TOMA) MUNICIPIO DE SUAREZ<\/strong><\/div>\n<div> \t&nbsp;<\/div>\n","protected":false},"excerpt":{"rendered":"<p>COMUNICADO DE EXPULSI\u00d3N DE RETROEXCAVADORAS Y RECUPERACI\u00d3N DEL R\u00cdO OVEJA TERRITORIO DE YOLOMBO&nbsp; &nbsp; La comunidad de la vereda Yolombo, una de las 5 que integran el Consejo Comunitario de La Toma, [&hellip;]<\/p>\n","protected":false},"author":2,"featured_media":0,"comment_status":"open","ping_status":"open","sticky":false,"template":"","format":"standard","meta":[],"categories":[73],"tags":[],"_links":{"self":[{"href":"https:\/\/tejidohistorico.afrodescendientes.com\/index.php\/wp-json\/wp\/v2\/posts\/7721"}],"collection":[{"href":"https:\/\/tejidohistorico.afrodescendientes.com\/index.php\/wp-json\/wp\/v2\/posts"}],"about":[{"href":"https:\/\/tejidohistorico.afrodescendientes.com\/index.php\/wp-json\/wp\/v2\/types\/post"}],"author":[{"embeddable":true,"href":"https:\/\/tejidohistorico.afrodescendientes.com\/index.php\/wp-json\/wp\/v2\/users\/2"}],"replies":[{"embeddable":true,"href":"https:\/\/tejidohistorico.afrodescendientes.com\/index.php\/wp-json\/wp\/v2\/comments?post=7721"}],"version-history":[{"count":0,"href":"https:\/\/tejidohistorico.afrodescendientes.com\/index.php\/wp-json\/wp\/v2\/posts\/7721\/revisions"}],"wp:attachment":[{"href":"https:\/\/tejidohistorico.afrodescendientes.com\/index.php\/wp-json\/wp\/v2\/media?parent=7721"}],"wp:term":[{"taxonomy":"category","embeddable":true,"href":"https:\/\/tejidohistorico.afrodescendientes.com\/index.php\/wp-json\/wp\/v2\/categories?post=7721"},{"taxonomy":"post_tag","embeddable":true,"href":"https:\/\/tejidohistorico.afrodescendientes.com\/index.php\/wp-json\/wp\/v2\/tags?post=7721"}],"curies":[{"name":"wp","href":"https:\/\/api.w.org\/{rel}","templated":true}]}}