{"id":7729,"date":"2014-09-29T17:28:05","date_gmt":"2014-09-29T17:28:05","guid":{"rendered":"http:\/\/www2.nasaacin.org\/index.php\/2014\/09\/29\/carta-del-senador-robledo-a-presidente-santos-y-vicepresidente-vargas-lleras-sobre-inconveniencia-de-licencias-ambientales-expres\/"},"modified":"2014-09-29T17:28:05","modified_gmt":"2014-09-29T17:28:05","slug":"carta-del-senador-robledo-a-presidente-santos-y-vicepresidente-vargas-lleras-sobre-inconveniencia-de-licencias-ambientales-expres","status":"publish","type":"post","link":"https:\/\/tejidohistorico.afrodescendientes.com\/index.php\/2014\/09\/29\/carta-del-senador-robledo-a-presidente-santos-y-vicepresidente-vargas-lleras-sobre-inconveniencia-de-licencias-ambientales-expres\/","title":{"rendered":"Carta del senador Robledo a presidente Santos y vicepresidente Vargas Lleras sobre inconveniencia de licencias ambientales expr\u00e9s"},"content":{"rendered":"<p> \tEl proyecto de decreto que modifica el 2820, y que crea las licencias ambientales \u2018expr\u00e9s\u2019, es irresponsable y da\u00f1ino.<\/p>\n<p>  <!--more-->  <\/p>\n<p> \t&nbsp;<\/p>\n<p style=\"text-align: justify;\"> \t<strong>JUAN MANUEL SANTOS<\/strong><br \/> \tPresidente de la Rep\u00fablica<\/p>\n<p style=\"text-align: justify;\"> \t<strong>GERM\u00c1N VARGAS LLERAS<\/strong><br \/> \tVicepresidente de la Rep\u00fablica<\/p>\n<p style=\"text-align: justify;\"> \t<strong>GABRIEL VALLEJO L\u00d3PEZ<\/strong><br \/> \tMinistro de Medio Ambiente<\/p>\n<p style=\"text-align: justify;\"> \t<strong>FERNANDO IREGUI MEJ\u00cdA<\/strong><br \/> \tDirector Agencia Nacional de Licencias Ambientales (ANLA)<\/p>\n<p style=\"text-align: justify;\"> \t<strong>Referencia:<\/strong> El proyecto de decreto que modifica el 2820, y que crea las licencias ambientales \u2018expr\u00e9s\u2019, es irresponsable y da\u00f1ino.<\/p>\n<p> \tCordial saludo:<\/p>\n<p style=\"text-align: justify;\"> \tLas licencias ambientales no existen en Colombia y en el mundo para estorbarles a las empresas que hacen las cosas bien, sino para protegernos de las que lo hacen mal, por incapacidad o por mala fe, atentando contra los intereses de la sociedad. Como las licencias ambientales no entraban los proyectos sino que los viabilizan pero como aciertos, falla el diagn\u00f3stico en el que se apoya el nuevo decreto.<\/p>\n<p style=\"text-align: justify;\"> \tTambi\u00e9n es falso que en Colombia sea un problema la demora de las licencias ambientales. Porque seg\u00fan estudio de Kathleen Hurley contratado por la ANLA, el pa\u00eds es uno de los que menos tiempo emplea para otorgar las licencias (http:\/\/bit.ly\/Z71D35), no obstante su alta conflictividad ambiental y social y la gran diversidad y complejidad de su naturaleza. Luego reducir de seis a tres meses el tr\u00e1mite de las licencias llevar\u00e1 a que se decida de af\u00e1n y mal para los colombianos, pero muy bien para unos extranjeros y nativos muy poderosos. A continuaci\u00f3n, algunos de los absurdos de las licencias ambientales \u2018expr\u00e9s\u2019.<\/p>\n<p style=\"text-align: justify;\"> \tEs com\u00fan que las empresas le presenten a la ANLA estudios de impactos ambientales (EIA) incompletos o equivocados, por lo que deben corregirlo. Con la reforma se impone un procedimiento oral que cambia la rigurosidad de un concepto t\u00e9cnico escrito por una conversaci\u00f3n informal. Y se permite eliminar del tr\u00e1mite de la licencia la visita de los t\u00e9cnicos de la ANLA al \u00e1rea de los proyectos, facilitando el error o el fraude contra el inter\u00e9s general.<\/p>\n<p style=\"text-align: justify;\"> \tLas v\u00edas y los t\u00faneles adosados a los existentes \u2013para dobles calzadas, por ejemplo\u2013 no requerir\u00e1n de licencias ambientales porque se considerar\u00e1n mejoramientos ya amparados por las autorizaciones previas para situaciones de detalle diferentes, cuando en Colombia unos pocos metros pueden cambiar mucho las condiciones. \u00a1Y los imprevistos y fallas de dise\u00f1o terminan cost\u00e1ndole al Estado sumas enormes!<\/p>\n<p style=\"text-align: justify;\"> \tLa norma vigente exige los Diagn\u00f3sticos Ambientales de Alternativas (DAA), los cuales obligan al constructor de una obra de infraestructura a presentarle a la ANLA varias opciones para de ellas escoger la m\u00e1s adecuada. Hacia adelante tambi\u00e9n existir\u00e1n los DAA, pero solo sobre aspectos t\u00e9cnicos y econ\u00f3micos, \u00a1sin considerar opciones ambientales!<\/p>\n<p style=\"text-align: justify;\"> \tEn relaci\u00f3n con el muy cuestionado fracking \u2013que no deber\u00eda utilizarse en Colombia\u2013, la irresponsabilidad supera todo l\u00edmite: porque si se realiza en campos de hidrocarburos en explotaci\u00f3n, no se requerir\u00e1 de una nueva licencia ambiental sino de una modificaci\u00f3n a la que existe y que fue expedida para otras tecnolog\u00edas, proceso de autorizaci\u00f3n que es bastante menos exigente.<br \/> \tEl nuevo decreto maltrata m\u00e1s el derecho fundamental a la participaci\u00f3n de las comunidades en proyectos que les afectan en materia grave sus vidas. Porque hace de la participaci\u00f3n una burla total, dado que esta se reducir\u00e1 a lo que pueda definirse dentro de los tres d\u00edas siguientes al momento en que la ANLA analice el EIA.<\/p>\n<p style=\"text-align: justify;\"> \tEn conclusi\u00f3n, un p\u00e9simo decreto que empeora la mediocridad existente, con un agravante: su presentaci\u00f3n se calcul\u00f3 para que la ciudadan\u00eda no pudiera opinar al respecto. Solo as\u00ed se entiende que se haya colgado en la web un mi\u00e9rcoles con plazo para opinar hasta el viernes siguiente, lapso que tambi\u00e9n se les impuso a los especialistas de la ANLA, a quienes no se les consult\u00f3 sobre su redacci\u00f3n. A prop\u00f3sito, un derecho de petici\u00f3n: \u00bfeste proyecto de decreto lo redact\u00f3 alguien con intereses econ\u00f3micos en el tema?<\/p>\n<p style=\"text-align: justify;\"> \t&nbsp;Concluyo esta amable carta expresando mi rechazo a la cada vez mayor irresponsabilidad con la que el Estado decide sobre los asuntos ambientales en Colombia, para favorecer a unos cuantos inversionistas, principalmente extranjeros. Y les agrego una petici\u00f3n elemental: que el gobierno anuncie que no expedir\u00e1 ninguna reforma sobre las licencias ambientales hasta tanto la comunidad cient\u00edfica y los colombianos la hayamos podido analizar con tiempo suficiente, incluido debatirla en la Comisi\u00f3n Quinta del Senado.<\/p>\n<p style=\"text-align: justify;\"> \t&nbsp;<br \/> \t<strong>Atentamente<\/strong><\/p>\n<p style=\"text-align: justify;\">\n<p style=\"text-align: justify;\"> \t&nbsp;<\/p>\n<p style=\"text-align: justify;\"> \t<strong>Polo Democr\u00e1tico Alternativo<\/strong><br \/> \t&nbsp;<br \/> \t&nbsp;<br \/> \t&nbsp;<\/p>\n","protected":false},"excerpt":{"rendered":"<p>El proyecto de decreto que modifica el 2820, y que crea las licencias ambientales \u2018expr\u00e9s\u2019, es irresponsable y da\u00f1ino.<\/p>\n","protected":false},"author":4,"featured_media":0,"comment_status":"open","ping_status":"open","sticky":false,"template":"","format":"standard","meta":[],"categories":[61],"tags":[],"_links":{"self":[{"href":"https:\/\/tejidohistorico.afrodescendientes.com\/index.php\/wp-json\/wp\/v2\/posts\/7729"}],"collection":[{"href":"https:\/\/tejidohistorico.afrodescendientes.com\/index.php\/wp-json\/wp\/v2\/posts"}],"about":[{"href":"https:\/\/tejidohistorico.afrodescendientes.com\/index.php\/wp-json\/wp\/v2\/types\/post"}],"author":[{"embeddable":true,"href":"https:\/\/tejidohistorico.afrodescendientes.com\/index.php\/wp-json\/wp\/v2\/users\/4"}],"replies":[{"embeddable":true,"href":"https:\/\/tejidohistorico.afrodescendientes.com\/index.php\/wp-json\/wp\/v2\/comments?post=7729"}],"version-history":[{"count":0,"href":"https:\/\/tejidohistorico.afrodescendientes.com\/index.php\/wp-json\/wp\/v2\/posts\/7729\/revisions"}],"wp:attachment":[{"href":"https:\/\/tejidohistorico.afrodescendientes.com\/index.php\/wp-json\/wp\/v2\/media?parent=7729"}],"wp:term":[{"taxonomy":"category","embeddable":true,"href":"https:\/\/tejidohistorico.afrodescendientes.com\/index.php\/wp-json\/wp\/v2\/categories?post=7729"},{"taxonomy":"post_tag","embeddable":true,"href":"https:\/\/tejidohistorico.afrodescendientes.com\/index.php\/wp-json\/wp\/v2\/tags?post=7729"}],"curies":[{"name":"wp","href":"https:\/\/api.w.org\/{rel}","templated":true}]}}