{"id":7836,"date":"2014-12-02T14:39:16","date_gmt":"2014-12-02T14:39:16","guid":{"rendered":"http:\/\/www2.nasaacin.org\/index.php\/2014\/12\/02\/asesinatos-en-caloto-y-piendamo-contra-dirigentes-campesinos-y-sus-hijos\/"},"modified":"2014-12-02T14:39:16","modified_gmt":"2014-12-02T14:39:16","slug":"asesinatos-en-caloto-y-piendamo-contra-dirigentes-campesinos-y-sus-hijos","status":"publish","type":"post","link":"https:\/\/tejidohistorico.afrodescendientes.com\/index.php\/2014\/12\/02\/asesinatos-en-caloto-y-piendamo-contra-dirigentes-campesinos-y-sus-hijos\/","title":{"rendered":"Asesinatos en Caloto y Piendam\u00f3 contra dirigentes campesinos y sus hijos"},"content":{"rendered":"<p> \tDiversas organizaciones solicitan al Estado colombiano garant\u00edas para el ejercicio de la oposici\u00f3n pol\u00edtica y se proteja la vida de las familias de los dirigentes e integrantes de la Marcha Patri\u00f3tica y el PUPSOC, organizaciones que constantemente son v\u00edctimas de persecuciones, asesinatos y montajes.<\/p>\n<p>  <!--more-->  <\/p>\n<p> \tEl primer asesinato ocurri\u00f3 el 15 de noviembre en la vereda El Carmen del municipio de Piendam\u00f3. La v\u00edctima fue el joven campesino Eduar Montenegro, hijo de Elver Montenegro, dirigente de la Asociaci\u00f3n de Trabajadores de Campesinos de Piendam\u00f3 (ATCP). El crimen fue cometido por cuatro desconocidos que hirieron con arma blanca al joven de 22 a\u00f1os, mientras depart\u00eda con varios amigos en una fiesta de la caseta de la vereda. La REDDHFIC relata como inici\u00f3 el ataque:<\/p>\n<p> \t\u201cSiendo las 5:30 de la ma\u00f1ana, en momentos en que el Joven EDUAR MONTENEGRO se encontraba departiendo con amigos en la fiesta que se desarrollaba en la caseta de la vereda El Carmen, se le acerca un desconocido quien inmediatamente se abalanza con un arma blanca en contra del joven EDUAR MONTENEGRO\u201d. (<a href=\"http:\/\/reddhfic.org\/index.php?option=com_content&amp;view=article&amp;id=767;dp-caloto-y-piendamo-26-de-noviembre-2014&amp;catid=123;denuncias-cauca-2014&amp;Itemid=239\">Ver denuncia<\/a>)<\/p>\n<p> \tDos d\u00edas despu\u00e9s se producir\u00eda el segundo asesinato en la vereda El pedregal del municipio de Caloto. En circunstancias similares al caso de Eduar Montenegro, el crimen contra otra joven, Leydi Yohana Yatacue Trochez, ocurrir\u00eda luego que su hermana la viera por \u00faltima vez en una discoteca de la vereda.<\/p>\n<p> \tA la ma\u00f1ana siguiente, 18 de noviembre, la joven de 25 a\u00f1os ser\u00eda encontrada sin vida, estrangulada, \u201csobre la orilla del Rio Palo a aproximadamente 300 metros de distancia del establecimiento de comercio ubicado en la bocatoma de El Palo\u201d. (<a href=\"http:\/\/reddhfic.org\/index.php?option=com_content&amp;view=article&amp;id=767;dp-caloto-y-piendamo-26-de-noviembre-2014&amp;catid=123;denuncias-cauca-2014&amp;Itemid=239\">Ver denuncia<\/a>)<\/p>\n<p> \tAl igual que en el primer crimen, Leidy Yohana tambi\u00e9n era de hija de un dirigente campesino, en este caso, de Jairo Yatacu\u00e9 Tomb\u00e9, actualmente presidente de la Junta de Acci\u00f3n Comunal de la vereda El Pedregal e integrante de la Marcha Patri\u00f3tica y el PUPSOC (Proceso de Unidad Popular del Suroccidente Colombiano).<\/p>\n<p> \tLa oleada de cr\u00edmenes continuar\u00eda diez d\u00edas despu\u00e9s. El 26 de noviembre, en la vereda de Las Aguas del municipio de Caloto, ser\u00eda encontrado el cuerpo sin vida de Edgar Fernando G\u00f3mez Burbano, dirigente asesinado con arma de fuego y que tambi\u00e9n integraba la Marcha Patri\u00f3tica y el PUPSOC.<\/p>\n<p> \tPor estos hechos, diversas organizaciones de derechos humanos han solicitado al Estado colombiano garant\u00edas para el ejercicio de la oposici\u00f3n pol\u00edtica y se proteja la vida de las familias de los dirigentes e integrantes de la Marcha Patri\u00f3tica y el PUPSOC, organizaciones que constantemente son v\u00edctimas de persecuciones, asesinatos y montajes judiciales por parte del Gobierno colombiano.<\/p>\n<p> \t<a href=\"http:\/\/reddhfic.org\/index.php?option=com_content&amp;view=article&amp;id=767;dp-caloto-y-piendamo-26-de-noviembre-2014&amp;catid=123;denuncias-cauca-2014&amp;Itemid=239\">Ver denuncia de la REDDHFIC<\/a><\/p>\n<p> \tFuente:&nbsp; Red de Medios Alternativos y Populares Valle<\/p>\n","protected":false},"excerpt":{"rendered":"<p>Diversas organizaciones solicitan al Estado colombiano garant\u00edas para el ejercicio de la oposici\u00f3n pol\u00edtica y se proteja la vida de las familias de los dirigentes e integrantes de la Marcha Patri\u00f3tica y [&hellip;]<\/p>\n","protected":false},"author":4,"featured_media":0,"comment_status":"open","ping_status":"open","sticky":false,"template":"","format":"standard","meta":[],"categories":[73],"tags":[],"_links":{"self":[{"href":"https:\/\/tejidohistorico.afrodescendientes.com\/index.php\/wp-json\/wp\/v2\/posts\/7836"}],"collection":[{"href":"https:\/\/tejidohistorico.afrodescendientes.com\/index.php\/wp-json\/wp\/v2\/posts"}],"about":[{"href":"https:\/\/tejidohistorico.afrodescendientes.com\/index.php\/wp-json\/wp\/v2\/types\/post"}],"author":[{"embeddable":true,"href":"https:\/\/tejidohistorico.afrodescendientes.com\/index.php\/wp-json\/wp\/v2\/users\/4"}],"replies":[{"embeddable":true,"href":"https:\/\/tejidohistorico.afrodescendientes.com\/index.php\/wp-json\/wp\/v2\/comments?post=7836"}],"version-history":[{"count":0,"href":"https:\/\/tejidohistorico.afrodescendientes.com\/index.php\/wp-json\/wp\/v2\/posts\/7836\/revisions"}],"wp:attachment":[{"href":"https:\/\/tejidohistorico.afrodescendientes.com\/index.php\/wp-json\/wp\/v2\/media?parent=7836"}],"wp:term":[{"taxonomy":"category","embeddable":true,"href":"https:\/\/tejidohistorico.afrodescendientes.com\/index.php\/wp-json\/wp\/v2\/categories?post=7836"},{"taxonomy":"post_tag","embeddable":true,"href":"https:\/\/tejidohistorico.afrodescendientes.com\/index.php\/wp-json\/wp\/v2\/tags?post=7836"}],"curies":[{"name":"wp","href":"https:\/\/api.w.org\/{rel}","templated":true}]}}