{"id":7851,"date":"2014-12-11T14:34:57","date_gmt":"2014-12-11T14:34:57","guid":{"rendered":"http:\/\/www2.nasaacin.org\/index.php\/2014\/12\/11\/comunicado-a-la-opinion-publica-nacional-e-internacional-no-021-nuevo-caso-de-desplazamiento-forzado-de-un-lider-del-pueblo-awa\/"},"modified":"2014-12-11T14:34:57","modified_gmt":"2014-12-11T14:34:57","slug":"comunicado-a-la-opinion-publica-nacional-e-internacional-no-021-nuevo-caso-de-desplazamiento-forzado-de-un-lider-del-pueblo-awa","status":"publish","type":"post","link":"https:\/\/tejidohistorico.afrodescendientes.com\/index.php\/2014\/12\/11\/comunicado-a-la-opinion-publica-nacional-e-internacional-no-021-nuevo-caso-de-desplazamiento-forzado-de-un-lider-del-pueblo-awa\/","title":{"rendered":"Comunicado a la opini\u00f3n p\u00fablica  nacional e internacional, no 021: Nuevo caso de desplazamiento forzado de un l\u00edder del Pueblo Aw\u00e1"},"content":{"rendered":"<p> \tNuevo caso de desplazamiento forzado de un l\u00edder del Pueblo Aw\u00e1 ante las constantes amenazas de muerte en contra de nuestro hermano y Consejero Secretario General de la UNIPA, que deja en inminente riesgo a todas&nbsp; las&nbsp;&nbsp; Autoridades tradicionales Aw\u00e1 y&nbsp; atenta contra nuestra autonom\u00eda y&nbsp; proceso reivindicativo.<\/p>\n<p>  <!--more-->  <\/p>\n<p> \t&nbsp;<\/p>\n<p> \tNuevamente las acciones de los violentos, de los se\u00f1ores de la guerra, de los actores que tratan de desterrarnos de nuestro territorio ancestral para que les quede libre el espacio donde herir a nuestro Katsa Su, de aquellos que quieren acallar nuestro proceso y silenciar nuestras voces, de quienes nos califican de \u201clava cerebros\u201d por defender nuestros derechos, proteger la Madre Naturaleza, por hacer que permanezca vivo en nuestra gente el esp\u00edritu de lucha, por continuar el camino que han trazado los mayores, por levantar nuestra vos de denuncia frente a los diferentes actores ante todas las atrocidades que se han perpetrado y contin\u00faan perpetr\u00e1ndose en contra de nuestro Pueblo, por luchar incansablemente para superar las causas estructurales de la crisis humanitaria Aw\u00e1 que tiene sus profundas ra\u00edces en el abandono hist\u00f3rico al que hemos venido siendo sometidos por el Estado Colombiano a trav\u00e9s de los diferentes gobiernos de turno, buscan silenciar nuestro proceso reivindicativo por medio de las constantes amenazas de muerte en contra de nuestros l\u00edderes, dirigentes y Autoridades Tradicionales.<\/p>\n<p> \tEn esta medida, denunciamos ante la opini\u00f3n p\u00fablica nacional e internacional, organismos de defensa de los Derechos Humanos, ONG\u2019s e instituciones que forman parte de la veedur\u00eda internacional para la defensa de los derechos e integridad del Pueblo Aw\u00e1, que en la madrugada del d\u00eda de hoy, siendo aproximadamente las 4:27 am nuestro hermano Consejero Secretario General de la UNIPA fue nuevamente v\u00edctima de amenaza de muerte por parte de la Banda Criminal de \u201cLos Rastrojos \u2013Comandos Urbanos\u201d, vi\u00e9ndose obligado a abandonar su territorio para salvaguardar su vida, en un nuevo hecho de desplazamiento forzado del Pueblo Aw\u00e1.<\/p>\n<p> \tSin haber transcurrido un mes, desde que el pasado 18 de noviembre del presente a\u00f1o por medio de un panfleto enviado al correo institucional de la UNIPA por la Banda Criminal \u201cLos RastrojosComandos Urbanos\u201d, lo declararan puntualmente como objetivo militar, dejando abierta la amenaza hacia \u201cm\u00e1s dirigentes de la UNIPA\u201d, est\u00e1 nueva amenaza de muerte llega a trav\u00e9s de un mensaje de texto a su celular personal, donde de forma tajante le dan como ultim\u00e1tum un d\u00eda para \u201cdesaparecer de la regi\u00f3n\u201d.<\/p>\n<p> \tEs claro como en medio de este absurdo conflicto armado que ha irrumpido en nuestro Katsa Su, desangrado nuestras vidas y territorios los diferentes actores se empe\u00f1an en continuar haci\u00e9ndonos v\u00edctimas, en sumir a nuestro Pueblo ancestral en la zozobra, temor e incertidumbre permanente, en condenarnos a un destierro hiriente para nuestras familias, comunidades y territorios -dado que nosotros nos&nbsp; constituimos en sus guardianes-, pero no as\u00ed para el Gobierno colombiano que de manera indiferente e indolente asiste al exterminio f\u00edsico, cultural y espiritual del Pueblo Aw\u00e1.<br \/> \t&nbsp;<\/p>\n<p> \tNos es suficiente con la emisi\u00f3n de las Autos 004 de 2009 y 174 de 2011 por la Corte Constitucional Colombiana, con el otorgamiento de medidas cautelares por parte de la Corte Interamericana de Derechos Humanos -CIDH, con los constantes comunicados y pronunciamientos del Pueblo Aw\u00e1 y organizaciones ind\u00edgenas hermanas para que el Gobierno colombiano cumpla con su deber constitucional y moral de salvaguardar la vida e integridad del Pueblo Aw\u00e1, por lo cual lo responsabilizamos directamente por los hechos acaecidos y por lo que nos pueda pasar debido a que desde la institucionalidad no se ha brindado oportunamente las medidas de protecci\u00f3n necesaria con enfoque diferencial adecuado a nuestras Autoridades, Consejeros y l\u00edderes.<\/p>\n<p> \tPor ende, en defensa de nuestra ley de origen y ejercicio de nuestra Autonom\u00eda como Pueblo ancestral manifestamos a los violentos, a las Bandas Criminales, a los diferentes actores armados que no acallaran nuestra lucha, ni detendr\u00e1n nuestro proceso reivindicativo.<\/p>\n<p> \t&nbsp;<\/p>\n<p> \t<strong>&nbsp;&nbsp;&nbsp;&nbsp;&nbsp;&nbsp;&nbsp;&nbsp;&nbsp;&nbsp;&nbsp;&nbsp;&nbsp;&nbsp;&nbsp;&nbsp;&nbsp;&nbsp;&nbsp;&nbsp;&nbsp;&nbsp;&nbsp;&nbsp;&nbsp;&nbsp;&nbsp;&nbsp;&nbsp;&nbsp;&nbsp;&nbsp;&nbsp;&nbsp;&nbsp;&nbsp;&nbsp;&nbsp;&nbsp;&nbsp;&nbsp;&nbsp;&nbsp;&nbsp;&nbsp;&nbsp;&nbsp;&nbsp;&nbsp;&nbsp;&nbsp;&nbsp;&nbsp;&nbsp;&nbsp;&nbsp;&nbsp;&nbsp;&nbsp; Exigimos:<\/strong><br \/> \t&nbsp;<br \/> \t1) <strong>Al Gobierno Nacional: <\/strong><\/p>\n<p> \t&nbsp;<\/p>\n<p> \t&#8211; Se implementen de manera inmediata las medidas protecci\u00f3n con enfoque diferencial adecuado a nuestros Consejeros, L\u00edderes y Autoridades Tradicionales.<br \/> \t&nbsp;<\/p>\n<p> \t&#8211; Se active de manera inmediata la mesa de concertaci\u00f3n Aw\u00e1 para atender la situaci\u00f3n humanitaria del pueblo Aw\u00e1 asociado a UNIPA.<\/p>\n<p> \t&nbsp;<\/p>\n<p> \t-Cumplir cabalmente las \u00f3rdenes emitidas por la Corte Constitucional a trav\u00e9s de los autos 004 de 2009 y al 174 de 2011, en procura de salvaguardar nuestra integridad f\u00edsica, psicol\u00f3gica, cultural y espiritual. &nbsp;<\/p>\n<p> \t&#8211; Cumplir los acuerdos suscritos en el marco de la MCAWA, con el fin de prevenir, proteger y garantizar avances frente a la cesaci\u00f3n de las vulneraciones sistem\u00e1ticas que en materia de DDHH y DIH afrontamos.<\/p>\n<p> \t&#8211; Garantizar la implementaci\u00f3n integral del Plan de Salvaguarda del Pueblo Aw\u00e1, en cumplimiento de las \u00f3rdenes de la Honorable Corte Constitucional colombiana.<\/p>\n<p> \t-Implementar de manera inmediata y plena, las medidas cautelares otorgadas por la CIDH, sin condicionar lo propuesto por nuestro Pueblo. &nbsp;<br \/> \t&nbsp;<br \/> \t2)&nbsp;&nbsp; <strong>&nbsp;A los actores armados legales e ilegales que hacen presencia en nuestra regi\u00f3n: &nbsp;<\/strong><br \/> \t-Respeto a la vida e integridad f\u00edsica de todos los hermanos y hermanas del pueblo Aw\u00e1, as\u00ed como respeto a nuestros territorios ancestrales.<\/p>\n<p> \t-Retirar de nuestros territorios ancestrales a sus hombres e instalaciones de manera inmediata y abstenerse de involucrar a miembros del pueblo Aw\u00e1 en el conflicto armado que se desenvuelve en Colombia, debido a que esto es una violaci\u00f3n a los DDHH y al DIH.<\/p>\n<p> \t&nbsp;<\/p>\n<p> \t-Respetar los derechos individuales y colectivos del Pueblo Aw\u00e1, incluyendo el ejercicio pleno del derecho a la Autonom\u00eda y la Territorialidad en cabeza de las autoridades ind\u00edgenas con presencia en nuestros territorios.<\/p>\n<p> \t&nbsp;<br \/> \t3)&nbsp;&nbsp; &nbsp;<strong>A la Fiscal\u00eda General de la naci\u00f3n: &nbsp;<\/strong><br \/> \tRealizar las investigaciones pertinentes de manera oportuna y r\u00e1pida, garantizando la No impunidad frente a los hechos victimizantes que han enlutado a nuestro pueblo. &nbsp;<\/p>\n<p> \t4)&nbsp;&nbsp; &nbsp;<strong>Al Sistema Nacional para la Atenci\u00f3n y Reparaci\u00f3n Integral de las V\u00edctimas: &nbsp;<\/strong><br \/> \tDireccionar todo el esquema interinstitucional al que haya lugar, en el marco del Decreto Ley 4633 de 2011, para que de forma inmediata se inicie concertadamente la atenci\u00f3n integral pertinente. Para lo cual exigimos se garantice la presencia de la ONIC. &nbsp;<br \/> \t&nbsp;<br \/> \t5)&nbsp;&nbsp; &nbsp;<strong>A la Defensor\u00eda del Pueblo: &nbsp;<\/strong><br \/> \t&#8211; Acompa\u00f1ar y verificar las sistem\u00e1ticas vulneraciones de DDHH e infracciones al DIH que vienen golpeando a nuestro pueblo, exigiendo a las entidades e instituciones competentes el cumplimiento con car\u00e1cter URGENTE de sus funciones legales y constitucionales. &nbsp;<\/p>\n<p> \t6)&nbsp;&nbsp; &nbsp;<strong>A las organizaciones solidarias con nuestro pueblo ancestral: &nbsp;<\/strong><br \/> \t&#8211; A las organizaciones nacionales e internacionales que promueven la defensa de los derechos humanos, al cuerpo diplom\u00e1tico y veedur\u00eda internacional Aw\u00e1, hagan acompa\u00f1amiento y monitoreo permanente sobre la situaci\u00f3n de vulneraci\u00f3n de derechos que afrontan las comunidades del pueblo ind\u00edgena Aw\u00e1.<\/p>\n<p> \t&#8211; Al Sistema Interamericano de Derechos Humanos, Corte Constitucional y Agencias de Naciones Unidas, para que insten al gobierno colombiano en aras de que se brinde garant\u00edas reales de protecci\u00f3n y goce efectivo de derechos de nuestras familias Aw\u00e1.<br \/> \t&nbsp;<\/p>\n<p> \t&#8211; Hoy los di\u00e1logos de Paz de la Habana se traducen en acciones de guerra en nuestros territorios y los avances en la mesa de negociaci\u00f3n se convierten en retrocesos de nuestra protecci\u00f3n y posibilidades reales de pervivencia f\u00edsica, cultural y espiritual.<br \/> \t&nbsp;<br \/> \t<strong>&nbsp;AUTORIDADES TRADICIONALES DEL PUEBLO AW\u00c1 ASOCIADO<\/strong><\/p>\n","protected":false},"excerpt":{"rendered":"<p>Nuevo caso de desplazamiento forzado de un l\u00edder del Pueblo Aw\u00e1 ante las constantes amenazas de muerte en contra de nuestro hermano y Consejero Secretario General de la UNIPA, que deja en [&hellip;]<\/p>\n","protected":false},"author":4,"featured_media":0,"comment_status":"open","ping_status":"open","sticky":false,"template":"","format":"standard","meta":[],"categories":[61],"tags":[],"_links":{"self":[{"href":"https:\/\/tejidohistorico.afrodescendientes.com\/index.php\/wp-json\/wp\/v2\/posts\/7851"}],"collection":[{"href":"https:\/\/tejidohistorico.afrodescendientes.com\/index.php\/wp-json\/wp\/v2\/posts"}],"about":[{"href":"https:\/\/tejidohistorico.afrodescendientes.com\/index.php\/wp-json\/wp\/v2\/types\/post"}],"author":[{"embeddable":true,"href":"https:\/\/tejidohistorico.afrodescendientes.com\/index.php\/wp-json\/wp\/v2\/users\/4"}],"replies":[{"embeddable":true,"href":"https:\/\/tejidohistorico.afrodescendientes.com\/index.php\/wp-json\/wp\/v2\/comments?post=7851"}],"version-history":[{"count":0,"href":"https:\/\/tejidohistorico.afrodescendientes.com\/index.php\/wp-json\/wp\/v2\/posts\/7851\/revisions"}],"wp:attachment":[{"href":"https:\/\/tejidohistorico.afrodescendientes.com\/index.php\/wp-json\/wp\/v2\/media?parent=7851"}],"wp:term":[{"taxonomy":"category","embeddable":true,"href":"https:\/\/tejidohistorico.afrodescendientes.com\/index.php\/wp-json\/wp\/v2\/categories?post=7851"},{"taxonomy":"post_tag","embeddable":true,"href":"https:\/\/tejidohistorico.afrodescendientes.com\/index.php\/wp-json\/wp\/v2\/tags?post=7851"}],"curies":[{"name":"wp","href":"https:\/\/api.w.org\/{rel}","templated":true}]}}