{"id":7859,"date":"2014-12-17T01:26:14","date_gmt":"2014-12-17T01:26:14","guid":{"rendered":"http:\/\/www2.nasaacin.org\/index.php\/2014\/12\/17\/la-locura-de-querer-construir-17-represas-en-el-alto-magdalena\/"},"modified":"2014-12-17T01:26:14","modified_gmt":"2014-12-17T01:26:14","slug":"la-locura-de-querer-construir-17-represas-en-el-alto-magdalena","status":"publish","type":"post","link":"https:\/\/tejidohistorico.afrodescendientes.com\/index.php\/2014\/12\/17\/la-locura-de-querer-construir-17-represas-en-el-alto-magdalena\/","title":{"rendered":"La locura de querer construir 17 represas en el Alto Magdalena"},"content":{"rendered":"<div> \t<\/div>\n<div> \tUn movimiento c\u00edvico se empieza a formar en varios municipios del departamento del Huila en oposici\u00f3n a un megaproyecto que transformar\u00eda radicalmente el r\u00edo Magdalena. Ese proyecto ya tiene el aval del gobierno de Colombia y fue formulado por Hydrochina, empresa estatal de ese pa\u00eds.<\/div>\n<p>  <!--more-->  <\/p>\n<div> \t&nbsp;<\/div>\n<div> \tApenas se llega al ca\u00f1\u00f3n del r\u00edo Magdalena, a pocos kil\u00f3metros de donde nace, comienzan a hablarle a uno de una iniciativa de grandes proporciones que afectar\u00eda no solo a las personas y al medio ambiente de esta regi\u00f3n, sino a todos los pueblos del pa\u00eds que est\u00e1n aguas abajo.<\/div>\n<div> \t&nbsp;<\/div>\n<div> \tSe trata del plan de aprovechamiento del r\u00edo Magdalena que contempla tres aspectos: devolver la navegaci\u00f3n, construir embalses para producir energ\u00eda el\u00e9ctrica y desarrollar una serie de acciones en el Macizo Colombiano.<\/div>\n<div> \t&nbsp;<\/div>\n<div> \tEl arquitecto Ricardo B\u00e1ez, uno de los l\u00edderes del Comit\u00e9 de Defensa del Macizo, explica por qu\u00e9 el movimiento del que hace parte se opone a ese megaproyecto.<\/div>\n<div> \t&nbsp;<\/div>\n<div> \t<span style=\"color:#b22222;\"><span style=\"font-size:14px;\"><strong>Una f\u00e1brica de agua<\/strong><\/span><\/span><\/div>\n<div> \t&nbsp;<\/div>\n<div> \tEl r\u00edo nace en la laguna de la Magdalena a 3.685 metros sobre el nivel del mar, en el Macizo Colombiano, en todo el l\u00edmite entre los municipios de San Sebasti\u00e1n (Cauca) y San Agust\u00edn (Huila), en la misma zona donde brotan tambi\u00e9n los r\u00edos Cauca, Pat\u00eda, Putumayo y Caquet\u00e1.<\/div>\n<div> \t&nbsp;<\/div>\n<div> \tPor eso se dice que esta es una de las principales f\u00e1bricas y despensas de agua que tiene el pa\u00eds. A eso se debe que mientras medio pa\u00eds lleva meses de sequ\u00eda, aqu\u00ed completaron cuatro meses de intensas lluvias, en una temporada que va hasta diciembre.<\/div>\n<div> \t&nbsp;<\/div>\n<div> \t\u201cHace poco tuvimos cuatro d\u00edas y sus noches de lluvia continua\u201d, dice Ricardo B\u00e1ez, un arquitecto a quien Bogot\u00e1 \u201cvomit\u00f3\u201d hace diez a\u00f1os \u2013seg\u00fan sus propias palabras\u2013 y vino a parar al municipio de San Agust\u00edn, en el sur del Huila, aunque ofrece disculpas por lo gr\u00e1fica de la palabra.<\/div>\n<div> \t&nbsp;<\/div>\n<div> \t\u201cEl Magdalena nace de una vez fuerte y poderoso, a diferencia de otros r\u00edos que se forman por la uni\u00f3n de muchas peque\u00f1as vertientes: brota de un extenso colch\u00f3n verde de m\u00e1s o menos un metro de alto, en la laguna de la Magdalena, y sale con la misma fuerza de una manguera de bomberos abierta\u201d, explica B\u00e1ez.<\/div>\n<div> \t&nbsp;<\/div>\n<div> \tEn el camino se le unen pronto centenares de quebradas, algunas de las cuales forman impresionantes cascadas, por lo que en pocos kil\u00f3metros se le ve vigoroso.<\/div>\n<div> \t&nbsp;<\/div>\n<div> \tRicardo B\u00e1ez es uno de los l\u00edderes del movimiento ciudadano que en muchos municipios del Huila se opone al megaproyecto dise\u00f1ado por Hydrochina y que se titula \u201cFormulaci\u00f3n del plan maestro de aprovechamiento del r\u00edo Magdalena\u201d.<\/div>\n<div> \t&nbsp;<\/div>\n<div> \tEse documento fue entregado el pasado 29 de abril a Cormagdalena, la corporaci\u00f3n aut\u00f3noma regional \u2013entidad del Estado colombiano y adem\u00e1s autoridad ambiental\u2013 con jurisdicci\u00f3n en los 1.540 kil\u00f3metros que tiene el r\u00edo.<\/div>\n<div> \t&nbsp;<\/div>\n<div> \t<span style=\"color:#b22222;\"><span style=\"font-size:14px;\"><strong>El asunto que m\u00e1s preocupa<\/strong><\/span><\/span><\/div>\n<div> \t&nbsp;<\/div>\n<div> \tEl proyecto entregado al gobierno colombiano plantea construir 9 represas en el Huila y 7 en el Tolima (algunas con impacto tambi\u00e9n en Caldas y Cundinamarca), todas sobre las aguas del Magdalena.<\/div>\n<div> \t&nbsp;<\/div>\n<div> \tLo que propone es hacer una cadena de embalses en \u201ccascada\u201d, a modo de gigantescos escalones, para la generaci\u00f3n de energ\u00eda en toda la regi\u00f3n alta del r\u00edo, la cual cubre unos 600 kil\u00f3metros.<\/div>\n<div> \t&nbsp;<\/div>\n<div> \tDe llevarse a cabo en forma total o parcial, los impactos sociales y ambientales ser\u00edan de proporciones inmensas, pues cambiar\u00eda la estructura del r\u00edo y el paisaje, modificar\u00eda radicalmente el medio ambiente y transformar\u00eda la cultura y el modo de vida de cientos de miles de pobladores de esta regi\u00f3n.<\/div>\n<div> \t&nbsp;<\/div>\n<div> \t\u201cTodo para producir una energ\u00eda que posiblemente ni ser\u00eda para el pa\u00eds porque bien sabemos que parte de lo que se produce se vende a otros pa\u00edses como Venezuela, Per\u00fa y Bolivia\u201d, precisa B\u00e1ez.<\/div>\n<div> \t&nbsp;<\/div>\n<div> \t<span style=\"color:#b22222;\"><span style=\"font-size:14px;\"><strong>La gente sabe muy poco del tema<\/strong><\/span><\/span><\/div>\n<div> \t&nbsp;<\/div>\n<div> \tHydrochina, seg\u00fan el movimiento ciudadano del que hace parte este arquitecto, puso 11.7 millones de d\u00f3lares para este estudio, mientras el gobierno colombiano, a trav\u00e9s de Cormagdalena, apenas unos 750.000 d\u00f3lares.<\/div>\n<div> \t&nbsp;<\/div>\n<div> \t\u201cEl proceso se ha hecho todo a espaldas de la comunidad\u201d, asegura el vocero del movimiento popular, a tal punto que para conseguir el documento que hizo Hydrochina tuvieron que presentar un derecho de petici\u00f3n y luego interponer una tutela.<\/div>\n<div> \t&nbsp;<\/div>\n<div> \tY aun as\u00ed, cuando un juez les dio la raz\u00f3n, se los entregaron solo en ingl\u00e9s, lo que fue interpretado por la gente de esta regi\u00f3n como una evidente muestra de que el gobierno colombiano no quiere que todo lo que all\u00ed se propone, lo conozcan f\u00e1cil las comunidades.<\/div>\n<div> \t&nbsp;<\/div>\n<div> \tPor <strong>Juan Gonzalo Betancur<\/strong><\/div>\n<div> \thttp:\/\/otramerica.com\/especiales\/seleccione-especial\/la-locura-querer-construir-17-represas-alto-magdalena\/3242<\/div>\n<div> \t&nbsp;<\/div>\n<div> \t<span style=\"color:#000080;\"><span style=\"font-size:14px;\"><strong>VIDEO: Ricardo B\u00e1ez, Comit\u00e9 de Defensa del R\u00edo Magdalena<\/strong><\/span><\/span><\/div>\n<div> \t<a href=\"https:\/\/www.youtube.com\/watch?v=AgMmeI0gIaU\" target=\"_blank\" rel=\"noopener noreferrer\">https:\/\/www.youtube.com\/watch?v=AgMmeI0gIaU<\/a><\/div>\n<div> \t&nbsp;<\/div>\n<p> \t<iframe loading=\"lazy\" allowfullscreen=\"\" frameborder=\"0\" height=\"315\" src=\"\/\/www.youtube.com\/embed\/AgMmeI0gIaU\" width=\"420\"><\/iframe><\/p>\n","protected":false},"excerpt":{"rendered":"<p>Un movimiento c\u00edvico se empieza a formar en varios municipios del departamento del Huila en oposici\u00f3n a un megaproyecto que transformar\u00eda radicalmente el r\u00edo Magdalena. Ese proyecto ya tiene el aval del [&hellip;]<\/p>\n","protected":false},"author":2,"featured_media":0,"comment_status":"open","ping_status":"open","sticky":false,"template":"","format":"standard","meta":[],"categories":[75],"tags":[],"_links":{"self":[{"href":"https:\/\/tejidohistorico.afrodescendientes.com\/index.php\/wp-json\/wp\/v2\/posts\/7859"}],"collection":[{"href":"https:\/\/tejidohistorico.afrodescendientes.com\/index.php\/wp-json\/wp\/v2\/posts"}],"about":[{"href":"https:\/\/tejidohistorico.afrodescendientes.com\/index.php\/wp-json\/wp\/v2\/types\/post"}],"author":[{"embeddable":true,"href":"https:\/\/tejidohistorico.afrodescendientes.com\/index.php\/wp-json\/wp\/v2\/users\/2"}],"replies":[{"embeddable":true,"href":"https:\/\/tejidohistorico.afrodescendientes.com\/index.php\/wp-json\/wp\/v2\/comments?post=7859"}],"version-history":[{"count":0,"href":"https:\/\/tejidohistorico.afrodescendientes.com\/index.php\/wp-json\/wp\/v2\/posts\/7859\/revisions"}],"wp:attachment":[{"href":"https:\/\/tejidohistorico.afrodescendientes.com\/index.php\/wp-json\/wp\/v2\/media?parent=7859"}],"wp:term":[{"taxonomy":"category","embeddable":true,"href":"https:\/\/tejidohistorico.afrodescendientes.com\/index.php\/wp-json\/wp\/v2\/categories?post=7859"},{"taxonomy":"post_tag","embeddable":true,"href":"https:\/\/tejidohistorico.afrodescendientes.com\/index.php\/wp-json\/wp\/v2\/tags?post=7859"}],"curies":[{"name":"wp","href":"https:\/\/api.w.org\/{rel}","templated":true}]}}