{"id":7863,"date":"2014-12-17T17:04:09","date_gmt":"2014-12-17T17:04:09","guid":{"rendered":"http:\/\/www2.nasaacin.org\/index.php\/2014\/12\/17\/amenazas-de-muerte-hostigamientos-seguimientos-planes-de-atentados\/"},"modified":"2014-12-17T17:04:09","modified_gmt":"2014-12-17T17:04:09","slug":"amenazas-de-muerte-hostigamientos-seguimientos-planes-de-atentados","status":"publish","type":"post","link":"https:\/\/tejidohistorico.afrodescendientes.com\/index.php\/2014\/12\/17\/amenazas-de-muerte-hostigamientos-seguimientos-planes-de-atentados\/","title":{"rendered":"Amenazas de muerte, hostigamientos, seguimientos, planes de atentados"},"content":{"rendered":"<div> \tAmenazas de muerte, hostigamientos, seguimientos, planes de atentados, \u00f3rdenes arbitrarias de desalojo contra leg\u00edtimos habitantes de los predios colectivos Curvarad\u00f3, Jiguamiand\u00f3, La Larga Tumarad\u00f3, Pedeguita y Mansilla.<\/div>\n<p>  <!--more-->  <\/p>\n<div> \t&nbsp;<\/div>\n<div> \tBogot\u00e1, D.C. 11 de Diciembre de 2014<\/div>\n<div> \t&nbsp;<\/div>\n<div> \t&nbsp;<\/div>\n<div> \tJUAN MANUEL SANTOS<\/div>\n<div> \tPresidente de la Rep\u00fablica de Colombia<\/div>\n<div> \t&nbsp;<\/div>\n<div> \tGERM\u00c1N VARGAS LLERAS\u2028\u2028\u2028<\/div>\n<div> \tVicepresidente de la Rep\u00fablica de Colombia<\/div>\n<div> \t&nbsp;<\/div>\n<div> \tJUAN FERNANDO CRISTO\u2028\u2028\u2028<\/div>\n<div> \tMinistro del Interior<\/div>\n<div> \t&nbsp;<\/div>\n<div> \tMAR\u00cdA ANGELA HOLGU\u00cdN \u2028\u2028\u2028<\/div>\n<div> \tMinistra de Relaciones Exteriores<\/div>\n<div> \t&nbsp;<\/div>\n<div> \tYESID REYES<\/div>\n<div> \tMinistro de Justicia<\/div>\n<div> \t&nbsp;<\/div>\n<div> \tGABRIEL VALLEJO<\/div>\n<div> \tMinistro de Ambiente<\/div>\n<div> \t&nbsp;<\/div>\n<div> \tAURELIO IRAGORRI<\/div>\n<div> \tMinistro de Agricultura<\/div>\n<div> \t&nbsp;<\/div>\n<div> \tEDUARDO MONTEALEGRE\u2028\u2028\u2028<\/div>\n<div> \tFiscal General de la Naci\u00f3n<\/div>\n<div> \t&nbsp;<\/div>\n<div> \tALEJANDRO ORD\u00d3\u00d1EZ\u2028\u2028\u2028<\/div>\n<div> \tProcurador General de la Naci\u00f3n<\/div>\n<div> \t&nbsp;<\/div>\n<div> \tJORGE ARMANDO OT\u00c1LORA\u2028\u2028\u2028<\/div>\n<div> \tDefensor Nacional del Pueblo<\/div>\n<div> \t&nbsp;<\/div>\n<div> \tGUILLERMO RIVERA<\/div>\n<div> \tAlto Consejero Presidencial para los Derechos Humanos<\/div>\n<div> \t&nbsp;<\/div>\n<div> \t\u201eUn Estado de Derecho se legitima por la fuerza de la protecci\u00f3n de los derechos de los d\u00e9biles, no por el uso ilegal de la fuerza y de la mentira para negar esos derechos\u201c. Camilo De Las Casas<\/div>\n<div> \t&nbsp;<\/div>\n<div> \tRef:: Amenazas de muerte, hostigamientos, seguimientos, planes de atentados, \u00f3rdenes arbitrarias de desalojo contra leg\u00edtimos habitantes de los predios colectivos Curvarad\u00f3, Jiguamiand\u00f3, La Larga Tumarad\u00f3, Pedeguita y Mansilla en contra de YOMAIRA MENDOZA, EMILIO ENRIQUE CABEZAS (hijo), EMILIO CABEZAS (padre) JOS\u00c9 ELIAS CORTES GUZM\u00c1N, EUCLIDES TREJOS, RAFAEL URANGO, ADRIANA TUBERQUIA, ELADIO CORDERO, JAMES RUIZ, HECTOR PEREZ PETRO, MIGUEL D\u00cdAZ, MANUEL DENIS BLAND\u00d3N, FAMILIA BEDOYA, SANTANDER RAMOS MOGROVEJO, MARIO CASTA\u00d1O BRAVO, JOSE BRAVO, SAMIR RUIZ, MANUEL RUIZ, ZONA HUMANITARIA \u201cCOSTA AZUL\u201d, COMUIDAD LA MADRE UNI\u00d3N, ZONA HUMANITARIA DE CAMELIAS.<\/div>\n<div> \t&nbsp;<\/div>\n<div> \tNuestra Constancia Hist\u00f3rica y Censura \u00c9tica ante la continuidad de operaciones de persecuci\u00f3n paraempresarial tendientes a evitar la devoluci\u00f3n de los predios colectivos de las comunidades denominadas afromestizas por la Corte Constitucional, en los territorios colectivos de Curvarad\u00f3, Jiguamiand\u00f3, La Larga Tumarad\u00f3, Pedeguita y Mansilla. La ausencia de medidas eficaces de prevenci\u00f3n, la inaplicaci\u00f3n integral de los Autos de la Corte Constitucional para proteger los derechos de las comunidades de Curvarad\u00f3 y Jiguamiand\u00f3 y el conjunto de comunidades negras afectadas por las operaciones e intereses paraempresariales, los contin\u00faa dejando en estado de alt\u00edsimo riesgo y vulnerabilidad.<\/div>\n<div> \t&nbsp;<\/div>\n<div> \t<strong>Nuestra Constancia Hist\u00f3rica se basa en la siguiente fundamentaci\u00f3n f\u00e1ctica:<\/strong><\/div>\n<div> \t&nbsp;<\/div>\n<div> \t<strong>*Domingo 13 de julio a las 4:15 p.m<\/strong>. desde el n\u00famero 3217255820 se enviaron los siguientes mensajes amenazantes en contra de la lideresa YOMAIRA MENDOZA, indicando el estricto seguimiento al que est\u00e1 siendo sometida. &#8220;Sicres q nos as despistado te equivocas bimos de adonde salio y entro la senora q anda contigo tambien aque hora entro anoche y estamanana salieron alas ciete y media en una camioneta de placas H B O ciento cetenta y uno el conductor tenia una camisa blanca y el otro man una verde si cres q con esa estratejia de bajarcen en otro lado no te emcontrariamos te jodites ya vimos donde estas y te quedates sola en cualquier momento te visitamos tu carro se debolvio y no tienes enque huir y enrrique no creo q aga algo porti ael tanbien lo tenemos viji&#8221; (Sic)<\/div>\n<div> \t&nbsp;<\/div>\n<div> \t<strong>*Domingo 13 de julio a las 4:16 p.m.<\/strong> desde el n\u00famero 3217255820 nuevamente se enviaron mensajes amenazantes en contra de YOMAIRA MENDOZA: &#8220;lado pero el anda con dos escoltas pero pobre de ti solita imdefensa maira negociemos tu nos entregas a enrrique y tu te salbaras y puedes volber atu teritorio piensalo tienes dies horas para acerlo osino tu mueres no tienes otra occion eres tu o el\u201d (Sic)<\/div>\n<div> \t&nbsp;<\/div>\n<div> \t<strong>*Domingo 13 de julio a las 4:48 p.m<\/strong>. desde el n\u00famero 3217255820 nuevos mensajes amenazantes contra YOMAIRA MENDOZA refieren al seguimiento del que ha sido blanco en la ciudad de Bogot\u00e1 y al que ahora se produce en la regi\u00f3n. \u201cSi en bogota te escapates aca no por q aca no esta la policia ni hay escoltas ni tampoco los de justicia y paz&#8221; (Sic)<\/div>\n<div> \t&nbsp;<\/div>\n<div> \t<strong>* Martes 15 de julio a la 1:03 p.m<\/strong>. desde el n\u00famero 3217255820, la lideresa afromestiza recibi\u00f3 otro mensaje amenazante en el lugar en donde nuestra Comisi\u00f3n de Justicia y Paz la alberg\u00f3 en las afueras de la ciudad. La amenaza da cuenta de los seguimientos que se realizan contra ella \u201canoche estubimos en la cara donde estas no vimos ati pero si ala senora q anda contigo y tambien la q te fue arrecojer y tambien vimos el mismo carro enq te rrecojieron y es el mismo en donde anda una de las senora en villeta hay una pipeta degas en una delas esquinas de la casa y nosotros para hacer un muy buen trabajo la aremos explotar y todos creeran q fue un terrible accidente a y no fue nada fasil la entrada pero como todos tenemos un precio enlas proximas oras tendras visita y no va hacer nada agradable ni para ti ni para esas dos ancianas&#8221; (Sic)<\/div>\n<div> \t&nbsp;<\/div>\n<div> \t<strong>*Mi\u00e9rcoles 16 de julio a las 6:26 am<\/strong>. desde el n\u00famero 3217255820se envi\u00f3 un nuevo mensaje amenazante contra YOMAIRA MENDOZA: \u201c\u200eComprobates q si estubimos anoche donde tu estas para q tenias q cerrar la yabe de la pipeta y para q le pucieron esa baldosa encima no icimos esplotar por q esas ansiana no tienen nada q ver con tus estupides y ati no te emos matado no porq no emos podido sino por q no emos querido y esperando q rreacciones y nos entreges a enrrique&#8221; (sic)<\/div>\n<div> \t&nbsp;<\/div>\n<div> \t<strong>*Mi\u00e9rcoles 16 de julio a las 6:36 am<\/strong> desde el n\u00famero 3217255820 otro mensaje amenazante lleg\u00f3 a YOMAIRA MENDOZA &#8220;(&#8230;..)erlo en ese momento alas cinco y media nos salimos de alla antes que el portero se diera cuenta q estabamos adentro pero de hoy no pasar&#8221;. (Sic)<\/div>\n<div> \t&nbsp;<\/div>\n<div> \t<strong>*Mi\u00e9rcoles 16 de julio a las 6:53 p.m<\/strong>. desde el mismo n\u00famero otro mensaje amenazante en contra de YOMAIRA MENDOZA devela que se conoce de primera mano el lugar en donde se encontraba acogida por nuestra organizaci\u00f3n. \u201csabemos q lla fueron porti y fueron dos camionetas y una azul y otra blanca eso no esnada ya te emcomtraremos y arreglaremos cuentas\u201d (Sic)<\/div>\n<div> \t&nbsp;<\/div>\n<div> \t<strong>*Viernes 18 de julio hacia las 2:30 p.m.<\/strong> en la Calle 61 con 16 de Bogot\u00e1, el veh\u00edculo convencional (sin blindaje) de protecci\u00f3n al servicio de YOMAIRA MENDOZA y ENRIQUE CABEZAS sufri\u00f3 fallas mec\u00e1nicas generando un accidente que afect\u00f3 a los escoltas y a uno de los protegidos.<\/div>\n<div> \t&nbsp;<\/div>\n<div> \tAl solicitar el reemplazo del veh\u00edculo uno de los funcionarios de la UNP manifest\u00f3 que no pod\u00edan entregar otro dado que:\u201cestamos atendiendo la seguridad de los senadores reci\u00e9n posesionados\u201d. La UNP agreg\u00f3 que el Comit\u00e9 de Evaluaci\u00f3n de Riesgo y Recomendaci\u00f3n &#8211; Cerrem hab\u00eda negado la solicitud de un veh\u00edculo blindado.<\/div>\n<div> \t&nbsp;<\/div>\n<div> \t*<strong>Martes 22 de julio a las 8:47 a.m. <\/strong>desde el n\u00famero 3217255820 los hijos de YOMAIRA MENDOZA fueron amenazados con ser desaparecidos \u201chola maira donde te metites no pensates q desapareci\u00e9ndote tu tus hijos son los q van a pagar\u201d (Sic)<\/div>\n<div> \t&nbsp;<\/div>\n<div> \t<strong>*Martes 22 de julio a las 9:29 a.m.<\/strong> Desde el n\u00famero 3217255820 un nuevo mensaje amenazante contra YOMAIRA MENDOZA la presiona para que abandone su lugar de protecci\u00f3n o sus hijos ser\u00edan asesinados, el mensaje rese\u00f1a la actividad que sus hijos se encontraban realizando en ese mismo momento. \u201csi no quieres ver a tus hijos en un ata\u00fad o en un cementerio bas atener q salir de tu escondite tu bebe esta enclase de f\u00edsica y tu otro hijo acaba (\u2026..)\u201d<\/div>\n<div> \t&nbsp;<\/div>\n<div> \t<strong>*Martes 22 de julio a las 7:00 p.m<\/strong>. En Bogot\u00e1, dos sicarios intentaron atentar contra la vida e integridad de YOMAIRA MENDOZA y EMILIO ENRIQUE CABEZAS en el lugar de refugio en donde se albergaban. De acuerdo con los escoltas asignados por la UNP por su reacci\u00f3n los sicarios huyeron del lugar.<\/div>\n<div> \t&nbsp;<\/div>\n<div> \tMinutos despu\u00e9s que huyeron los dos sicarios, el siguiente mensaje de texto del n\u00famero 3217255820 lleg\u00f3 al tel\u00e9fono de ORLINDA CABEZAS, hermana del l\u00edder de restituci\u00f3n: \u201c\u200eDile a enrrique q si cree q la dicha le ba adurar mucho pues no q cebusque mas abogados delos q ya tiene estamos en el lugar de caseria ya sefue el escolta salio alas ceis y media y el objetivo esta solo y como el sabe q el es el rresponsable con lo q aella lepase por q el fue q la sonsaco para q ella hisiera todo lo q a echo y el leva tocar rrendirle cuenta ala familia de ella ya todos estan imformado q el es el rresponsable y q nice apure q ya estarde ya quedo muerta pero mueta estabamos adentro de la casa cuando sacaron un carro nos entramos a entro con una chica y esperamos q ella se fuera y tambien el escolta ya nite apures q es demaciado tarde&#8221;. (SIC)<\/div>\n<div> \t&nbsp;<\/div>\n<div> \t<strong>*Martes 22 de julio en horas de la tarde <\/strong>nuestra Comisi\u00f3n de Justicia y Paz en Bogot\u00e1 fue informada que el trabajador de la familia ARGOTE, empresarios ganaderos, JOS\u00c9 UBERNEL BUITRAGO, hurt\u00f3 en las horas de la tarde un ternero perteneciente a integrantes del consejo comunitario de Caracol\u00ed, Curavarad\u00f3, que habitan en la Zona Humanitaria de Caracol\u00ed.<\/div>\n<div> \t&nbsp;<\/div>\n<div> \t<strong>Los afromestizos intentaron recuperar el ternero pero los trabajadores se lo impidieron.<\/strong><\/div>\n<div> \t&nbsp;<\/div>\n<div> \t<strong>*Viernes 25 de julio a la 1:37 p.m<\/strong>. desde el 3217255820 se conocieron nuevos mensajes amenazantes y de presi\u00f3n en contra de YOMAIRA MENDOZA y su familia: \u201ccomo ya acabamos de coger a tus hijos el menor venia del colegio y aqu\u00ed esta con nosotros y el mayor estaba en la tienda de Fredy tambi\u00e9n lo tenemos te damos dies horas para q vengas sino vienes en el tiempo q te damos los matamos y esto no lo tomes como una amenasa es una advertencia y es principio deloq pasara con toda tu familia ya saves q atodos los tenemos ubicados es una advertencia gonorrea\u201d (sic)<\/div>\n<div> \t&nbsp;<\/div>\n<div> \t<strong>*Viernes 25 de julio a la 1:50 pm<\/strong> desde el mismo n\u00famero m\u00f3vil se amenaza a YOMAIRA y sus hijos, su madre y un hermano \u201cte yame para q ablaramos pero como tienes esos malditos tel\u00e9fonos apagados entonces enpesamos adescuartisar atus queridos hijitos y despu\u00e9s a tu mama y despu\u00e9s tu querido hermanito\u201d (sic)<\/div>\n<div> \t&nbsp;<\/div>\n<div> \t<strong>*S\u00e1bado 26 de julio cerca de las 9:00 a.m.<\/strong> nuestra Comisi\u00f3n de Justicia y Paz en Bogot\u00e1 fue informada que PEDRO PABLO C\u00d3RDOVA, alias &#8220;El Mello&#8221; troz\u00f3 el alambre que delimita la Zona de Biodiversidad de la familia BEDOYA, integrante del Consejo Comunitario Bijao Onofre, territorio colectivo de Pedeguita y Mansilla.<\/div>\n<div> \t&nbsp;<\/div>\n<div> \tEn horas de la tarde C\u00d3RDOVA reconoci\u00f3 la autor\u00eda del hecho ante uno de los integrantes del Consejo Comunitario y miembro de la familia BEDOYA expres\u00e1ndole que iban a ingresar m\u00e1s personas a sembrar banano y palma de aceite dentro del territorio colectivo, sin permiso de nadie.<\/div>\n<div> \t&nbsp;<\/div>\n<div> \t<strong>*S\u00e1bado 26 de julio cerca de las 5:30 p.m.<\/strong> nuestra Comisi\u00f3n de Justicia y Paz en Bogot\u00e1 fue informada que fue tumbada y destruida la valla que visibiliza y delimita la Zona de Biodiversidad, Bijao Onofre, territorio colectivo de Pedeguita Mansilla por los empresarios sembradores de Palma.<\/div>\n<div> \t&nbsp;<\/div>\n<div> \t<strong>*S\u00e1bado 2 de agosto hacia las 9:00 a.m. <\/strong>nuestra Comisi\u00f3n de Justicia y Paz en Bogot\u00e1 fue informada que los vaqueros IV\u00c1N y ALIRIO BASTANTE, trabajadores de los empresarios ganaderos R\u00cdOS se refirieron de un plan para asesinar a EMILIO CABEZAS, pap\u00e1, reclamente de tierras en Curvarad\u00f3.<\/div>\n<div> \t&nbsp;<\/div>\n<div> \tAgregaron que EMILIO CABEZAS, hijo, se hab\u00eda salvado de ser asesinado por ser uno de los reclamantes de tierras m\u00e1s radical. En la reuni\u00f3n los empresarios, beneficiarios de las operaciones paramilitares expresaron que si regresaba al territorio deber\u00edan asesinarlo<\/div>\n<div> \t&nbsp;<\/div>\n<div> \tSeg\u00fan la fuente, los vaqueros BASTANTE junto a LEONEL HOLGU\u00cdN SUESC\u00daN, habr\u00edan sido contratados para asesinar a EMILIO CABEZAS.<\/div>\n<div> \t&nbsp;<\/div>\n<div> \t<strong>*Jueves 7 de agosto<\/strong> nuestra Comisi\u00f3n de Justicia y Paz en Bogot\u00e1 fue informada del levantamiento del paro platanero que se adelant\u00f3 desde el 3 de agosto por trabajadores rurales de Pedeguita y Mansilla, El Diez, El Siete, Playa Roja, Nueva Uni\u00f3n, San Andr\u00e9s, La L\u00ednea, Santa Mar\u00eda, Cetino, Ca\u00f1o Seco, La Balastrera, La Madre, Nueva Luz, Llano Rico, El Cerrao, Campo Alegre, Cetino Nevera, Ca\u00f1o Claro, La iguana, Camelias, Brisas, Caracol\u00ed, No hay como Dios y el Guamo, taponando las v\u00edas que comunican a Urab\u00e1 con el caribe y a Urab\u00e1 con Antioquia.<\/div>\n<div> \t&nbsp;<\/div>\n<div> \tDe acuerdo con los manifestantes, la empresa BANACOL desde hace dos a\u00f1os adeuda a los productores agrarios los embarques de banano e incumpli\u00f3 en dos ocasiones el pago de la deuda de 10 env\u00edos.<\/div>\n<div> \t&nbsp;<\/div>\n<div> \tLos embarques se exportan a Estados Unidos, China, Costa Rica y Jap\u00f3n, cada caja tiene un valor de aproximadamente U.S 30.<\/div>\n<div> \t&nbsp;<\/div>\n<div> \tLa protesta se mantuvo hasta el 7 de agosto acordando el pago por caja de banano a U.S. 10<\/div>\n<div> \ty la electrificaci\u00f3n de algunas zonas. Se conoci\u00f3 que en el corregimiento de Currulao hubo 1 muerto y 23 heridos de gravedad. En el municipio de Mutat\u00e1 hubo 7 heridos con heridas leves y 8 personas fueron detenida<\/div>\n<div> \t&nbsp;<\/div>\n<div> \t<strong>*Viernes 8 de agosto en horas de la noche <\/strong>nuestra Comisi\u00f3n de Justicia y Paz en Bogot\u00e1 tuvo conocimiento que el empresario DAR\u00cdO MONTOYA llam\u00f3 telef\u00f3nicamente a RAFAEL URANGO, integrante del consejero comunitario de Curvarad\u00f3 con la finalidad de renegociar las tierras. En dicha llamada expres\u00f3 el empresario ocupante de mala fe a RAFAEL: \u201csi yo no negocio con usted, negocio con su hijo\u201d.<\/div>\n<div> \t&nbsp;<\/div>\n<div> \t<strong>*Martes 26 de agosto en horas de la ma\u00f1ana<\/strong> nuestra Comisi\u00f3n de Justicia y Paz en Bogot\u00e1 conoci\u00f3 que paramilitares provenientes de Bel\u00e9n de Bajir\u00e1 estaban pagando a pobladores para asumir las funciones de informantes y puntos de control a los integrantes del consejo comunitario de Apartadocito, territorio colectivo de Curvarad\u00f3.&nbsp;<\/div>\n<div> \t&nbsp;<\/div>\n<div> \tLa misi\u00f3n del informantes es dar cuenta de la movilidad de la familia RU\u00cdZ que se encuentra recuperando su propiedad desde la Zona Humanitaria Costa Azul y de las acciones tendientes a restituir el bien conocido como Los Piscingos, apropiado por empresarios beneficiarios de operaciones paramilitares.<\/div>\n<div> \t&nbsp;<\/div>\n<div> \t<strong>*Viernes 29 de agosto a eso de las 10:00 a.m. <\/strong>en Bel\u00e9n de Bajir\u00e1, la lideresa reclamante de tierras, ADRIANA TUBERQUIA fue objeto de seguimientos por parte del paramilitar conocido como \u201cEl Cucho\u201d, mientras se encontraba en el puesto de salud de esa localidad.<\/div>\n<div> \t&nbsp;<\/div>\n<div> \t<strong>*Jueves 4 de septiembre hacia las 4:00 p.m.<\/strong> tres familias retornantes de la comunidad de la Madre Uni\u00f3n, territorio colectivo de La Larga y Tumarad\u00f3, fueron notificadas de una orden de desalojo emitida por la Inspecci\u00f3n Municipal del municipio de R\u00edo Sucio.<\/div>\n<div> \t&nbsp;<\/div>\n<div> \t<strong>RUB\u00c9N DAR\u00cdO CORREA, <\/strong>conocido como \u201cEl Monje\u201d present\u00f3 una querella por invasi\u00f3n de propiedad privada contra los integrantes del consejo comunitario. El predio despojado a los afromestizos por paramilitares est\u00e1 siendo utilizado desde 1997 por empresarios bananeros.<\/div>\n<div> \t&nbsp;<\/div>\n<div> \tLa orden de desalojo est\u00e1 dirigida contra los l\u00edderes reclamantes SANTANDER RAMOS MOGROVEJO, MARIO y JOS\u00c9 CASTA\u00d1O BRAVO, habitantes ancestrales del territorio, fundadores de la comunidad La Madre Uni\u00f3n.<\/div>\n<div> \t&nbsp;<\/div>\n<div> \t<strong>*Viernes 10 de septiembre en horas de la noche,<\/strong> nuestra Comisi\u00f3n de Justicia y Paz fue informada que en predios de la comunidad La Madre Uni\u00f3n, territorio colectivo de La Larga Tumarad\u00f3, el ej\u00e9rcito se moviliz\u00f3 buscando a un grupo de guerrilleros, luego de haber recibido denuncias que afirmaron que hombres armados se est\u00e1n tomando predios empresariales, los que en realidad han sido despojados a los consejos comunitarios por paramilitares.<\/div>\n<div> \t&nbsp;<\/div>\n<div> \t<strong>Desde el 8 de septiembre y hasta el 10 de septiembre<\/strong> el equipo misionero Monse\u00f1or Romero junto con MARIO CASTA\u00d1O, JOS\u00c9 BRAVO y SANTANDER RAMOS adelantaron una verificaci\u00f3n en las tierras invadidas por los empresarios a trav\u00e9s de DAR\u00cdO CORREA y FRANCISCO CASTA\u00d1O HURTADO.<\/div>\n<div> \t&nbsp;<\/div>\n<div> \t<strong>*Jueves 11 de septiembre hacia las 12:00 p.m.<\/strong> la lideresa reclamante de tierras ADRIANA TUBERQUIA, quien se encontraba en Bel\u00e9n de Bajir\u00e1, fue objeto de nuevos seguimientos alrededor en ese poblado. El reconocido paramilitar reconocido con el alias \u201cEl Cucho\u201d la sigui\u00f3 en motocicleta durante una hora mientras mercadeaba en ese lugar.<\/div>\n<div> \t&nbsp;<\/div>\n<div> \t<strong>*Viernes 12 de septiembre en horas de la tarde,<\/strong> nuestra Comisi\u00f3n de Justicia y Paz en Bogot\u00e1, conoci\u00f3 que paramilitares est\u00e1n auscultando por los movimientos del reconocido l\u00edder, ENRIQUE PETRO.<\/div>\n<div> \t&nbsp;<\/div>\n<div> \tUno de las personas que est\u00e1 buscando informaci\u00f3n sobre \u00e9ste integrante del consejo comunitario de Andaluc\u00eda, territorio Colectivo de Curvarad\u00f3 es el familiar del llamado \u201cEl Diablo\u201d y \u201cPalillo\u201d, quienes se encuentran privados de su libertad por orden judicial<\/div>\n<div> \t&nbsp;<\/div>\n<div> \t<strong>*Domingo 14 de septiembre hacia las 10:00 a.m.<\/strong> nuestra Comisi\u00f3n de Justicia y Paz en Bogot\u00e1, fue informada que MASUEL ROMA\u00d1A, condenado por el triple asesinato de GRACIANO BLAND\u00d3N, su hijo JAIR, y MANUEL MOYA, fue visitado en la c\u00e1rcel por personas cercanas a los asesinados. De acuerdo con la fuente, estos manifestaron que sus abogados le tramitar\u00edan una rebaja de pena, si \u00e9l vinculaba como responsable del triple asesinato aMANUEL DENIS BLAND\u00d3N, representante legal del Consejo Comunitario de Jiguamiand\u00f3.<\/div>\n<div> \t&nbsp;<\/div>\n<div> \tEs de recordar que en el inter\u00e9s de involucrar al l\u00edder afrodescendiente y a organizaciones acompa\u00f1antes en el crimen ha intervenido la hoy representante a la c\u00e1mara por el Centro Democr\u00e1tico, MAR\u00cdA FERNANDA CABAL MOLINA.<\/div>\n<div> \t&nbsp;<\/div>\n<div> \t<strong>*Lunes 15 de septiembre<\/strong> en el poblado de Bel\u00e9n de Bajir\u00e1, a las 8:20 a.m. integrantes de los grupos neoparamilitares indagaron por el servicio de escoltas que est\u00e1n a cargo del apoyo en materia de protecci\u00f3n de los l\u00edderes del consejo comunitario de Ca\u00f1o Manso, que habitan en la Zona Humanitaria que tiene ese mismo nombre y es parte del territorio Colectivo de Curvarad\u00f3.<\/div>\n<div> \t&nbsp;<\/div>\n<div> \t<strong>*Mi\u00e9rcoles 17 de septiembre <\/strong>en la madrugada de \u00e9ste d\u00eda fue reportada la movilidad de hombres vestidos de civil hostigando en la propiedad de la familia TREJOS, en predios del consejo menor comunitario de El Cerrao. Al parecer presuntos paramilitares son los responsables y vienen realizando las rondas de vigilancia sobre la familia desde el 13 de septiembre.<\/div>\n<div> \t&nbsp;<\/div>\n<div> \t<strong>*S\u00e1bado 4 de octubre hacia las 9:00 p.m.<\/strong> nuestra Comisi\u00f3n de Justicia y Paz fue informada de la presencia de aproximadamente 40 paramilitares en los alrededores de predios del Consejo Comunitario Despensa Baja de Curvarad\u00f3. El grupo armado lleg\u00f3 hasta las afueras de la comunidad de Despensa Baja el d\u00eda anterior e indag\u00f3 por el l\u00edder de restituci\u00f3n de tierras MIGUEL D\u00cdAZ.&nbsp;<\/div>\n<div> \t&nbsp;<\/div>\n<div> \tMIGUEL D\u00cdAZ participa activamente en el proceso de restituci\u00f3n de tierras de su comunidad y en el proceso que se inicia luego de que la Corte Constitucional ordenara al Estado adelantar dicho proceso.<\/div>\n<div> \t&nbsp;<\/div>\n<div> \t<strong>*S\u00e1bado 4 de octubre cerca de las 9:40 p.m<\/strong>. nuestra Comisi\u00f3n de Justicia y Paz fue informada que ADRIANA TUBERQUIA, l\u00edder reclamante de tierras, corr\u00eda peligro por reclamar las tierras.<\/div>\n<div> \t&nbsp;<\/div>\n<div> \tDe acuerdo con la fuente los propios paramilitares manifestaron que varios l\u00edderes ser\u00edan asesinados antes de finalizar el a\u00f1o, no en la Zona Humanitaria ni en la Zona de Biodiversidad, sino en su desplazamiento en Bel\u00e9n de Bajir\u00e1, entre ellas ADRIANA. Manifest\u00f3 igualmente que en la reuni\u00f3n de los paramilitares en Bel\u00e9n de Bajir\u00e1, la orden sino cambiaban las cosas era&#8221;darle candela a todos los l\u00edderes reclamantes de tierra en Curvarad\u00f3&#8221;<\/div>\n<div> \t&nbsp;<\/div>\n<div> \t<strong>*Mi\u00e9rcoles 1 de octubre en horas de la noche<\/strong> nuestra Comisi\u00f3n de Justicia y Paz tuvo conocimiento que la Inspecci\u00f3n de Polic\u00eda de R\u00edo Sucio, Choc\u00f3, continu\u00f3 con la orden de desalojo contra dos familias que regresaron a sus tierras de origen en la comunidad La Madre, en La Larga Tumarad\u00f3, a pesar de la decisi\u00f3n del juez de Restituci\u00f3n de Tierras de Quibd\u00f3, quien tras solicitud de la Defensor\u00eda del Pueblo, orden\u00f3 el cese provisional de la orden de desalojo hasta que se conozcan los avances del proceso de caracterizaci\u00f3n que adelanta la Unidad de Restituci\u00f3n en esa cuenca.&nbsp;<\/div>\n<div> \t&nbsp;<\/div>\n<div> \thttp:\/\/justiciaypazcolombia.com\/IMG\/pdf\/medida_cautelar_desalojo_la_madre_union__juez_restitucio_n_de_tierras_quibdo__30_de_septiembre_de_2014.pdf<\/div>\n<div> \t&nbsp;<\/div>\n<div> \t<strong>*Jueves 16 de octubre nuestra Comisi\u00f3n de Justicia y Paz en Bogot\u00e1,<\/strong> conoci\u00f3 que empresarios ocupantes de mala fe ofrecieron 7 millones de pesos (U.S 3500) para asesinar a un integrante de las 10 familias que regresaron al territorio colectivo de la Larga Tumarad\u00f3, quienes se ubicaron en m\u00e1s de 1200 hect\u00e1reas despojadas por empresarios palmeros y bananeros a los afromestizos.<\/div>\n<div> \t&nbsp;<\/div>\n<div> \t<strong>*Lunes 20 de Octubre nuestra Comisi\u00f3n de Justicia y Paz<\/strong> tuvo conocimiento de un plan para atentar contra la vida del l\u00edder reclamante de tierras HECTOR PEREZ PETRO en el pueblo de Bel\u00e9n de Bajir\u00e1 y tambi\u00e9n en el monte alrededor de la zona de biodiversidad \u201cLa Madre Uni\u00f3n\u201d, lugar donde retornaron el pasado 12 de octubre.<\/div>\n<div> \t&nbsp;<\/div>\n<div> \t<strong>*Martes 21 de octubre cerca de las 2:00 p.m. <\/strong>nuestra Comisi\u00f3n de Justicia y Paz tuvo conocimiento que en el camino a Urada, Jiguamiand\u00f3, JORGE ZAPATA, reconocido paramilitar, se acerc\u00f3 a SANDRO RUIZ y le pregunt\u00f3: \u201c\u00bfen la zona que ustedes viven, \u00bfse mantienen los gringos diariamente?, cu\u00e9nteme c\u00f3mo es eso\u201d.<\/div>\n<div> \t&nbsp;<\/div>\n<div> \t<strong>*Viernes 24 de octubre.<\/strong> nuestra Comisi\u00f3n de Justicia y Paz tuvo conocimiento que JOS\u00c9 ELIAS CORTES GUZM\u00c1N, habitante de la comunidad El Cerrao y esposo de la hija del l\u00edder reclamante de tierras JES\u00daS EUCLIDES TREJOS, ha sido v\u00edctima de constantes seguimientos y hostigamiento por paramilitares y personas desconocidas que han preguntado por el en varias ocasiones. Como consecuencia de esto, la pareja ha decidido abandonar la zona.<\/div>\n<div> \t&nbsp;<\/div>\n<div> \t<strong>*S\u00e1bado 25 de octubre hacia las 2:30 p.m.<\/strong> JORGE ZAPATA, pregunt\u00f3 por la presencia de MANUEL DENIS BLAND\u00d3N, al observar el carro de protecci\u00f3n en que moviliza el representante legal del Consejo Comunitario del Jiguamiand\u00f3. ZAPATA expres\u00f3 que necesitaba hablar con \u00e9ste para solucionar el problema de unos predios en el territorio colectivo del Jiguamiand\u00f3.<\/div>\n<div> \t&nbsp;<\/div>\n<div> \tEse mismo d\u00eda ZAPATA, reconocido por sus v\u00ednculos con estructuras paramilitares en Pavarand\u00f3, corregimiento de Mutat\u00e1, portando armas de fuego, se present\u00f3 en el entorno de la Zona Humanitaria \u201cCosta Azul\u201d, en predios del consejo comunitario de la familia RU\u00cdZ, en Apartadocito, Curvarad\u00f3.<\/div>\n<div> \t&nbsp;<\/div>\n<div> \tEn el lugar reside la familia del asesinado l\u00edder reclamante de tierras MANUEL RUIZ. ZAPATA quer\u00eda cerciorarse de la presencia de acompa\u00f1antes internacionales y nacionales, como tambi\u00e9n obtener informaci\u00f3n del proceso de desalojo a los ocupantes de mala fe de los territorios colectivos de Curvarad\u00f3.<\/div>\n<div> \t&nbsp;<\/div>\n<div> \t<strong>*S\u00e1bado 25 de octubre hacia las 7:00 p.m<\/strong>. el l\u00edder reclamante de tierras JAMES RU\u00cdZ fue seguido y hostigados por parte el paramilitar LEONEL SUESC\u00daN.<\/div>\n<div> \t&nbsp;<\/div>\n<div> \t*Viernes 31 de octubre hacia las 2:30 p.m. fue informada que hombres vestidos de negro merodearon la vivienda de la familia CORDERO en la que habitan seis ni\u00f1os.<\/div>\n<div> \t&nbsp;<\/div>\n<div> \tSu padre ELADIO CORDERO es l\u00edder del proceso de restituci\u00f3n y miembro del Comit\u00e9 comunitario de restituci\u00f3n.<\/div>\n<div> \t&nbsp;<\/div>\n<div> \t<strong>*Viernes 21 de noviembre hacia las 9:00 a.m.<\/strong> FRANCISCO D\u00cdAZ, administrador de la hacienda \u201cLa Aldea\u201d de propiedad de FRANCISCO CASTA\u00d1O, empresario ocupante de mala fe en el territorio colectivo de la Cuenca La Larga Tumarad\u00f3, intimid\u00f3 a las familias retornantes que viven en la zona de biodiversidad La Madre Uni\u00f3n, y dirigi\u00e9ndose a MARIO CASTA\u00d1O, l\u00edder reclamante de tierras, le afirm\u00f3: \u201cFrancisco casta\u00f1o lo tiene en lista para ser asesinado y si se mueve por san Pedro de Urab\u00e1 ser\u00e1 hombre muerto\u201d.<\/div>\n<div> \t&nbsp;<\/div>\n<div> \t<strong>*S\u00e1bado 22 de noviembre aproximadamente a las 4:00 p.m.<\/strong> nuestra Comisi\u00f3n de Justicia y Paz tuvo conocimiento que DENIS CIFUENTES MENDOZA, hijo de YOMAIRA MENDOZA, quien es reclamante de tierras, luego de salir de su lugar de habitaci\u00f3n en el barrio Manrique, ciudad de Medell\u00edn, fue retenido por cuatro paramilitares por cerca de dos horas y media parar interrogarlo acerca de su madre. DENIS debi\u00f3 pernoctar fuera de su casa por temor a encontrarse con los mismos hombres, lo que hizo temer a sus familiares que \u00e9ste hubiera sido desaparecido.<\/div>\n<div> \t&nbsp;<\/div>\n<div> \t<strong>*Mi\u00e9rcoles 26 de noviembre a eso de las 15:00 p.m.<\/strong> GUILLERMO D\u00cdAZ y ENRIQUE CABEZAS, reclamantes de tierras colectivas en Llano Rico y Apartadocito-Curvarad\u00f3, fueron amenazados de muerte: \u201cvamos a hacer una fiesta con los l\u00edderes\u201d, expresaron personas cercanas al empresario DAR\u00cdO MONTOYA, ocupante de mala fe.<\/div>\n<div> \t&nbsp;<\/div>\n<div> \t<strong>*Domingo 30 de noviembre a las 8:00 a.m.<\/strong> nuestra Comisi\u00f3n de Justicia y Paz tuvo conocimiento que FRANCISCO D\u00cdAZ, administrador del empresario FRANCISCO CASTA\u00d1O, hizo presencia en la casa del l\u00edder reclamante de tierras MARIO CASTA\u00d1O, ubicada en el corregimiento de Campo Alegre, jurisdicci\u00f3n del municipio de Rio Sucio, amenaz\u00e1ndolo en repetidas oportunidades por haber acompa\u00f1ado a las familias reclamantes que entraron a la comunidad de la Madre Uni\u00f3n el pasado 12 de octubre. Posteriormente el se\u00f1or Francisco D\u00edaz se dirigi\u00f3 junto con otros hombres a la zona de Biodiversidad la Madre Uni\u00f3n para amedrentar a las 17 familias reclamantes que regresaron a esta comunidad.<\/div>\n<div> \t&nbsp;<\/div>\n<div> \t<strong>*Lunes 1 de diciembre a las 7:30 a.m.<\/strong> nuestra Comisi\u00f3n de Justicia y Paz tuvo conocimiento que el se\u00f1or DAR\u00cdO MONTOYA, empresario de la Larga Tumarad\u00f3, estuvo junto a dos trabajadores de su finca en la zona de biodiversidad La Madre Uni\u00f3n, en donde habl\u00f3 con los miembros de la comunidad que ingresaron al territorio colectivo de la Larga Tumarad\u00f3.<\/div>\n<div> \t&nbsp;<\/div>\n<div> \tLas familias de la Larga Tumarad\u00f3 sacaron hace una semana el ganado de propiedad de los empresarios FRANCISCO CASTA\u00d1O y DAR\u00cdO MONTOYA como acto de dignificaci\u00f3n del territorio que fue despojado hace cerca de 17 a\u00f1os por el empresario DAR\u00cdO MONTOYA.<\/div>\n<div> \t&nbsp;<\/div>\n<div> \t<strong>*2 de diciembre a las 9:00 a.m.<\/strong> nuestra Comisi\u00f3n de Justicia y Paz fue informada que una comisi\u00f3n de la SIJ\u00cdN de la polic\u00eda seccional de Urab\u00e1 y otros integrantes de la polic\u00eda nacional estuvieron en la Zona de biodiversidad La Madre Uni\u00f3n, perteneciente al territorio colectivo de la Larga Tumarad\u00f3, para practicar una diligencia de inspecci\u00f3n ocular, como consecuencia de una denuncia presentada por el empresario FRANCISCO CASTA\u00d1O en contra las familias que regresaron a la comunidad La Madre Uni\u00f3n. Seg\u00fan el se\u00f1or CASTA\u00d1O las familias \u201cinvasoras\u201d destruyeron una casa en donde viv\u00eda su administrador, una b\u00e1scula para pesar el ganado y cinco hect\u00e1reas de pl\u00e1tano. La comisi\u00f3n de la polic\u00eda nacional constat\u00f3 que las familias en ning\u00fan momento han destruido alguno de los elementos se\u00f1alados por el se\u00f1or CASTA\u00d1O. Cabe destacar que en el momento en que lleg\u00f3 la comisi\u00f3n de la polic\u00eda nacional para hacer las correspondientes verificaciones tambi\u00e9n estaba presente el empresario FRANCISCO CASTA\u00d1O.<\/div>\n<div> \t&nbsp;<\/div>\n<div> \t<strong>*Martes 9 de diciembre <\/strong>al terminar \u00e9ste informe se confirma que las operaciones de traficantes de drogas se mantienen en varios predios colectivos, el tr\u00e1fico de insumos y la coca procesada en coca\u00edna cruza en los lugares donde existe presencia militar o policial como R\u00edo Sucio, Bel\u00e9n de Bajir\u00e1, Brisas de Curvarad\u00f3, Pavarand\u00f3, Mutat\u00e1, Barranquillita. Estas operaciones se han mantenido desde julio hasta la fecha.<\/div>\n<div> \t&nbsp;<\/div>\n<div> \tNuestra Censura \u00c9tica ante el persistente control paramilitar en los territorios colectivos Curbarad\u00f3, Jiguamiand\u00f3, La Larga y Tumarad\u00f3, Pedeguita y Mansilla que repercute en comprobadas amenazas de muerte, hostigamientos, seguimientos y\/o \u00f3rdenes de desalojo a reclamantes de tierras, sin que la poblaci\u00f3n afectada perciba el m\u00e1s m\u00ednimo indicio de respuesta por parte de las entidades estatales correspondientes.<\/div>\n<div> \t&nbsp;<\/div>\n<div> \tNuestra Censura \u00c9tica ante lo que a luz de los hechos arriba descritos resulta la evidencia de un desconocimiento de los derechos a las libertades b\u00e1sicas para las comunidades afromestizas, debido a la tolerancia de la fuerza p\u00fablica con operaciones de tipo paramilitar y paraempresarial.<\/div>\n<div> \t&nbsp;<\/div>\n<div> \tNuestra Censura \u00c9tica ante los serios l\u00edmites del derecho penal, pues a pesar de la condena de m\u00e1s de una docena de empresarios, los que se encuentran detr\u00e1s de empresas fachadas gozan de libertad, muchos otros se encuentran en el exterior, y algunos de los empresarios planificadores y beneficiarios del despojo se encuentran libres y muchos de los funcionarios p\u00fablicos sin ser investigados y que no decir de los comandantes de la brigada 17 desde 1996 hasta hoy, as\u00ed como de los comandantes de la polic\u00eda d Urab\u00e1, todos ascendiendo con honores en el interior de la fuerza p\u00fablica.<\/div>\n<div> \t&nbsp;<\/div>\n<div> \tNuestra Censura \u00c9tica ante la nula intervenci\u00f3n sobre las actuaciones de las fuerzas militares para desterrar de ellas la mentalidad de \u201cenemigo interno\u201d con base en la cual se realizan actividades contra los civiles, reclamantes de tierras, y no contra los ocupantes de mala fe, empresarios despojadores.<\/div>\n<div> \t&nbsp;<\/div>\n<div> \tNuestra Censura \u00c9tica ante las actuaciones que resultan siendo escandalosas y repudiables como el tr\u00e1fico de coca\u00edna y el transporte de insumos para el procesamiento de coca\u00edna en predios colectivos, en los que las comunidades negras no pueden ingresar por el asentamiento a la fuerza de estructuras armadas de tipo paramilitar, sin que los militares ni polic\u00edas act\u00faen, a pesar de las permanentes denuncias y del control que ejercen por las \u00fanicas v\u00edas carreteables por donde se trafica con la droga ilegal.<\/div>\n<div> \t&nbsp;<\/div>\n<div> \tNuestra Censura \u00c9tica ante la sordera y la ceguera institucional para actuar con el desmonte de la base militar instalada en predios colectivos de Curvarad\u00f3, sin que se hubiera realizado consulta previa y consentimiento de las comunidades negras; con un elemento agravante sin que las fuerzas armadas tengan el m\u00ednimo reato de conciencia de haber recibido esa tierra despojada a las comunidades afromestizas, a uno de los empresarios, que es ocupante de mala fe y beneficiario del paramilitarismo.<\/div>\n<div> \t&nbsp;<\/div>\n<div> \tEn conformidad con el art\u00edculo 23 de la Constituci\u00f3n s\u00edrvanse dar respuesta precisa y f\u00e1ctica a las siguientes preguntas que elevamos respetuosamente:<\/div>\n<div> \t&nbsp;<\/div>\n<div> \t<strong>1.<span class=\"Apple-tab-span\" style=\"white-space:pre\"> <\/span><\/strong>Solicitamos por favor nos indique \u00bfqu\u00e9 medidas han adoptado las entidades estatales correspondientes para iniciar la devoluci\u00f3n de los predios ocupados ilegalmente por las Fuerzas Militares a los afromestizos en el caser\u00edo de Llano Rico, Curvarad\u00f3?<\/div>\n<div> \t&nbsp;<\/div>\n<div> \t<strong>2.<span class=\"Apple-tab-span\" style=\"white-space:pre\"> <\/span><\/strong>Ante la continuidad del ingreso de insumos para el procesamiento de coca\u00edna y el transporte de los mismos por sitios con alta presencia policial y militar solcitamos por favor nos indique:<\/div>\n<div> \t&nbsp;<\/div>\n<div> \ta.<span class=\"Apple-tab-span\" style=\"white-space:pre\"> <\/span>\u00bfCu\u00e1les han sido las operaciones realizadas por la Fuerza P\u00fablica para combatir esta situaci\u00f3n?<\/div>\n<div> \tb.<span class=\"Apple-tab-span\" style=\"white-space:pre\"> <\/span>\u00bfCu\u00e1les insumos han sido incautados?<\/div>\n<div> \tc.<span class=\"Apple-tab-span\" style=\"white-space:pre\"> <\/span>\u00bfEn qu\u00e9 predios se cultiva hoja de coca y qui\u00e9nes son las estructuras que est\u00e1n a cargo de montar los laboratorios?<\/div>\n<div> \t&nbsp;<\/div>\n<div> \td.<span class=\"Apple-tab-span\" style=\"white-space:pre\"> <\/span>\u00bfQu\u00e9 investigaciones judiciales y\/o administrativas y qu\u00e9 tipo de sanciones existen sobre agentes estatales respecto a esta situaci\u00f3n?<\/div>\n<div> \te.<span class=\"Apple-tab-span\" style=\"white-space:pre\"> <\/span>\u00bfQu\u00e9 tipo de actuaciones represivas se han realizado sobre las \u00e1reas de cultivo de hoja de coca donde tambi\u00e9n existen operaciones empresariales?<\/div>\n<div> \t&nbsp;<\/div>\n<div> \t<strong>3.<\/strong><span class=\"Apple-tab-span\" style=\"white-space:pre\"> <\/span>Ante el discurso militar que concibe a los reclamantes de tierras como \u201cinsurgentes\u201d y por ende como \u201caliados de la guerrilla\u201d solicitamos por favor nos indique \u00bfqu\u00e9 medidas est\u00e1 desarrollando el Estado para contrarrestar este discurso?<\/div>\n<div> \t&nbsp;<\/div>\n<div> \t<strong>4.<\/strong><span class=\"Apple-tab-span\" style=\"white-space:pre\"> <\/span>Ante el discurso militar que concibe a los reclamantes de tierras como \u201cinsurgentes\u201d y por ende como \u201caliados de la guerrilla\u201d solicitamos por favor nos indique \u00bfc\u00f3mo se explica que esas mismas valoraciones sobre los reclamantes de tierras, sean tambi\u00e9n utilizadas por paramilitares y empresarios ocupantes de mala fe?<\/div>\n<div> \t&nbsp;<\/div>\n<div> \t<strong>5.<\/strong><span class=\"Apple-tab-span\" style=\"white-space:pre\"> <\/span>Respecto a la negativa de la UNP de asignar un reforzamiento a las insuficientes medidas de protecci\u00f3n otorgadas a YOMAIRA MENDOZA y ENRIQUE CABEZAS, situaci\u00f3n por la cual ambos se vieron obligados al exilio, solicitamos por favor nos indique \u00bfqu\u00e9 valoraci\u00f3n ha hecho el Ministerio del Interior respecto a la situaci\u00f3n en la que se encuentran YOMAIRA MENDOZA y ENRIQUE CABEZAS?<\/div>\n<div> \t&nbsp;<\/div>\n<div> \t<strong>6.<span class=\"Apple-tab-span\" style=\"white-space:pre\"> <\/span><\/strong>Respecto a la negativa de la UNP de asignar un reforzamiento a las insuficientes medidas de protecci\u00f3n otorgadas a YOMAIRA MENDOZA y ENRIQUE CABEZAS, situaci\u00f3n por la cual ambos se vieron obligados al exilio, solicitamos por favor nos indique \u00bfqu\u00e9 medidas concretas piensa adoptar el gobierno de Colombia al momento de que YOMAIRA MENDOZA y ENRIQUE CABEZAS decidan volver al pa\u00eds?<\/div>\n<div> \t&nbsp;<\/div>\n<div> \t<strong>7.<span class=\"Apple-tab-span\" style=\"white-space:pre\"> <\/span><\/strong>Respecto a la negativa de la UNP de asignar un reforzamiento a las insuficientes medidas de protecci\u00f3n otorgadas a YOMAIRA MENDOZA y ENRIQUE CABEZAS, situaci\u00f3n por la cual ambos se vieron obligados al exilio, solicitamos por favor nos indique \u00bfqu\u00e9 tipo de investigaciones ha iniciado la Fiscal\u00eda General de la Naci\u00f3n para establecer el origen de las amenazas de muerte en contra de YOMAIRA MENDOZA y ENRIQUE CABEZAS? En caso de existir una investigaci\u00f3n en curso, le solicitamos por favor nos indique qu\u00e9 unidad de la Fiscal\u00eda lleva la investigaci\u00f3n, bajo qu\u00e9 radicado y en qu\u00e9 estado se encuentra \u00e9sta.<\/div>\n<div> \t&nbsp;<\/div>\n<div> \t<strong>8<\/strong>.<span class=\"Apple-tab-span\" style=\"white-space:pre\"> <\/span>Ante las amenazas que han sido objeto EMILIO CABEZAS (padre) JOS\u00c9 ELIAS CORTES GUZM\u00c1N, EUCLIDES TREJOS, RAFAEL URANGO, ADRIANA TUBERQUIA, ELADIO<\/div>\n<div> \t&nbsp;<\/div>\n<div> \tCORDERO, JAMES RUIZ, HECTOR PEREZ PETRO, MIGUEL D\u00cdAZ, MANUEL DENIS BLAND\u00d3N, FAMILIA BEDOYA, SANTANDER RAMOS MOGROVEJO, MARIO CASTA\u00d1O BRAVO, JOSE BRAVO, SAMIR RUIZ, MANUEL RUIZ, LA ZONA HUMANITARIA COSTA AZUL, LA COMUNIDAD LA MADRE UNI\u00d3N Y LA ZONA HUMANITARIA DE CAMELIAS solicitamos por favor nos indique:<\/div>\n<div> \t&nbsp;<\/div>\n<div> \t<strong>a.<\/strong><span class=\"Apple-tab-span\" style=\"white-space:pre\"> <\/span>\u00bfQu\u00e9 medidas prev\u00e9 adoptar el Estado?&nbsp;<\/div>\n<div> \t<strong>b.<\/strong><span class=\"Apple-tab-span\" style=\"white-space:pre\"> <\/span>\u00bfCu\u00e1les son las instituciones del Estado que llevar\u00edan a cabo \u00e9stas medidas?<\/div>\n<div> \t<strong>c.<span class=\"Apple-tab-span\" style=\"white-space:pre\"> <\/span><\/strong>\u00bfCu\u00e1l es el rango de tiempo pensado para llevar a cabo estas medidas?<\/div>\n<div> \t&nbsp;<\/div>\n<div> \t<strong>9.<\/strong><span class=\"Apple-tab-span\" style=\"white-space:pre\"> <\/span>Solicitamos por favor nos indique si la Fiscal\u00eda General de la Naci\u00f3n ha abierto una investigaci\u00f3n penal en contra de los empresarios de mala fe, Coronel \u00ae LUIS FELIPE MOLANO D\u00cdAZ, WILLIAM DE JESUS RAM\u00cdREZ CASTA\u00d1O, DAR\u00cdO MONTOYA, JUAN GUILLERMO GONZ\u00c1LEZ MORENO y en contra del llamado \u201cGrupo de los 11\u201d o \u201cGrupo de los 21\u201d quienes desde 1997 hasta la fecha contin\u00faan haciendo uso ilegal de predios colectivos ubicados en el territorio de Curvarad\u00f3. En caso de ser as\u00ed, le solicitamos por favor nos indique qu\u00e9 unidad de la Fiscal\u00eda lleva la investigaci\u00f3n, bajo qu\u00e9 radicado y en qu\u00e9 estado se encuentra \u00e9sta.<\/div>\n<div> \t&nbsp;<\/div>\n<div> \t<strong>10.<\/strong><span class=\"Apple-tab-span\" style=\"white-space:pre\"> <\/span>Teniendo en cuenta que la regi\u00f3n del Curvarad\u00f3 es una zona con alta presencia militar, solicitamos por favor nos informe si las respectivas entidades del Estado est\u00e1n en conocimiento de los cultivos de hoja de coca y de los laboratorios para el procesamiento de \u00e9sta en la zona del Consejo Comunitario de Quebrada Monter\u00eda, en Curvarad\u00f3. De ser as\u00ed, solicitamos por favor nos informe sobre las medidas que se han tomado al respecto.<\/div>\n<div> \t&nbsp;<\/div>\n<div> \t<strong>11.<\/strong><span class=\"Apple-tab-span\" style=\"white-space:pre\"> <\/span>Teniendo en cuenta que la regi\u00f3n del Curvarad\u00f3 es una zona con alta presencia militar, solicitamos por favor nos informe si las respectivas entidades del Estado est\u00e1n en conocimiento que los insumos para la elaboraci\u00f3n de pasta base de coca\u00edna entran y salen por el Puerto de Brisas, Curvarad\u00f3, a plena vista de la fuerza p\u00fablica. De ser as\u00ed, solicitamos por favor nos informe sobre las medidas concretas que se han tomado al respecto.<\/div>\n<div> \t&nbsp;<\/div>\n<div> \t<strong>12.<\/strong><span class=\"Apple-tab-span\" style=\"white-space:pre\"> <\/span>Solicitamos por favor nos indique si se ha abierto una investigaci\u00f3n disciplinaria en contra de la Inspectora local de Polic\u00eda del Municipio de Riosucio, Choc\u00f3, por haber ignorado la orden de suspender de manera provisional -y hasta tanto se resuelva la presente solicitud de medida cautelar- el procedimiento de desalojo de las familias de la Comunidad La Madre Uni\u00f3n, en La Larga Tumarad\u00f3 &#8211; Bajo Atrato. De ser as\u00ed, le solicitamos por favor nos indique qu\u00e9 unidad de la Fiscal\u00eda lleva la investigaci\u00f3n, bajo qu\u00e9 radicado y en qu\u00e9 estado se encuentra \u00e9sta.<\/div>\n<div> \t&nbsp;<\/div>\n<div> \t<strong>13.<span class=\"Apple-tab-span\" style=\"white-space:pre\"> <\/span><\/strong>En caso de que se llegue a aprobar el posible desalojo de los habitantes legales de los territorios de la Comunidad La Madre Uni\u00f3n, en La Larga Tumarad\u00f3 &#8211; Bajo Atrato solicitamos por favor nos indique \u00bfqu\u00e9 medidas prev\u00e9 adoptar el Estado para defender los derechos de estas comunidades? Cabe destacar que a pesar de que el juez de Restituci\u00f3n de Tierras de Quibd\u00f3 orden\u00f3 -a trav\u00e9s de una medida cautelar con fecha 30.9.2014- el cese provisional de la orden de desalojo, la situaci\u00f3n de fondo sigue a\u00fan sin resolverse.<\/div>\n<div> \t&nbsp;<\/div>\n<div> \t<strong>14.<span class=\"Apple-tab-span\" style=\"white-space:pre\"> <\/span><\/strong>Solicitamos por favor nos indique si la Fiscal\u00eda general de la Naci\u00f3n ha abierto alg\u00fan tipo de investigaci\u00f3n en contra de RUB\u00c9N DAR\u00cdO CORREA MAR\u00cdN y FRANCISCO CASTA\u00d1O. De ser as\u00ed, le solicitamos por favor nos indique qu\u00e9 unidad de la Fiscal\u00eda lleva las investigaciones, bajo qu\u00e9 radicado y en qu\u00e9 estado se encuentran \u00e9stas.<\/div>\n<div> \t&nbsp;<\/div>\n<div> \tNuestra Constancia Hist\u00f3rica y Censura \u00c9tica con, a veces, la vana esperanza de que la irresponsabilidad que caracteriza al actuar institucional se convierta de verdad en una actuaci\u00f3n de fondo que garantice los derechos a la vida, a la libertad, a la libre asociaci\u00f3n, a la libertad de pensamiento, a la protecci\u00f3n ambiental y a la alimentaci\u00f3n sana, en vez de optar por medidas que impiden la restituci\u00f3n del suelo despojado. Solamente el enfrentamiento con las estructuras del poder criminal podr\u00e1 garantizar el derecho de los afromestizos al territorio.<\/div>\n<div> \t&nbsp;<\/div>\n<div> \t<span style=\"font-size:14px;\"><strong>Comisi\u00f3n Intereclesial de Justicia y Paz<\/strong><\/span><\/div>\n<div> \thttp:\/\/www.justiciaypazcolombia.com\/Amenazas-de-muerte-hostigamientos<\/div>\n","protected":false},"excerpt":{"rendered":"<p>Amenazas de muerte, hostigamientos, seguimientos, planes de atentados, \u00f3rdenes arbitrarias de desalojo contra leg\u00edtimos habitantes de los predios colectivos Curvarad\u00f3, Jiguamiand\u00f3, La Larga Tumarad\u00f3, Pedeguita y Mansilla.<\/p>\n","protected":false},"author":2,"featured_media":0,"comment_status":"open","ping_status":"open","sticky":false,"template":"","format":"standard","meta":[],"categories":[61],"tags":[],"_links":{"self":[{"href":"https:\/\/tejidohistorico.afrodescendientes.com\/index.php\/wp-json\/wp\/v2\/posts\/7863"}],"collection":[{"href":"https:\/\/tejidohistorico.afrodescendientes.com\/index.php\/wp-json\/wp\/v2\/posts"}],"about":[{"href":"https:\/\/tejidohistorico.afrodescendientes.com\/index.php\/wp-json\/wp\/v2\/types\/post"}],"author":[{"embeddable":true,"href":"https:\/\/tejidohistorico.afrodescendientes.com\/index.php\/wp-json\/wp\/v2\/users\/2"}],"replies":[{"embeddable":true,"href":"https:\/\/tejidohistorico.afrodescendientes.com\/index.php\/wp-json\/wp\/v2\/comments?post=7863"}],"version-history":[{"count":0,"href":"https:\/\/tejidohistorico.afrodescendientes.com\/index.php\/wp-json\/wp\/v2\/posts\/7863\/revisions"}],"wp:attachment":[{"href":"https:\/\/tejidohistorico.afrodescendientes.com\/index.php\/wp-json\/wp\/v2\/media?parent=7863"}],"wp:term":[{"taxonomy":"category","embeddable":true,"href":"https:\/\/tejidohistorico.afrodescendientes.com\/index.php\/wp-json\/wp\/v2\/categories?post=7863"},{"taxonomy":"post_tag","embeddable":true,"href":"https:\/\/tejidohistorico.afrodescendientes.com\/index.php\/wp-json\/wp\/v2\/tags?post=7863"}],"curies":[{"name":"wp","href":"https:\/\/api.w.org\/{rel}","templated":true}]}}