{"id":7937,"date":"2015-02-06T17:16:20","date_gmt":"2015-02-06T17:16:20","guid":{"rendered":"http:\/\/www2.nasaacin.org\/index.php\/2015\/02\/06\/comunicado-a-la-opinion-publica-desde-el-pueblo-awa-de-ricaurte-narino\/"},"modified":"2015-02-06T17:16:20","modified_gmt":"2015-02-06T17:16:20","slug":"comunicado-a-la-opinion-publica-desde-el-pueblo-awa-de-ricaurte-narino","status":"publish","type":"post","link":"https:\/\/tejidohistorico.afrodescendientes.com\/index.php\/2015\/02\/06\/comunicado-a-la-opinion-publica-desde-el-pueblo-awa-de-ricaurte-narino\/","title":{"rendered":"Comunicado a la opini\u00f3n p\u00fablica desde el Pueblo Aw\u00e1 de Ricaurte &#8211; Nari\u00f1o"},"content":{"rendered":"<div> \tEl Cabildo Integrado Ed\u00e9n Cartagena del Municipio de Ricaurte Nari\u00f1o hace el siguiente pronunciamiento ante la opini\u00f3n p\u00fablica Municipal, departamental, Nacional e Internacional.<\/div>\n<p>  <!--more-->  <\/p>\n<div> \t&nbsp;<\/div>\n<div> \t<strong>1.<\/strong> Desde el 28 de diciembre de 2010, desplazados de los resguardos de Magu\u00ed, Pialap\u00ed, Pueblo Viejo, Vegas Chagu\u00ed Chimbuza, Cuascuab\u00ed, Cuchilla del Palmar, Nulpe Alto y el Sande llegamos a poblar el territorio de Ed\u00e9n Cartagena.<\/div>\n<div> \t&nbsp;<\/div>\n<div> \t<strong>2.<\/strong> Al proponernos reorganizarnos y crear el cabildo tuvimos muchos obst\u00e1culos y hemos sido objeto de burla y rechazo por parte de la poblaci\u00f3n campesina y mestiza, este hecho a\u00fan no se ha resuelto, por el cual todav\u00eda no se ha legalizado como resguardo.<\/div>\n<div> \t&nbsp;<\/div>\n<div> \t<strong>3<\/strong> Algunos concejales del &nbsp;municipio de Ricaurte ha elevado petici\u00f3n ante INCODER Nacional Impidiendo la resoluci\u00f3n del resguardo, argumentando que este predio est\u00e1 destinado para zona de expansi\u00f3n urban\u00edstica.<\/div>\n<div> \t&nbsp;<\/div>\n<div> \t<strong>4.<\/strong> En el a\u00f1o 2014 en nuestro cabildo aparecieron panfletos alusivos a las FARC, hecho que pone en riesgo a la poblaci\u00f3n civil y una contundente violaci\u00f3n a los derechos humanos.<\/div>\n<div> \t&nbsp;<\/div>\n<div> \t<strong>5.<\/strong> En agosto del 2014, la guardia Ind\u00edgena recorr\u00eda el territorio a eso de las 11:00 p.m. y se encontraron con tres sujetos desconocidos, al abordarlos dijeron que estaban por una caleta que hab\u00eda dejado un grupo al margen de la ley. Tres d\u00edas mas tarde un grupo de la fiscal\u00eda y el ej\u00e9rcito llegaron al resguardo y ubicaron una coordenada donde supuestamente hab\u00eda una caleta; el cabildo por su parte informa a las autoridades competente y no se accede a la petici\u00f3n de la excavaci\u00f3n.<\/div>\n<div> \t&nbsp;<\/div>\n<div> \t<strong>6.<\/strong> El 15 de octubre un pelot\u00f3n del ej\u00e9rcito nacional ingresa al territorio a las 10 de la ma\u00f1ana, el cabildo se encontraba realizando una minga comunitaria y el teniente Alejandro Batatibas Mu\u00f1oz entr\u00f3 en contacto con el cabildo y solicito hacer una excavaci\u00f3n en un punto referenciado, el cabildo accede a dicha petici\u00f3n y el resultado fue fallido, no se encontr\u00f3 nada quedando claro que todo fue un montaje.<\/div>\n<div> \t&nbsp;<\/div>\n<div> \t<strong>7.<\/strong> La comunidad que habita el cabildo Ed\u00e9n Cartagena nos sentimos cada vez m\u00e1s vulnerables, pese a que estamos protegidos por la corte constitucional, y ordenados bajo los autos 004 de 2009 y el auto 174 de 2011, esta medida no ha tenido mayor efecto para nuestra poblaci\u00f3n.<\/div>\n<div> \t&nbsp;<\/div>\n<div> \t<strong>8.<\/strong> En el trayecto de la carretera Panamericana al cabildo Ed\u00e9n Cartagena se vienen presentando reiterados atracos a mano armada a personas que transitan en el lugar, hasta el momento no se ha pronunciado la polic\u00eda nacional ni el ejercito que tienen el deber de proteger a la poblaci\u00f3n civil, tampoco el alcalde ha realizado ning\u00fan consejo de seguridad que se conozca.<\/div>\n<div> \t&nbsp;<\/div>\n<div> \t<strong>9.<\/strong> El d\u00eda domingo 25 de enero a las 7 de la noche el se\u00f1or RUBIANO ROSALES POSO fue ultimado a tiros por desconocidos que ingresaron &nbsp;en una motocicleta hasta el cabildo Ed\u00e9n Cartagena, este hecho tiene consternada a toda la poblaci\u00f3n puesto que era un comunero que no ten\u00eda antecedentes y gozaba de una buena reputaci\u00f3n en la comunidad.<\/div>\n<div> \t&nbsp;<\/div>\n<div> \t<strong>Ante lo sucedido exigimos:<\/strong><\/div>\n<div> \tA los organismos Judiciales y defensores del derechos humanos &nbsp;que adelanten el debido proceso de investigaci\u00f3n y se haga justicia, al tiempo que exigimos m\u00e1s atenci\u00f3n y protecci\u00f3n para nuestra poblaci\u00f3n que se encuentra en estado de vulnerabilidad permanente.<\/div>\n<div> \t&nbsp;<\/div>\n<div> \tCon copia a &nbsp;Alcald\u00eda municipal de Ricaurte, Polic\u00eda nacional, &nbsp;Defensor\u00eda del pueblo, Fiscal\u00eda general de la naci\u00f3n, Personer\u00eda municipal, ACNUR, Derechos Humanos.<\/div>\n<div> \t&nbsp;<\/div>\n<div> \t<strong>CABILDO INTEGRADO &nbsp;ED\u00c9N CARTAGENA.<\/strong><\/div>\n<div> \t&nbsp;<\/div>\n<div> \thttp:\/\/www.diarioindigena.com\/index.php\/pueblos-originarios\/pueblos-indigenas\/colombia\/item\/477-colombia-comunicado-a-la-opini%C3%B3n-p%C3%BAblica-desde-el-pueblo-aw%C3%A1<\/div>\n","protected":false},"excerpt":{"rendered":"<p>El Cabildo Integrado Ed\u00e9n Cartagena del Municipio de Ricaurte Nari\u00f1o hace el siguiente pronunciamiento ante la opini\u00f3n p\u00fablica Municipal, departamental, Nacional e Internacional.<\/p>\n","protected":false},"author":2,"featured_media":0,"comment_status":"open","ping_status":"open","sticky":false,"template":"","format":"standard","meta":[],"categories":[61],"tags":[],"_links":{"self":[{"href":"https:\/\/tejidohistorico.afrodescendientes.com\/index.php\/wp-json\/wp\/v2\/posts\/7937"}],"collection":[{"href":"https:\/\/tejidohistorico.afrodescendientes.com\/index.php\/wp-json\/wp\/v2\/posts"}],"about":[{"href":"https:\/\/tejidohistorico.afrodescendientes.com\/index.php\/wp-json\/wp\/v2\/types\/post"}],"author":[{"embeddable":true,"href":"https:\/\/tejidohistorico.afrodescendientes.com\/index.php\/wp-json\/wp\/v2\/users\/2"}],"replies":[{"embeddable":true,"href":"https:\/\/tejidohistorico.afrodescendientes.com\/index.php\/wp-json\/wp\/v2\/comments?post=7937"}],"version-history":[{"count":0,"href":"https:\/\/tejidohistorico.afrodescendientes.com\/index.php\/wp-json\/wp\/v2\/posts\/7937\/revisions"}],"wp:attachment":[{"href":"https:\/\/tejidohistorico.afrodescendientes.com\/index.php\/wp-json\/wp\/v2\/media?parent=7937"}],"wp:term":[{"taxonomy":"category","embeddable":true,"href":"https:\/\/tejidohistorico.afrodescendientes.com\/index.php\/wp-json\/wp\/v2\/categories?post=7937"},{"taxonomy":"post_tag","embeddable":true,"href":"https:\/\/tejidohistorico.afrodescendientes.com\/index.php\/wp-json\/wp\/v2\/tags?post=7937"}],"curies":[{"name":"wp","href":"https:\/\/api.w.org\/{rel}","templated":true}]}}