{"id":7938,"date":"2015-02-06T17:36:28","date_gmt":"2015-02-06T17:36:28","guid":{"rendered":"http:\/\/www2.nasaacin.org\/index.php\/2015\/02\/06\/alerta-nuevos-actos-de-intimidacion-de-maxima-y-jaime-chaupe\/"},"modified":"2015-02-06T17:36:28","modified_gmt":"2015-02-06T17:36:28","slug":"alerta-nuevos-actos-de-intimidacion-de-maxima-y-jaime-chaupe","status":"publish","type":"post","link":"https:\/\/tejidohistorico.afrodescendientes.com\/index.php\/2015\/02\/06\/alerta-nuevos-actos-de-intimidacion-de-maxima-y-jaime-chaupe\/","title":{"rendered":"ALERTA: Nuevos actos de intimidaci\u00f3n de Maxima y Jaime Chaupe"},"content":{"rendered":"<div> \tJaime Chaupe, esposo de Maxima Acu\u00f1a de Chaupe, reporta que desde las 10.00am aproximadamente 300 trabajadores de la empresa minera Yanacocha trataron de entrar a su terreno agresivamente y que ahora est\u00e1n en los alrededores del terreno proclamando que van a construir un campamento para la mina. Tambi\u00e9n hay presencia de aproximadamente 40 polic\u00edas armados y con escudos. Los trabajadores est\u00e1n armados con picos y traen barretas y mayas.<\/div>\n<div> \t&nbsp;<\/div>\n<p>  <!--more-->  <\/p>\n<div> \t&nbsp;<\/div>\n<div> \tDespu\u00e9s de los recientes ataques de intimidaci\u00f3n y acoso del 20 de enero y 03 de febrero contra Maxima y su esposo Jaime, ambos defensores est\u00e1n muy ansiosos y al solo ver a polic\u00edas y trabajadores de la mina cerca de su hogar sienten mucho miedo y temor de ser agredidos otra vez.<\/div>\n<div> \t&nbsp;<\/div>\n<div> \tPor suerte, el compa\u00f1ero Milton Sanchez y otros compa\u00f1eros de Celendin est\u00e1n acompa\u00f1ando a la familia en estos momentos.<\/div>\n<div> \t&nbsp;<\/div>\n<div>\n<p style=\"box-sizing: border-box; margin-bottom: 10px; border: 0px; font-size: 16px; font-family: Raleway; vertical-align: baseline; color: rgb(51, 51, 51); line-height: normal; background-color: rgb(249, 249, 249);\"> \t\t<strong>Pueden escuchar aqu\u00ed el testimonio de Maxima Acu\u00f1a, Jaime Chaupe y Milton Sanchez:<\/strong><\/p>\n<p style=\"box-sizing: border-box; margin-bottom: 10px; border: 0px; font-size: 16px; font-family: Raleway; vertical-align: baseline; color: rgb(51, 51, 51); line-height: normal; background-color: rgb(249, 249, 249);\"> \t\tJaime Chaupe:<\/p>\n<div class=\"mejs-container svg wp-audio-shortcode mejs-audio\" id=\"mep_0\" style=\"box-sizing: border-box; border: 0px; font-size: 16px; font-family: Helvetica, Arial; vertical-align: top; position: relative; clear: both; color: rgb(51, 51, 51); line-height: normal; width: 720px; height: 30px; background: rgb(34, 34, 34);\">\n<div class=\"mejs-inner\" style=\"box-sizing: border-box; border: 0px; font-weight: inherit; font-style: inherit; vertical-align: baseline;\">\n<div class=\"mejs-mediaelement\" style=\"box-sizing: border-box; border: 0px; font-weight: inherit; font-style: inherit; vertical-align: baseline; position: absolute; top: 0px; left: 0px; width: 720px; height: 30px;\"> \t\t\t\t&nbsp;<\/div>\n<div class=\"mejs-layers\" style=\"box-sizing: border-box; border: 0px; font-weight: inherit; font-style: inherit; vertical-align: baseline;\"> \t\t\t\t&nbsp;<\/div>\n<div class=\"mejs-controls\" style=\"box-sizing: border-box; border: 0px; font-weight: inherit; font-style: inherit; vertical-align: baseline; position: absolute; list-style-type: none; bottom: 0px; left: 0px; height: 30px; width: 720px; background-image: initial; background-attachment: initial; background-size: initial; background-origin: initial; background-clip: initial; background-position: initial; background-repeat: initial;\">\n<div class=\"mejs-button mejs-playpause-button mejs-play\" style=\"box-sizing: border-box; border: 0px; font-weight: inherit; font-style: inherit; font-size: 11px; vertical-align: baseline; list-style-type: none; float: left; width: 26px; height: 26px; line-height: 11px; background-image: none;\"> \t\t\t\t\t<button aria-controls=\"mep_0\" aria-label=\"Reproducir\/Pausar\" style=\"font-size: 0px; text-shadow: rgba(0, 0, 0, 0.298039) 0px 1px 0px; cursor: pointer; border-top-left-radius: 3px; border-top-right-radius: 3px; border-bottom-right-radius: 3px; border-bottom-left-radius: 3px; border: 0px; -webkit-box-shadow: rgba(255, 255, 255, 0.298039) 0px 1px 0px inset, rgba(0, 0, 0, 0.290196) 0px 1px 2px; box-shadow: rgba(255, 255, 255, 0.298039) 0px 1px 0px inset, rgba(0, 0, 0, 0.290196) 0px 1px 2px; margin: 7px 5px; line-height: 0; display: block; position: absolute; height: 16px; width: 16px; color: rgb(255, 255, 255) !important; background-image: url(http:\/\/redulam.org\/wp-includes\/js\/mediaelement\/controls.svg); background-attachment: initial; background-size: initial; background-origin: initial; background-clip: initial; background-position: 0px 0px; background-repeat: no-repeat;\" title=\"Reproducir\/Pausar\" type=\"button\"><\/button><\/div>\n<div class=\"mejs-time mejs-currenttime-container\" style=\"box-sizing: content-box; padding-top: 8px; padding-right: 3px; padding-left: 3px; border: 0px; font-weight: inherit; font-style: inherit; font-size: 11px; vertical-align: baseline; list-style-type: none; float: left; width: auto; height: 17px; line-height: 11px; color: rgb(255, 255, 255); overflow: hidden; text-align: center; background-image: none;\"> \t\t\t\t\t<span class=\"mejs-currenttime\" style=\"box-sizing: border-box; margin-top: 1px; margin-right: 2px; border: 0px; font-weight: inherit; font-style: inherit; vertical-align: baseline; line-height: 12px; display: block; float: left; width: auto;\">00:00<\/span><\/div>\n<div class=\"mejs-time-rail\" style=\"box-sizing: border-box; padding-top: 5px; border: 0px; font-weight: inherit; font-style: inherit; font-size: 11px; vertical-align: baseline; list-style-type: none; float: left; width: 538px; height: 26px; line-height: 11px; direction: ltr; background-image: none;\"> \t\t\t\t\t&nbsp;<\/div>\n<div class=\"mejs-time mejs-duration-container\" style=\"box-sizing: content-box; padding-top: 8px; padding-right: 3px; padding-left: 3px; border: 0px; font-weight: inherit; font-style: inherit; font-size: 11px; vertical-align: baseline; list-style-type: none; float: left; width: auto; height: 17px; line-height: 11px; color: rgb(255, 255, 255); overflow: hidden; text-align: center; background-image: none;\"> \t\t\t\t\t<span class=\"mejs-duration\" style=\"box-sizing: border-box; margin-top: 1px; margin-right: 2px; border: 0px; font-weight: inherit; font-style: inherit; vertical-align: baseline; line-height: 12px; display: block; float: left; width: auto;\">01:18<\/span><\/div>\n<div class=\"mejs-button mejs-volume-button mejs-mute\" style=\"box-sizing: border-box; border: 0px; font-weight: inherit; font-style: inherit; font-size: 11px; vertical-align: baseline; position: relative; list-style-type: none; float: left; width: 26px; height: 26px; line-height: 11px; background-image: none;\"> \t\t\t\t\t<button aria-controls=\"mep_0\" aria-label=\"Desactivar sonido\" style=\"font-size: 0px; text-shadow: rgba(0, 0, 0, 0.298039) 0px 1px 0px; cursor: pointer; border-top-left-radius: 3px; border-top-right-radius: 3px; border-bottom-right-radius: 3px; border-bottom-left-radius: 3px; border: 0px; -webkit-box-shadow: rgba(255, 255, 255, 0.298039) 0px 1px 0px inset, rgba(0, 0, 0, 0.290196) 0px 1px 2px; box-shadow: rgba(255, 255, 255, 0.298039) 0px 1px 0px inset, rgba(0, 0, 0, 0.290196) 0px 1px 2px; margin: 7px 5px; line-height: 0; display: block; position: absolute; height: 16px; width: 16px; color: rgb(255, 255, 255) !important; background-image: url(http:\/\/redulam.org\/wp-includes\/js\/mediaelement\/controls.svg); background-attachment: initial; background-size: initial; background-origin: initial; background-clip: initial; background-position: -16px -16px; background-repeat: no-repeat;\" title=\"Desactivar sonido\" type=\"button\"><\/button><\/div>\n<div class=\"mejs-horizontal-volume-slider mejs-mute\" style=\"box-sizing: border-box; border: 0px; font-weight: inherit; font-style: inherit; font-size: 11px; vertical-align: baseline; list-style-type: none; float: left; width: 60px; height: 26px; line-height: 11px; position: relative; background-image: none;\">\n<div class=\"mejs-horizontal-volume-total\" style=\"box-sizing: border-box; border: 0px; font-weight: inherit; font-style: inherit; font-size: 1px; vertical-align: baseline; list-style-type: none; float: left; width: 50px; height: 8px; position: absolute; left: 0px; top: 11px; border-top-left-radius: 0px; border-top-right-radius: 0px; border-bottom-right-radius: 0px; border-bottom-left-radius: 0px; background: rgba(255, 255, 255, 0.329412);\"> \t\t\t\t\t\t&nbsp;<\/div>\n<div class=\"mejs-horizontal-volume-current\" style=\"box-sizing: border-box; border: 0px; font-weight: inherit; font-style: inherit; font-size: 1px; vertical-align: baseline; list-style-type: none; float: left; width: 50px; height: 8px; position: absolute; left: 0px; top: 11px; border-top-left-radius: 0px; border-top-right-radius: 0px; border-bottom-right-radius: 0px; border-bottom-left-radius: 0px; background: rgb(255, 255, 255);\"> \t\t\t\t\t\t&nbsp;<\/div>\n<\/p><\/div>\n<\/p><\/div>\n<div class=\"mejs-clear\" style=\"box-sizing: border-box; border: 0px; font-weight: inherit; font-style: inherit; vertical-align: baseline; clear: both;\"> \t\t\t\t&nbsp;<\/div>\n<\/p><\/div>\n<\/p><\/div>\n<p style=\"box-sizing: border-box; margin-bottom: 10px; border: 0px; font-size: 16px; font-family: Raleway; vertical-align: baseline; color: rgb(51, 51, 51); line-height: normal; background-color: rgb(249, 249, 249);\"> \t\t&nbsp;<\/p>\n<p style=\"box-sizing: border-box; margin-bottom: 10px; border: 0px; font-size: 16px; font-family: Raleway; vertical-align: baseline; color: rgb(51, 51, 51); line-height: normal; background-color: rgb(249, 249, 249);\"> \t\tMilton Sanchez:<\/p>\n<div class=\"mejs-container svg wp-audio-shortcode mejs-audio\" id=\"mep_1\" style=\"box-sizing: border-box; border: 0px; font-size: 16px; font-family: Helvetica, Arial; vertical-align: top; position: relative; clear: both; color: rgb(51, 51, 51); line-height: normal; width: 720px; height: 30px; background: rgb(34, 34, 34);\">\n<div class=\"mejs-inner\" style=\"box-sizing: border-box; border: 0px; font-weight: inherit; font-style: inherit; vertical-align: baseline;\">\n<div class=\"mejs-mediaelement\" style=\"box-sizing: border-box; border: 0px; font-weight: inherit; font-style: inherit; vertical-align: baseline; position: absolute; top: 0px; left: 0px; width: 720px; height: 30px;\"> \t\t\t\t&nbsp;<\/div>\n<div class=\"mejs-layers\" style=\"box-sizing: border-box; border: 0px; font-weight: inherit; font-style: inherit; vertical-align: baseline;\"> \t\t\t\t&nbsp;<\/div>\n<div class=\"mejs-controls\" style=\"box-sizing: border-box; border: 0px; font-weight: inherit; font-style: inherit; vertical-align: baseline; position: absolute; list-style-type: none; bottom: 0px; left: 0px; height: 30px; width: 720px; background-image: initial; background-attachment: initial; background-size: initial; background-origin: initial; background-clip: initial; background-position: initial; background-repeat: initial;\">\n<div class=\"mejs-button mejs-playpause-button mejs-play\" style=\"box-sizing: border-box; border: 0px; font-weight: inherit; font-style: inherit; font-size: 11px; vertical-align: baseline; list-style-type: none; float: left; width: 26px; height: 26px; line-height: 11px; background-image: none;\"> \t\t\t\t\t<button aria-controls=\"mep_1\" aria-label=\"Reproducir\/Pausar\" style=\"font-size: 0px; text-shadow: rgba(0, 0, 0, 0.298039) 0px 1px 0px; cursor: pointer; border-top-left-radius: 3px; border-top-right-radius: 3px; border-bottom-right-radius: 3px; border-bottom-left-radius: 3px; border: 0px; -webkit-box-shadow: rgba(255, 255, 255, 0.298039) 0px 1px 0px inset, rgba(0, 0, 0, 0.290196) 0px 1px 2px; box-shadow: rgba(255, 255, 255, 0.298039) 0px 1px 0px inset, rgba(0, 0, 0, 0.290196) 0px 1px 2px; margin: 7px 5px; line-height: 0; display: block; position: absolute; height: 16px; width: 16px; color: rgb(255, 255, 255) !important; background-image: url(http:\/\/redulam.org\/wp-includes\/js\/mediaelement\/controls.svg); background-attachment: initial; background-size: initial; background-origin: initial; background-clip: initial; background-position: 0px 0px; background-repeat: no-repeat;\" title=\"Reproducir\/Pausar\" type=\"button\"><\/button><\/div>\n<div class=\"mejs-time mejs-currenttime-container\" style=\"box-sizing: content-box; padding-top: 8px; padding-right: 3px; padding-left: 3px; border: 0px; font-weight: inherit; font-style: inherit; font-size: 11px; vertical-align: baseline; list-style-type: none; float: left; width: auto; height: 17px; line-height: 11px; color: rgb(255, 255, 255); overflow: hidden; text-align: center; background-image: none;\"> \t\t\t\t\t<span class=\"mejs-currenttime\" style=\"box-sizing: border-box; margin-top: 1px; margin-right: 2px; border: 0px; font-weight: inherit; font-style: inherit; vertical-align: baseline; line-height: 12px; display: block; float: left; width: auto;\">00:00<\/span><\/div>\n<div class=\"mejs-time-rail\" style=\"box-sizing: border-box; padding-top: 5px; border: 0px; font-weight: inherit; font-style: inherit; font-size: 11px; vertical-align: baseline; list-style-type: none; float: left; width: 538px; height: 26px; line-height: 11px; direction: ltr; background-image: none;\"> \t\t\t\t\t&nbsp;<\/div>\n<div class=\"mejs-time mejs-duration-container\" style=\"box-sizing: content-box; padding-top: 8px; padding-right: 3px; padding-left: 3px; border: 0px; font-weight: inherit; font-style: inherit; font-size: 11px; vertical-align: baseline; list-style-type: none; float: left; width: auto; height: 17px; line-height: 11px; color: rgb(255, 255, 255); overflow: hidden; text-align: center; background-image: none;\"> \t\t\t\t\t<span class=\"mejs-duration\" style=\"box-sizing: border-box; margin-top: 1px; margin-right: 2px; border: 0px; font-weight: inherit; font-style: inherit; vertical-align: baseline; line-height: 12px; display: block; float: left; width: auto;\">00:25<\/span><\/div>\n<div class=\"mejs-button mejs-volume-button mejs-mute\" style=\"box-sizing: border-box; border: 0px; font-weight: inherit; font-style: inherit; font-size: 11px; vertical-align: baseline; position: relative; list-style-type: none; float: left; width: 26px; height: 26px; line-height: 11px; background-image: none;\"> \t\t\t\t\t<button aria-controls=\"mep_1\" aria-label=\"Desactivar sonido\" style=\"font-size: 0px; text-shadow: rgba(0, 0, 0, 0.298039) 0px 1px 0px; cursor: pointer; border-top-left-radius: 3px; border-top-right-radius: 3px; border-bottom-right-radius: 3px; border-bottom-left-radius: 3px; border: 0px; -webkit-box-shadow: rgba(255, 255, 255, 0.298039) 0px 1px 0px inset, rgba(0, 0, 0, 0.290196) 0px 1px 2px; box-shadow: rgba(255, 255, 255, 0.298039) 0px 1px 0px inset, rgba(0, 0, 0, 0.290196) 0px 1px 2px; margin: 7px 5px; line-height: 0; display: block; position: absolute; height: 16px; width: 16px; color: rgb(255, 255, 255) !important; background-image: url(http:\/\/redulam.org\/wp-includes\/js\/mediaelement\/controls.svg); background-attachment: initial; background-size: initial; background-origin: initial; background-clip: initial; background-position: -16px -16px; background-repeat: no-repeat;\" title=\"Desactivar sonido\" type=\"button\"><\/button><\/div>\n<div class=\"mejs-horizontal-volume-slider mejs-mute\" style=\"box-sizing: border-box; border: 0px; font-weight: inherit; font-style: inherit; font-size: 11px; vertical-align: baseline; list-style-type: none; float: left; width: 60px; height: 26px; line-height: 11px; position: relative; background-image: none;\">\n<div class=\"mejs-horizontal-volume-total\" style=\"box-sizing: border-box; border: 0px; font-weight: inherit; font-style: inherit; font-size: 1px; vertical-align: baseline; list-style-type: none; float: left; width: 50px; height: 8px; position: absolute; left: 0px; top: 11px; border-top-left-radius: 0px; border-top-right-radius: 0px; border-bottom-right-radius: 0px; border-bottom-left-radius: 0px; background: rgba(255, 255, 255, 0.329412);\"> \t\t\t\t\t\t&nbsp;<\/div>\n<div class=\"mejs-horizontal-volume-current\" style=\"box-sizing: border-box; border: 0px; font-weight: inherit; font-style: inherit; font-size: 1px; vertical-align: baseline; list-style-type: none; float: left; width: 50px; height: 8px; position: absolute; left: 0px; top: 11px; border-top-left-radius: 0px; border-top-right-radius: 0px; border-bottom-right-radius: 0px; border-bottom-left-radius: 0px; background: rgb(255, 255, 255);\"> \t\t\t\t\t\t&nbsp;<\/div>\n<\/p><\/div>\n<\/p><\/div>\n<div class=\"mejs-clear\" style=\"box-sizing: border-box; border: 0px; font-weight: inherit; font-style: inherit; vertical-align: baseline; clear: both;\"> \t\t\t\t&nbsp;<\/div>\n<\/p><\/div>\n<\/p><\/div>\n<p style=\"box-sizing: border-box; margin-bottom: 10px; border: 0px; font-size: 16px; font-family: Raleway; vertical-align: baseline; color: rgb(51, 51, 51); line-height: normal; background-color: rgb(249, 249, 249);\"> \t\t&nbsp;<\/p>\n<p style=\"box-sizing: border-box; margin-bottom: 10px; border: 0px; font-size: 16px; font-family: Raleway; vertical-align: baseline; color: rgb(51, 51, 51); line-height: normal; background-color: rgb(249, 249, 249);\"> \t\t<span style=\"font-size:16px;\"><strong style=\"color: rgb(178, 34, 34); font-size: 14px; line-height: 19.200000762939453px;\">La voz de Maxima Acu\u00f1a se transmiti\u00f3 en radio l\u00edder de Cajamarca.<\/strong><\/span><\/p>\n<\/p><\/div>\n<p> \t<iframe loading=\"lazy\" allowfullscreen=\"\" frameborder=\"0\" height=\"315\" src=\"https:\/\/www.youtube.com\/embed\/OYwFIwlSdSI\" width=\"560\"><\/iframe><\/p>\n<div> \t&nbsp;<\/div>\n<div> \t&nbsp;<\/div>\n<div> \tLeer aqui nuestra denuncia p\u00fablica sobre el incidente del 03 de Febrero 2015<\/div>\n<div> \t&nbsp;<\/div>\n<div> \t<img alt=\"Denuncia Publica - M\u00e1xima Acu\u00f1a-page-001\" src=\"https:\/\/i0.wp.com\/redulam.org\/wp-content\/uploads\/2015\/02\/Denuncia-Publica-M%C3%A1xima-Acu%C3%B1a-page-001-723x1024.jpg\" \/>https:\/\/celendinlibre.wordpress.com\/2015\/02\/06\/alerta-nuevos-actos-de-intimidacion-de-maxima-y-jaime-chaupe\/<\/div>\n<div> \t&nbsp;<\/div>\n","protected":false},"excerpt":{"rendered":"<p>Jaime Chaupe, esposo de Maxima Acu\u00f1a de Chaupe, reporta que desde las 10.00am aproximadamente 300 trabajadores de la empresa minera Yanacocha trataron de entrar a su terreno agresivamente y que ahora est\u00e1n [&hellip;]<\/p>\n","protected":false},"author":2,"featured_media":0,"comment_status":"open","ping_status":"open","sticky":false,"template":"","format":"standard","meta":[],"categories":[3],"tags":[],"_links":{"self":[{"href":"https:\/\/tejidohistorico.afrodescendientes.com\/index.php\/wp-json\/wp\/v2\/posts\/7938"}],"collection":[{"href":"https:\/\/tejidohistorico.afrodescendientes.com\/index.php\/wp-json\/wp\/v2\/posts"}],"about":[{"href":"https:\/\/tejidohistorico.afrodescendientes.com\/index.php\/wp-json\/wp\/v2\/types\/post"}],"author":[{"embeddable":true,"href":"https:\/\/tejidohistorico.afrodescendientes.com\/index.php\/wp-json\/wp\/v2\/users\/2"}],"replies":[{"embeddable":true,"href":"https:\/\/tejidohistorico.afrodescendientes.com\/index.php\/wp-json\/wp\/v2\/comments?post=7938"}],"version-history":[{"count":0,"href":"https:\/\/tejidohistorico.afrodescendientes.com\/index.php\/wp-json\/wp\/v2\/posts\/7938\/revisions"}],"wp:attachment":[{"href":"https:\/\/tejidohistorico.afrodescendientes.com\/index.php\/wp-json\/wp\/v2\/media?parent=7938"}],"wp:term":[{"taxonomy":"category","embeddable":true,"href":"https:\/\/tejidohistorico.afrodescendientes.com\/index.php\/wp-json\/wp\/v2\/categories?post=7938"},{"taxonomy":"post_tag","embeddable":true,"href":"https:\/\/tejidohistorico.afrodescendientes.com\/index.php\/wp-json\/wp\/v2\/tags?post=7938"}],"curies":[{"name":"wp","href":"https:\/\/api.w.org\/{rel}","templated":true}]}}