{"id":7939,"date":"2015-02-07T00:07:57","date_gmt":"2015-02-07T00:07:57","guid":{"rendered":"http:\/\/www2.nasaacin.org\/index.php\/2015\/02\/07\/el-cabildo-de-huellas-caloto-exigen-justicia-y-responsabiliza-a-la-policia-nacional-por-la-masacre-cometida-en-el-nilo-en-el-ano-1991\/"},"modified":"2015-02-07T00:07:57","modified_gmt":"2015-02-07T00:07:57","slug":"el-cabildo-de-huellas-caloto-exigen-justicia-y-responsabiliza-a-la-policia-nacional-por-la-masacre-cometida-en-el-nilo-en-el-ano-1991","status":"publish","type":"post","link":"https:\/\/tejidohistorico.afrodescendientes.com\/index.php\/2015\/02\/07\/el-cabildo-de-huellas-caloto-exigen-justicia-y-responsabiliza-a-la-policia-nacional-por-la-masacre-cometida-en-el-nilo-en-el-ano-1991\/","title":{"rendered":"El Cabildo de Huellas Caloto exigen justicia y responsabiliza a la polic\u00eda nacional por la masacre cometida en el Nilo en el a\u00f1o 1991"},"content":{"rendered":"<div> \tCOMUNICADO A LA OPINI\u00d3N PUBLICA:&nbsp;Despu\u00e9s de 23 a\u00f1os, el CONSEJO DEL ESTADO se pronuncia y declara la responsabilidad administrativa y patrimonial de la polic\u00eda nacional por la masacre cometida el 16 de diciembre de 1991 donde asesinaron vilmente a 20 hermanos ind\u00edgenas del pueblo nasa en la hacienda el Nilo del Resguardo Ind\u00edgena de Huellas Caloto, hecho cometido por integrantes de la polic\u00eda en connivencia con los miembros de las autodefensas de la mafia patrocinados por los terratenientes de la regi\u00f3n.<\/div>\n<p>  <!--more-->  <\/p>\n<div> \t&nbsp;<\/div>\n<\/p>\n<div> \tEl director general &nbsp;de la polic\u00eda nacional ha dispuesto realizar un acto p\u00fablico de reconocimiento, de responsabilidad el d\u00eda 05 de febrero de 2015 a las 10:00am en el parque Orquideorama ubicado en la avenida 2 norte N\u00b0 48-10 barrio La Merced de la ciudad de Cali e igual forma una jornada de asistencia m\u00e9dica y psicol\u00f3gica para atender a 300 ind\u00edgenas de la comunidad de Caloto.<\/div>\n<div> \t&nbsp;<\/div>\n<div> \tEn consecuencia de lo anterior consideramos lo siguiente:<\/div>\n<div> \t&nbsp;<\/div>\n<div> \t1.<span class=\"Apple-tab-span\" style=\"white-space:pre\"> <\/span>Confiamos en que los estrados judiciales y las altas cortes del estado sigan aclarando y produciendo fallos con sentencias que conduzcan por el sendero de la justicia para lograr una reparaci\u00f3n integral del pueblo nasa del Resguardo Ind\u00edgena de Huellas Caloto y el Norte del Cauca.<\/div>\n<div> \t&nbsp;<\/div>\n<div> \t2.<span class=\"Apple-tab-span\" style=\"white-space:pre\"> <\/span>Una vez m\u00e1s este pronunciamiento del consejo del estado nos da la posibilidad de afianzar y sustentar ante la comisi\u00f3n interamericana de derechos humanos el cumplimiento parcial del Gobierno nacional de la reparaci\u00f3n presionada por las acciones pol\u00edticas y pacificas que hemos realizado en las cuales se ha producido m\u00e1s muertos, heridos, amenazados y estigmatizaciones a nuestras autoridades y organizaciones Ind\u00edgenas. Seguiremos en busca del equilibrio y la armon\u00eda de la comunidad como meta hacia la justicia y reparaci\u00f3n integral del Pueblo Nasa.<\/div>\n<div> \t&nbsp;<\/div>\n<div> \t3.<span class=\"Apple-tab-span\" style=\"white-space:pre\"> <\/span>Exigimos que todos los militares, autodefensas, autoridades y ciudadanos civiles que hayan participado intelectual y materialmente en la planeaci\u00f3n, estrategia, t\u00e1ctica y acci\u00f3n directa en esta masacre sean juzgados y condenados bajo el rigor de nuestra justicia como es el caso del General Fabio Casta\u00f1eda y el Mayor Duran Arguelles.<\/div>\n<div> \t&nbsp;<\/div>\n<div> \t4.<span class=\"Apple-tab-span\" style=\"white-space:pre\"> <\/span>El se\u00f1or director general de la polic\u00eda nacional en un gesto unilateral desconociendo los principios constitucionales y derechos fundamentales de los pueblos ind\u00edgenas piensa que en una atenci\u00f3n m\u00e9dica y psicol\u00f3gica despu\u00e9s de 23 a\u00f1os de da\u00f1o provocado por miembros de su instituci\u00f3n va a reparar integralmente la responsabilidad administrativa y patrimonial por la muerte de 20 hermanos ciudadanos de nuestra patria.<\/div>\n<div> \t&nbsp;<\/div>\n<div> \t5.<span class=\"Apple-tab-span\" style=\"white-space:pre\"> <\/span>Invitamos al gobierno nacional y las instituciones de la naci\u00f3n que representan a nuestro estado social de derecho a establecer un mecanismo r\u00e1pido y preciso para que avancemos hacia la reparaci\u00f3n integral del pueblo nasa del Resguardo de Huellas Caloto y el norte del Cauca.<\/div>\n<div> \t&nbsp;<\/div>\n<div> \t05 de febrero de 2015<\/div>\n<div> \t&nbsp;<\/div>\n<div> \t<strong>Cabildo Ind\u00edgena de Huellas &#8211; Caloto &#8211; Cauca &#8211; Colombia<\/strong><\/div>\n","protected":false},"excerpt":{"rendered":"<p>COMUNICADO A LA OPINI\u00d3N PUBLICA:&nbsp;Despu\u00e9s de 23 a\u00f1os, el CONSEJO DEL ESTADO se pronuncia y declara la responsabilidad administrativa y patrimonial de la polic\u00eda nacional por la masacre cometida el 16 de [&hellip;]<\/p>\n","protected":false},"author":2,"featured_media":6449,"comment_status":"open","ping_status":"open","sticky":false,"template":"","format":"standard","meta":[],"categories":[4],"tags":[],"_links":{"self":[{"href":"https:\/\/tejidohistorico.afrodescendientes.com\/index.php\/wp-json\/wp\/v2\/posts\/7939"}],"collection":[{"href":"https:\/\/tejidohistorico.afrodescendientes.com\/index.php\/wp-json\/wp\/v2\/posts"}],"about":[{"href":"https:\/\/tejidohistorico.afrodescendientes.com\/index.php\/wp-json\/wp\/v2\/types\/post"}],"author":[{"embeddable":true,"href":"https:\/\/tejidohistorico.afrodescendientes.com\/index.php\/wp-json\/wp\/v2\/users\/2"}],"replies":[{"embeddable":true,"href":"https:\/\/tejidohistorico.afrodescendientes.com\/index.php\/wp-json\/wp\/v2\/comments?post=7939"}],"version-history":[{"count":0,"href":"https:\/\/tejidohistorico.afrodescendientes.com\/index.php\/wp-json\/wp\/v2\/posts\/7939\/revisions"}],"wp:featuredmedia":[{"embeddable":true,"href":"https:\/\/tejidohistorico.afrodescendientes.com\/index.php\/wp-json\/wp\/v2\/media\/6449"}],"wp:attachment":[{"href":"https:\/\/tejidohistorico.afrodescendientes.com\/index.php\/wp-json\/wp\/v2\/media?parent=7939"}],"wp:term":[{"taxonomy":"category","embeddable":true,"href":"https:\/\/tejidohistorico.afrodescendientes.com\/index.php\/wp-json\/wp\/v2\/categories?post=7939"},{"taxonomy":"post_tag","embeddable":true,"href":"https:\/\/tejidohistorico.afrodescendientes.com\/index.php\/wp-json\/wp\/v2\/tags?post=7939"}],"curies":[{"name":"wp","href":"https:\/\/api.w.org\/{rel}","templated":true}]}}