{"id":8186,"date":"2015-05-15T22:20:48","date_gmt":"2015-05-15T22:20:48","guid":{"rendered":"http:\/\/www2.nasaacin.org\/index.php\/2015\/05\/15\/denuncia-frente-la-violacion-de-los-derechos-humanos-contra-comunidades-afrodescendientes-pcn\/"},"modified":"2015-05-15T22:20:48","modified_gmt":"2015-05-15T22:20:48","slug":"denuncia-frente-la-violacion-de-los-derechos-humanos-contra-comunidades-afrodescendientes-pcn","status":"publish","type":"post","link":"https:\/\/tejidohistorico.afrodescendientes.com\/index.php\/2015\/05\/15\/denuncia-frente-la-violacion-de-los-derechos-humanos-contra-comunidades-afrodescendientes-pcn\/","title":{"rendered":"Denuncia p\u00fablica frente la violaci\u00f3n de los derechos humanos contra comunidades afrodescendientes  PCN"},"content":{"rendered":"<p> \tEl d\u00eda s\u00e1bado 9 de mayo de 2015, aproximadamente a las 5:30 pm, en el municipio de Buenos Aires Cauca fueron masacradas cuatro (4) hombres, que por la informaci\u00f3n que se tiene se dedicaban a la miner\u00eda. Los cuerpos o algunos de ellos fueron sacados por los mismos asesinos y lanzados en inmediaciones del cementerio de Santander de Quilichao.<\/p>\n<p>  <!--more-->  <\/p>\n<p> \t&nbsp;<br \/> \tAl momento se ha establecido que tres de las personas asesinadas son de fuera del territorio del Norte del Cauca y uno de la comunidad de San Antonio. Extendemos nuestros sentidos de condolencia a familiares, amigos y comunidades de las v\u00edctimas. &nbsp;<\/p>\n<p> \tLos hechos ocurrieron el territorio ancestral reconocido y administrado colectivamente por el <strong>Consejo Comunitario Cuenca del Rio Cauca y micro cuenca de Teta y Mazamorrero de Buenos Aires y Santander Quilichao<\/strong>, en inmediaciones de la finca Barranc\u00f3n, a aproximadamente 500 metros de donde funciona una mina ilegal, en la vereda San Miguel. Esta comunidad como otras del territorio ha sido el fort\u00edn de grupos paramilitares desde 1988.<\/p>\n<p> \tEstos hechos ocurren en el marco de la miner\u00eda ilegal que sigue operando en los territorios ancestrales del Norte del Cauca, frente a la cara de las autoridades locales, sin que el gobierno nacional cumpla con los compromisos adquiridos con las comunidades Afrodescendientes de sanear el territorio ancestral de la miner\u00eda ilegal.&nbsp;<\/p>\n<p> \t&nbsp;<br \/> \tExigimos a los entes de seguridad y control del gobierno que hagan presencia inmediata para hacer las investigaciones necesarias, dar con el paradero de los perpetradores y hacer efectiva la justicia sobre tan lamentables hechos criminales en contra de la vida. &nbsp;<\/p>\n<p> \tExigimos al gobierno nacional que cumpla son su deber constitucional y legal de combatir con efectividad la miner\u00eda ilegal en el Norte del Cauca, en el departamento del Cauca y en todo el territorio nacional. &nbsp;<\/p>\n<p> \tSolicitamos a la comunidad nacional e internacional que divulgue esta informaci\u00f3n y exija al gobierno le defensa y protecci\u00f3n de los territorios ancestrales, sus l\u00edderes y lideresas.<br \/> \t&nbsp;<br \/> \tAfirmando la Vida y la Alegr\u00eda, la Esperanza y la Libertad\u2026 &nbsp;<br \/> \tAncestralmente;<\/p>\n<p> \tPROCESO DE COMUNIDADES NEGRAS EN COLOMBIA-PCN<br \/> \t-Equipo de Derechos Humanos<br \/> \t-Consejo Comunitario Cuenca del Rio Cauca y micro-cuenca de Teta y Mazamorrero de Buenos Aires&nbsp; y Santander Quilichao. &nbsp;<br \/> \t&nbsp;<br \/> \t<strong>&nbsp; Proceso de Comunidades Negras en Colombia \u2013 PCN<\/strong><\/p>\n","protected":false},"excerpt":{"rendered":"<p>El d\u00eda s\u00e1bado 9 de mayo de 2015, aproximadamente a las 5:30 pm, en el municipio de Buenos Aires Cauca fueron masacradas cuatro (4) hombres, que por la informaci\u00f3n que se tiene [&hellip;]<\/p>\n","protected":false},"author":4,"featured_media":0,"comment_status":"open","ping_status":"open","sticky":false,"template":"","format":"standard","meta":[],"categories":[61],"tags":[],"_links":{"self":[{"href":"https:\/\/tejidohistorico.afrodescendientes.com\/index.php\/wp-json\/wp\/v2\/posts\/8186"}],"collection":[{"href":"https:\/\/tejidohistorico.afrodescendientes.com\/index.php\/wp-json\/wp\/v2\/posts"}],"about":[{"href":"https:\/\/tejidohistorico.afrodescendientes.com\/index.php\/wp-json\/wp\/v2\/types\/post"}],"author":[{"embeddable":true,"href":"https:\/\/tejidohistorico.afrodescendientes.com\/index.php\/wp-json\/wp\/v2\/users\/4"}],"replies":[{"embeddable":true,"href":"https:\/\/tejidohistorico.afrodescendientes.com\/index.php\/wp-json\/wp\/v2\/comments?post=8186"}],"version-history":[{"count":0,"href":"https:\/\/tejidohistorico.afrodescendientes.com\/index.php\/wp-json\/wp\/v2\/posts\/8186\/revisions"}],"wp:attachment":[{"href":"https:\/\/tejidohistorico.afrodescendientes.com\/index.php\/wp-json\/wp\/v2\/media?parent=8186"}],"wp:term":[{"taxonomy":"category","embeddable":true,"href":"https:\/\/tejidohistorico.afrodescendientes.com\/index.php\/wp-json\/wp\/v2\/categories?post=8186"},{"taxonomy":"post_tag","embeddable":true,"href":"https:\/\/tejidohistorico.afrodescendientes.com\/index.php\/wp-json\/wp\/v2\/tags?post=8186"}],"curies":[{"name":"wp","href":"https:\/\/api.w.org\/{rel}","templated":true}]}}