{"id":8192,"date":"2015-05-18T16:09:41","date_gmt":"2015-05-18T16:09:41","guid":{"rendered":"http:\/\/www2.nasaacin.org\/index.php\/2015\/05\/18\/comunicado-publico-acerca-de-las-amenazas-contra-estudiantes-y-profesores-universitarios-en-bogota\/"},"modified":"2015-05-18T16:09:41","modified_gmt":"2015-05-18T16:09:41","slug":"comunicado-publico-acerca-de-las-amenazas-contra-estudiantes-y-profesores-universitarios-en-bogota","status":"publish","type":"post","link":"https:\/\/tejidohistorico.afrodescendientes.com\/index.php\/2015\/05\/18\/comunicado-publico-acerca-de-las-amenazas-contra-estudiantes-y-profesores-universitarios-en-bogota\/","title":{"rendered":"Comunicado p\u00fablico: Acerca de las amenazas contra estudiantes y profesores universitarios en Bogot\u00e1"},"content":{"rendered":"<div> \tQuienes conformamos el movimiento social Octava Papeleta por la Salud y la Seguridad Social por la Salud y la Seguridad Social como Derechos Fundamentales en Colombia, nos unimos a los diversos sectores sociales, sindicales y acad\u00e9micos, en la denuncia y rechazo total a las amenazas de muerte proferidas d\u00edas atr\u00e1s por estructuras paramilitares que se hacen llamar Aguilas Negras Bloque Capital, contra los l\u00edderes estudiantiles de la Universidad Nacional de Colombia, \u00d3mar Andr\u00e9s G\u00f3mez Orduz, \u00d3scar Mauricio Aponte Moreno, Sebasti\u00e1n Reyes Bejarano, Santiago Pati\u00f1o Ram\u00edrez, Ximena Canal Laiton, Miguel \u00c1ngel Pinz\u00f3n Vel\u00e1squez, Itayosara Rojas Herrera, Luis Eduardo Cuervo Lugo, Sim\u00f3n Ladino Cano, Cristian Camilo Cartagena Ospina y Katherine Alejandra Duque, y contra los profesores Leopoldo M\u00fanera y Mario Hern\u00e1ndez, de la U.N., y Piedad Ortega, de la Universidad Pedag\u00f3gica Nacional.&nbsp;<\/div>\n<p>  <!--more-->  <\/p>\n<div> \t&nbsp;<\/div>\n<div> \tComo defensores y luchadores por el derecho fundamental a la salud, valoramos de extrema gravedad la persistencia de estas pr\u00e1cticas cobardes y criminales, a la vez que criminalizantes de la protesta social y de la libertad de pensamiento y c\u00e1tedra, que deben ser derechos protegidos y promovidos por el Estado, como expresi\u00f3n de los valores democr\u00e1ticos que dice encarnar.<\/div>\n<div> \t&nbsp;<\/div>\n<div> \tLlama la atenci\u00f3n el silencio de las directivas de la Universidad Nacional de Colombia, especialmente de Ignacio Mantilla, reelegido rector en contra de la voluntad mayoritaria de la comunidad universitaria, quien es calificado por los victimarios como \u201cnuestro rector\u201d, pues deber\u00eda ser el primero en descalificar este grav\u00edsimo ataque cuya pretensi\u00f3n es acabar \u201csu mal llamado pensamiento cr\u00edtico\u201d, porque a ellos, cobardes que se escudan en el anonimato de un pasqu\u00edn, les \u201cgusta una universidad (\u2026), sin discursos mamertos de igualdad\u201d.&nbsp;<\/div>\n<div> \t&nbsp;<\/div>\n<div> \tEn nuestra lucha por la salud hemos confirmado una y otra vez que la paz implica salud y vida digna para todos, y por eso mismo no puede ser la de los cementerios, la de la amenaza y la tortura para lograr silencio y unanimismo.&nbsp;<\/div>\n<div> \t&nbsp;<\/div>\n<div> \tManifestamos nuestro total apoyo a los estudiantes universitarios y a los profesores Mario Hern\u00e1ndez, Leopoldo M\u00fanera, Piedad Ortega y Miguel Angel Beltr\u00e1n, a la vez que exigimos al gobierno nacional que adem\u00e1s de pronunciamientos medi\u00e1ticos, investigue, encuentre y sancione a los responsables de estas amenazas, y sobre todo que cumpla su deber constitucional de generar garant\u00edas reales para que en nuestro pa\u00eds se pueda ejercer el derecho a la libre expresi\u00f3n.<\/div>\n<div> \t&nbsp;<\/div>\n<div> \tLlamamos a las organizaciones sociales, sindicales y pol\u00edticas, y a la comunidad nacional e internacional a hacer causa com\u00fan en el en\u00e9rgico y contundente rechazo a estas pr\u00e1cticas intimidatorias, y a exigir plenas garant\u00edas para el ejercicio de los derechos a la educaci\u00f3n, a la libre expresi\u00f3n y a la protesta social.&nbsp;<\/div>\n<div> \t&nbsp;<\/div>\n<div> \tDado en Bogot\u00e1 D.C., el 14 de mayo de 2015&nbsp;<\/div>\n<div> \t&nbsp;<\/div>\n<div> \t<span style=\"color:#000000;\"><span style=\"font-size:14px;\"><strong>Octava Papeleta por la Salud y la Seguridad Social&nbsp;<\/strong><\/span><\/span><\/div>\n<div> \t<span style=\"color:#000000;\"><span style=\"font-size:14px;\"><strong>como Derechos Fundamentales<\/strong><\/span><\/span><\/div>\n<div> \t<span style=\"color:#000000;\"><span style=\"font-size:14px;\"><strong>Correo: OctavaPapeleta.2F@riseup.net&nbsp;<\/strong><\/span><\/span><\/div>\n<div> \t<span style=\"color:#000000;\"><span style=\"font-size:14px;\"><strong>Twitter: OctavaPapelet2F&nbsp;<\/strong><\/span><\/span><\/div>\n<div> \t&nbsp;<\/div>\n<div> \t<span style=\"font-size:14px;\"><strong>Con copia a:<\/strong><\/span><\/div>\n<div> \t&nbsp;<\/div>\n<div> \tDr. Juan Manuel Santos<\/div>\n<div> \tPresidente de la Rep\u00fablica de Colombia<\/div>\n<div> \t(contactopresidencia@presidencia.gov.co)<\/div>\n<div> \t&nbsp;<\/div>\n<div> \tDr. Ignacio Mantilla Prada&nbsp;<\/div>\n<div> \tRector Universidad Nacional de Colombia<\/div>\n<div> \t(rectoriaun@unal.edu.co)<\/div>\n<div> \t&nbsp;<\/div>\n<div> \tDra. Gina Parody<\/div>\n<div> \tMinistra de Educaci\u00f3n Nacional de Colombia<\/div>\n<div> \t(despachoministra@mineducacion.gov.co)<\/div>\n<div> \t&nbsp;<\/div>\n<div> \tDr. Alejandro Gaviria<\/div>\n<div> \tMinistro de Salud y Protecci\u00f3n Social&nbsp;<\/div>\n<div> \t(agaviria@minsalud.gov.co)<\/div>\n<div> \t&nbsp;<\/div>\n<div> \tDr. Eduardo Montealegre Lynett<\/div>\n<div> \tFiscal General de la Naci\u00f3n&nbsp;<\/div>\n<div> \t(derechosdepeticion@fiscalia.gov.co)<\/div>\n<div> \t&nbsp;<\/div>\n<div> \tDr. Armando Otalora<\/div>\n<div> \tDefensor del Pueblo&nbsp;<\/div>\n<div> \t(atencionciudadano@defensoria.gov.co)<\/div>\n<div> \t&nbsp;<\/div>\n<div> \tSr. Todd Howland<\/div>\n<div> \tOficina del Alto Comisionado de Naciones Unidas para los Derechos Humanos<\/div>\n<div> \t(oacnudh@hchr.org.co, quejas@hchr.org.co)<\/div>\n<div> \t&nbsp;<\/div>\n<div> \t&nbsp;<\/div>\n","protected":false},"excerpt":{"rendered":"<p>Quienes conformamos el movimiento social Octava Papeleta por la Salud y la Seguridad Social por la Salud y la Seguridad Social como Derechos Fundamentales en Colombia, nos unimos a los diversos sectores [&hellip;]<\/p>\n","protected":false},"author":2,"featured_media":0,"comment_status":"open","ping_status":"open","sticky":false,"template":"","format":"standard","meta":[],"categories":[61],"tags":[],"_links":{"self":[{"href":"https:\/\/tejidohistorico.afrodescendientes.com\/index.php\/wp-json\/wp\/v2\/posts\/8192"}],"collection":[{"href":"https:\/\/tejidohistorico.afrodescendientes.com\/index.php\/wp-json\/wp\/v2\/posts"}],"about":[{"href":"https:\/\/tejidohistorico.afrodescendientes.com\/index.php\/wp-json\/wp\/v2\/types\/post"}],"author":[{"embeddable":true,"href":"https:\/\/tejidohistorico.afrodescendientes.com\/index.php\/wp-json\/wp\/v2\/users\/2"}],"replies":[{"embeddable":true,"href":"https:\/\/tejidohistorico.afrodescendientes.com\/index.php\/wp-json\/wp\/v2\/comments?post=8192"}],"version-history":[{"count":0,"href":"https:\/\/tejidohistorico.afrodescendientes.com\/index.php\/wp-json\/wp\/v2\/posts\/8192\/revisions"}],"wp:attachment":[{"href":"https:\/\/tejidohistorico.afrodescendientes.com\/index.php\/wp-json\/wp\/v2\/media?parent=8192"}],"wp:term":[{"taxonomy":"category","embeddable":true,"href":"https:\/\/tejidohistorico.afrodescendientes.com\/index.php\/wp-json\/wp\/v2\/categories?post=8192"},{"taxonomy":"post_tag","embeddable":true,"href":"https:\/\/tejidohistorico.afrodescendientes.com\/index.php\/wp-json\/wp\/v2\/tags?post=8192"}],"curies":[{"name":"wp","href":"https:\/\/api.w.org\/{rel}","templated":true}]}}