{"id":8219,"date":"2015-05-26T14:36:26","date_gmt":"2015-05-26T14:36:26","guid":{"rendered":"http:\/\/www2.nasaacin.org\/index.php\/2015\/05\/26\/comunidad-nasa-de-huellas-caloto-rechaza-las-agresiones-del-esmad-contra-sus-pueblo-y-la-poblacion-liberadora-de-madre-tierra-en-corinto-cauca\/"},"modified":"2015-05-26T14:36:26","modified_gmt":"2015-05-26T14:36:26","slug":"comunidad-nasa-de-huellas-caloto-rechaza-las-agresiones-del-esmad-contra-sus-pueblo-y-la-poblacion-liberadora-de-madre-tierra-en-corinto-cauca","status":"publish","type":"post","link":"https:\/\/tejidohistorico.afrodescendientes.com\/index.php\/2015\/05\/26\/comunidad-nasa-de-huellas-caloto-rechaza-las-agresiones-del-esmad-contra-sus-pueblo-y-la-poblacion-liberadora-de-madre-tierra-en-corinto-cauca\/","title":{"rendered":"Comunidad Nasa de Huellas Caloto rechaza las agresiones del ESMAD contra su pueblo y  la poblaci\u00f3n liberadora de la Madre tierra  en Corinto Cauca"},"content":{"rendered":"<p style=\"text-align: justify;\"> \t<em><strong>El derecho a la tierra y el territorio es la esencia del pueblo ind\u00edgena para poder hablar de paz<\/strong><\/em>.<br \/> \tLas comunidades ind\u00edgenas del&nbsp; resguardo de Huellas Caloto, rechazan y ven con mucha preocupaci\u00f3n la violencia que utiliza la fuerza p\u00fablica para desalojar a las comunidades que se encuentran haciendo el leg\u00edtimo ejercicio de liberaci\u00f3n de la Madre Tierra.<\/p>\n<p>  <!--more-->  <\/p>\n<p style=\"text-align: justify;\"> \t&nbsp;<\/p>\n<p style=\"text-align: justify;\">\n<p style=\"text-align: justify;\"> \tEn la memoria de cada una de las personas que habitamos el territorio, nos queda marcado en el coraz\u00f3n y la mente las innumerables situaciones de agresi\u00f3n que se cometen en contra del Pueblo Nasa que, a pesar de la exclusi\u00f3n estructural a que ha sido sometida por siglos, a\u00fan sigue viva con el sue\u00f1o de alg\u00fan d\u00eda vivir en paz y armon\u00eda en el territorio.<\/p>\n<p> \tRechazamos y nos solidarizamos con los recientes hechos de violencia que padecen los comuneros y comuneras que se encuentran en el territorio de Corinto en donde por m\u00e1s de 5 meses han sido constantemente asediados por la fuerza p\u00fablica.<\/p>\n<p> \tAl pueblo ind\u00edgena que se encuentra desarmado y que reclama una reforma agraria se le trata como a los peores delincuentes o terroristas. Se nos informa de la presencia de \u201c6 tanquetas, mil miembros del ESMAD, aproximadamente 30 tractores, un grupo de carabineros acorazados y de a caballo, supuestos corteros de ca\u00f1a quienes se cubr\u00edan los rostros y helic\u00f3pteros que violentamente asaltaron a las comunidades en horas de la ma\u00f1ana del d\u00eda 22 de mayo de 2015 para desalojarlos \u2013 de ese hecho infame se presentan 7 comuneros heridos, casas incendiadas, hect\u00e1reas de alimentos destruidas, comunidades desplazadas, 2 comuneros retenidos por hombres de civil que se identificaron como miembros de la polic\u00eda nacional\u201d.<\/p>\n<p> \tEsta lamentable situaci\u00f3n, al igual que la de todos los cabildos del norte del Cauca agrupados en la ACIN, nos preocupa de manera particular porque ya sabemos la respuesta y como es que act\u00faa el gobierno de turno en contra de las personas que reclaman el derecho a la tierra.<\/p>\n<p> \tDesde ya estamos informando y recordando a todo el pueblo Colombiano que desde el 5 de marzo de 2015, las comunidades del norte del Cauca tambi\u00e9n se encuentran liberando la Madre Tierra en la finca la Emperatriz, en ella hemos sembrado comida (ma\u00edz, fr\u00edjol, pl\u00e1tano\u2026). Hemos resistido y continuaremos liberando la Madre Tierra.<\/p>\n<p> \tNos acogemos a las justas reclamaciones que hace la Asociaci\u00f3n de Cabildos Ind\u00edgenas del Norte del Cauca para que cese las agresiones y sobre todo se abstenga de repetirlas en los diferentes sitios de liberaci\u00f3n.<\/p>\n<p> \tConvocamos a los organismos de defensa de los Derechos Humanos para que est\u00e9n atentos a las posibles consecuencias de los ataques de la fuerza p\u00fablica en contra de la comunidad que libera la Madre Tierra como un ejercicio de permanencia en los territorios ancestrales del pueblo nasa.<\/p>\n<p> \t<strong>AUTORIDADES IND\u00cdGENAS DEL RESGUARDO DE HUELLAS CALOTO<\/strong><\/p>\n","protected":false},"excerpt":{"rendered":"<p>El derecho a la tierra y el territorio es la esencia del pueblo ind\u00edgena para poder hablar de paz. Las comunidades ind\u00edgenas del&nbsp; resguardo de Huellas Caloto, rechazan y ven con mucha [&hellip;]<\/p>\n","protected":false},"author":4,"featured_media":0,"comment_status":"open","ping_status":"open","sticky":false,"template":"","format":"standard","meta":[],"categories":[4],"tags":[],"_links":{"self":[{"href":"https:\/\/tejidohistorico.afrodescendientes.com\/index.php\/wp-json\/wp\/v2\/posts\/8219"}],"collection":[{"href":"https:\/\/tejidohistorico.afrodescendientes.com\/index.php\/wp-json\/wp\/v2\/posts"}],"about":[{"href":"https:\/\/tejidohistorico.afrodescendientes.com\/index.php\/wp-json\/wp\/v2\/types\/post"}],"author":[{"embeddable":true,"href":"https:\/\/tejidohistorico.afrodescendientes.com\/index.php\/wp-json\/wp\/v2\/users\/4"}],"replies":[{"embeddable":true,"href":"https:\/\/tejidohistorico.afrodescendientes.com\/index.php\/wp-json\/wp\/v2\/comments?post=8219"}],"version-history":[{"count":0,"href":"https:\/\/tejidohistorico.afrodescendientes.com\/index.php\/wp-json\/wp\/v2\/posts\/8219\/revisions"}],"wp:attachment":[{"href":"https:\/\/tejidohistorico.afrodescendientes.com\/index.php\/wp-json\/wp\/v2\/media?parent=8219"}],"wp:term":[{"taxonomy":"category","embeddable":true,"href":"https:\/\/tejidohistorico.afrodescendientes.com\/index.php\/wp-json\/wp\/v2\/categories?post=8219"},{"taxonomy":"post_tag","embeddable":true,"href":"https:\/\/tejidohistorico.afrodescendientes.com\/index.php\/wp-json\/wp\/v2\/tags?post=8219"}],"curies":[{"name":"wp","href":"https:\/\/api.w.org\/{rel}","templated":true}]}}