{"id":8220,"date":"2015-05-26T14:49:11","date_gmt":"2015-05-26T14:49:11","guid":{"rendered":"http:\/\/www2.nasaacin.org\/index.php\/2015\/05\/26\/lo-que-cuesta-la-libertad-de-la-madre-tierra\/"},"modified":"2015-05-26T14:49:11","modified_gmt":"2015-05-26T14:49:11","slug":"lo-que-cuesta-la-libertad-de-la-madre-tierra","status":"publish","type":"post","link":"https:\/\/tejidohistorico.afrodescendientes.com\/index.php\/2015\/05\/26\/lo-que-cuesta-la-libertad-de-la-madre-tierra\/","title":{"rendered":"\u00a1Lo que cuesta la libertad de la Madre Tierra!"},"content":{"rendered":"<div> \t<\/div>\n<div> \t&nbsp;<\/div>\n<div> \tComunicado a la opini\u00f3n p\u00fablica. Despu\u00e9s de noventa (90) d\u00edas de calma, de trabajo mancomunado de hombres, mujeres, ni\u00f1os y ancianos, convencidos laboraron en mingas comunitarias, para plantar en el ma\u00edz en las 500 H. Alimento para las familias que ser\u00e1n compartidas entre todos como bien mandata los principios de la comunidad Nasa.<\/div>\n<p>  <!--more-->  <\/p>\n<div> \t&nbsp;<\/div>\n<div> \tComunidad que reconoce las tierras planas como propias, las cuales fueron arrebatadas por acto de mala fe, vali\u00e9ndose de la violencia y argumentaciones legales. Las reclaman por ser propias, m\u00e1s aun tras el incumplimiento de reparaci\u00f3n por parte del Estado por la masacre del Nilo. Donde una actuaci\u00f3n conjunta con agentes de la polic\u00eda nacional y actores del narcotr\u00e1fico, dieron muerte a 20 j\u00f3venes ind\u00edgenas de la comunidad del Pueblo Nasa.<\/div>\n<div> \t&nbsp;<\/div>\n<div> \tPosteriormente en entre los a\u00f1os 2000 y 2001 se perpetuaron la masacre de Gualanday, San Pedro, Guachene y Naya, sin que hasta ahora la justicia haya esclarecido los responsables. Pese a las recomendaciones de la CIDH y el Plan de Salvaguarda del Pueblo Nasa en el a\u00f1o 2011 se dio la masacre de Gargantillas.<\/div>\n<div> \t&nbsp;<\/div>\n<div> \t<span style=\"color:#b22222;\"><span style=\"font-size:14px;\"><strong>HECHOS:<\/strong><\/span><\/span><\/div>\n<div> \t&nbsp;<\/div>\n<div> \t<img src=\"http:\/\/www.cric-colombia.org\/portal\/wp-content\/uploads\/2015\/05\/Corinto_2.jpg\" style=\"height: 476px; width: 650px;\" \/><\/div>\n<div> \t&nbsp;<\/div>\n<div> \tEl d\u00eda 22 de mayo de 2015, entre las 6:45 am. y 7:00 am. Se inicio la operaci\u00f3n conjunta de desalojo en las fincas, Miraflores, Garc\u00eda arriba, Garc\u00eda abajo, Caucana, El Cultivo, Quebrada Seca y Granadita; por agentes del ESMAD, la polic\u00eda nacional, caballer\u00eda y ej\u00e9rcito nacional, con apoyo a\u00e9reo, intimidaron a los ind\u00edgenas, destruyendo los sembrados de ma\u00edz y las casas. Como en los tiempos anteriores, el gobierno nacional utilizando la fuerza, expropi\u00f3 el territorio ancestral. La polic\u00eda de carabineros, dispar\u00f3 con escopeta chango granadas envueltas con grapas; atacando a la poblaci\u00f3n ind\u00edgena que se defend\u00eda con bastones y caucheras. Adicional a esto, con maquinaria agr\u00edcola \u2013 tractores-. Destru\u00eda y arrazaban los sembrados de pancoger que reverdec\u00eda en nuestras tierras. Como bien lo manifest\u00f3 un Mayor <em>\u201c\u2026 fue de esta manera y con la misma estrategia, quemaron nuestras viviendas, destruyeron cultivos, mataron a nuestros hermanos y se apoderaron de estas tierras planas que son nuestra porque el rico jam\u00e1s nos compr\u00f3 estas tierras, llev\u00e1ndose nuestros t\u00edtulos de territorio ancestral dizque prestado, para hacer copia y nunca lo devolvi\u00f3\u2026\u201d&nbsp;<\/em><\/div>\n<div> \t&nbsp;<\/div>\n<div> \tLa fuerza p\u00fablica con el prop\u00f3sito de estigmatizar y judicializar a nuestros l\u00edderes ind\u00edgenas, requisaron el veh\u00edculo de protecci\u00f3n asignado al comunero Luis Alfredo Acosta, quien iba a acompa\u00f1ado del se\u00f1or Feliciano Valencia, siendo acusados p\u00fablicamente de llevar consigo material explosivo. Aclaramos que dentro del veh\u00edculo solo se encontraron tres caucheras, canicas,&nbsp;y mascaras de fumigaci\u00f3n. Rechazamos que nuestros elementos propios y milenarios \u201ccaucheras\u201d sean considerados elementos de guerra.<\/div>\n<div> \t&nbsp;<\/div>\n<div> \tLa fuerza p\u00fablica se asent\u00f3 en la orilla del r\u00edo Paila, con el fin de judicializar a los que nos encontramos ejerciendo nuestro derecho leg\u00edtimo de Liberar la Madre Tierra. La comunidad ind\u00edgena, a pesar de lo sucedido, contin\u00faa en el proceso de Liberaci\u00f3n de la Madre Tierra y se declara en Asamblea Permanente. Declarando como responsable al Gobierno Nacional, Ardila Lule, Ministro de Defensa y sus fuerzas militares de los atropellos, judicializaciones, estigmatizaciones y dem\u00e1s vulneraciones de los derechos humanos que sufra la comunidad ind\u00edgena del Pueblo Nasa que se encuentra en proceso de resistencia.<\/div>\n<div> \t&nbsp;<\/div>\n<div> \t<span style=\"color:#b22222;\"><span style=\"font-size:14px;\"><strong>DAMOS A CONOCER:<\/strong><\/span><\/span><\/div>\n<div> \t&nbsp;<\/div>\n<div> \t<img src=\"http:\/\/www.cric-colombia.org\/portal\/wp-content\/uploads\/2015\/05\/Corinto_3.jpg\" style=\"height: 492px; width: 650px;\" \/><\/div>\n<div> \t&nbsp;<\/div>\n<div style=\"margin-left: 40px;\"> \t\uf0d8 La Liberaci\u00f3n de la Madre Tierra es pac\u00edfica, dialogada y concertada, ante el incumplimiento de reparaci\u00f3n integral tras la masacre del Nilo y Gualanday.<\/div>\n<div style=\"margin-left: 40px;\"> \t&nbsp;<\/div>\n<div style=\"margin-left: 40px;\"> \t\uf0d8 Insta al gobierno nacional al dialogo para la b\u00fasqueda de una soluci\u00f3n pronta, pac\u00edfica y concertada con la comunidad del Pueblo Nasa, que ayude a construir una paz incluyente y duradera. Para ello, lo invitamos a participar en la Tulpa de pensamiento ubicada en la finca Miraflores.<\/div>\n<div style=\"margin-left: 40px;\"> \t&nbsp;<\/div>\n<div style=\"margin-left: 40px;\"> \t\uf0d8 En el marco del respeto de los derechos humanos y la responsabilidad del gobierno nacional, con sus funcionarios ante la negaci\u00f3n de la atenci\u00f3n en salud de algunos miembros del ESMAD quienes sufren del virus del Chicung\u00fc\u00f1a. Algunos de sus familiares se han comunicado con el Cabildo Ind\u00edgena del resguardo Paez de Corinto buscando ayuda y poniendo en conocimiento esta situaci\u00f3n. Llamamos al Gobierno Nacional y a los mandos de la fuerza p\u00fablica para que cumpla con sus obligaciones, no es m\u00e1s que el respeto y la garant\u00eda de los derechos fundamentales; dando a conocer que uno de los principios del movimiento ind\u00edgena es preservar la vida de los seres humanos sin distinci\u00f3n.<\/div>\n<div style=\"margin-left: 40px;\"> \t&nbsp;<\/div>\n<div style=\"margin-left: 40px;\"> \t\uf0d8 Acatar el Fallo de Tutela No. 019 del 20 de Marzo de 2015 proferido por el Tribunal Superior del Distrito de Popay\u00e1n. MP. Doris Yolanda Rodr\u00edguez Chacon \u201cExhortar al Gobierno Nacional, en cabeza del se\u00f1or Presidente de la rep\u00fablica y los ministerios del Interior, de Hacienda y Cr\u00e9dito p\u00fablico y de agricultura, quienes no pueden ser indiferentes ante la situaci\u00f3n que enfrenta el norte del Cauca, junto con el Alcalde Municipal de Corinto \u2013 Cauca, el Gobernador del Departamento del Cauca, el Instituto Colombiano de Desarrollo Rural \u2013 INCODER, la Defensor\u00eda del Pueblo \u2013 Regional Cauca, la Procuradur\u00eda Regional del Cauca y los miembros de la Fuerza P\u00fablica, para que en el marco de sus competencias, y sin desconocer las medidas leg\u00edtimas de autoridad,&nbsp;desarrollen una labor arm\u00f3nica, a fin de garantizar la protecci\u00f3n de los derechos de la poblaci\u00f3n ind\u00edgena que se encuentra ocupando los predios \u201cGarc\u00eda Arriba, Miraflores, Alto Miraflores y Quebrada Seca\u201d, evitando el desalojo por la fuerza, y establecer un programa de reubicaci\u00f3n de las familias ind\u00edgenas.<\/div>\n<div style=\"margin-left: 40px;\"> \t&nbsp;<\/div>\n<div style=\"margin-left: 40px;\"> \t\uf0d8 Invitamos a la comunidad en general, Organizaciones Sociales y de Derechos Humanos a unirse en solidaridad al proceso de Liberaci\u00f3n de la Madre Tierra e iniciada desde el d\u00eda 16 de diciembre del 2014 en el territorio ancestral de Corinto \u2013 Cauca.&nbsp;<\/div>\n<div> \t&nbsp;<\/div>\n<div> \t<span style=\"font-size:14px;\"><span style=\"color:#b22222;\"><strong>\u00a1Todos a recuperar lo que es nuestro y defender el inter\u00e9s colectivo!<\/strong><\/span><\/span><\/div>\n<div> \tCorinto Cauca, 23 de Mayo del 2015<\/div>\n<div> \t&nbsp;<\/div>\n<div>\n<div> \t\t<span style=\"color:#000000;\"><strong>CABILDO INDIGENA DEL RESGUARDO PAEZ DE CORINTO<\/strong><\/span><\/div>\n<div> \t\t<span style=\"color:#000000;\"><strong>YA\u00b4JA KWE\u00b4SX KSXA\u00b4WNXI YAT<\/strong><\/span><\/div>\n<div> \t\t&nbsp;<\/div>\n<p> \t<iframe loading=\"lazy\" allowfullscreen=\"\" frameborder=\"0\" height=\"315\" src=\"https:\/\/www.youtube.com\/embed\/BefNM-VkiUk\" width=\"560\"><\/iframe> \t<\/p>\n<div> \t\t&nbsp;<\/div>\n<\/p><\/div>\n","protected":false},"excerpt":{"rendered":"<p>&nbsp; Comunicado a la opini\u00f3n p\u00fablica. Despu\u00e9s de noventa (90) d\u00edas de calma, de trabajo mancomunado de hombres, mujeres, ni\u00f1os y ancianos, convencidos laboraron en mingas comunitarias, para plantar en el ma\u00edz [&hellip;]<\/p>\n","protected":false},"author":2,"featured_media":0,"comment_status":"open","ping_status":"open","sticky":false,"template":"","format":"standard","meta":[],"categories":[73],"tags":[],"_links":{"self":[{"href":"https:\/\/tejidohistorico.afrodescendientes.com\/index.php\/wp-json\/wp\/v2\/posts\/8220"}],"collection":[{"href":"https:\/\/tejidohistorico.afrodescendientes.com\/index.php\/wp-json\/wp\/v2\/posts"}],"about":[{"href":"https:\/\/tejidohistorico.afrodescendientes.com\/index.php\/wp-json\/wp\/v2\/types\/post"}],"author":[{"embeddable":true,"href":"https:\/\/tejidohistorico.afrodescendientes.com\/index.php\/wp-json\/wp\/v2\/users\/2"}],"replies":[{"embeddable":true,"href":"https:\/\/tejidohistorico.afrodescendientes.com\/index.php\/wp-json\/wp\/v2\/comments?post=8220"}],"version-history":[{"count":0,"href":"https:\/\/tejidohistorico.afrodescendientes.com\/index.php\/wp-json\/wp\/v2\/posts\/8220\/revisions"}],"wp:attachment":[{"href":"https:\/\/tejidohistorico.afrodescendientes.com\/index.php\/wp-json\/wp\/v2\/media?parent=8220"}],"wp:term":[{"taxonomy":"category","embeddable":true,"href":"https:\/\/tejidohistorico.afrodescendientes.com\/index.php\/wp-json\/wp\/v2\/categories?post=8220"},{"taxonomy":"post_tag","embeddable":true,"href":"https:\/\/tejidohistorico.afrodescendientes.com\/index.php\/wp-json\/wp\/v2\/tags?post=8220"}],"curies":[{"name":"wp","href":"https:\/\/api.w.org\/{rel}","templated":true}]}}