{"id":8221,"date":"2015-05-26T16:15:44","date_gmt":"2015-05-26T16:15:44","guid":{"rendered":"http:\/\/www2.nasaacin.org\/index.php\/2015\/05\/26\/comunidad-indigenas-del-resguardo-kwet-wala-del-municipio-de-pradera-valle-denuncia-y-rechaza-amenaza-de-aguilas-negras-contra-miembros-de-su-comunidad\/"},"modified":"2015-05-26T16:15:44","modified_gmt":"2015-05-26T16:15:44","slug":"comunidad-indigenas-del-resguardo-kwet-wala-del-municipio-de-pradera-valle-denuncia-y-rechaza-amenaza-de-aguilas-negras-contra-miembros-de-su-comunidad","status":"publish","type":"post","link":"https:\/\/tejidohistorico.afrodescendientes.com\/index.php\/2015\/05\/26\/comunidad-indigenas-del-resguardo-kwet-wala-del-municipio-de-pradera-valle-denuncia-y-rechaza-amenaza-de-aguilas-negras-contra-miembros-de-su-comunidad\/","title":{"rendered":"Comunidad ind\u00edgenas del resguardo KWET WALA, del municipio de Pradera Valle denuncia y rechaza amenaza de  AGUILAS NEGRAS contra miembros de su comunidad"},"content":{"rendered":"<p> \t<strong><em>DENUNCIA A LA OPINION P\u00daBLICA NACIONAL E INTERNACIONAL. <\/em><\/strong><br \/> \tLas comunidades ind\u00edgenas del resguardo KWET WALA, del municipio de Pradera Valle, denunciamos ante la opini\u00f3n p\u00fablica nacional e internacional, las amenazas que provienen desde hace varios, meses por actores que se denominan AGUILAS NEGRAS BLOQUE MILITAR VALLE DEL CAUCA.<\/p>\n<p>  <!--more-->  <\/p>\n<p> \t&nbsp;<\/p>\n<p> \t<strong>Hechos.<\/strong><\/p>\n<p> \tEl d\u00eda domingo 8 de marzo del presente a\u00f1o llego a la casa ind\u00edgena de este municipio, un panfleto&nbsp; que ven\u00eda de las AGUILAS NEGRAS BLOQUE CAPITAL, donde se amenazaba a tres comuneros pertenecientes a nuestro resguardo por apoyar la liberaci\u00f3n de la madre tierra en el municipio de corinto departamento del cauca, los cuales le daban 24 horas a nuestros comuneros para que abandonaran este pueblo y la regi\u00f3n.<br \/> \t&nbsp;<br \/> \tD\u00eda S\u00e1bado 16 de mayo del presente a\u00f1o a las 4:30 de la tarde se encontr\u00f3 nuevamente en&nbsp; nuestra sede ind\u00edgena, otro panfleto de parte de LAS AGUILAS NEGRAS BLOQUE MILITAR VALLE DEL&nbsp; CAUCA donde declaran objetivo militar a los 3 comuneros de nuestro resguardo como continuando las mismas amenazas del panfleto anterior a los cuales les aclaran que se les acabo el tiempo de la amenaza anterior d\u00e1ndole 12 horas para que abandonen la regi\u00f3n.<br \/> \t&nbsp;<br \/> \tEl mismo d\u00eda s\u00e1bado 16 de mayo del a\u00f1o en curso, en el lugar denominado el pedregal por la carretera que conduce a la vereda el nogal de este municipio, unas personas vistiendo unos chalecos de color negro abordaron a un campesino&nbsp; de esta vereda donde le preguntaron, que donde quedaba el cabildo y preguntando por unos j\u00f3venes que hac\u00edan parte al cabildo pero no dieron nombres. De igual manera el d\u00eda domingo nuevamente estos hombres abordaron en el mismo lugar a otro campesino pregunt\u00e1ndole que donde quedaba el cabildo, al cual respondi\u00f3 que quedaba m\u00e1s arriba. Este d\u00eda por ser uno de los d\u00edas de mercado donde la gente de esta regi\u00f3n sube y baja al pueblo y muchos de estas personas vieron que quienes estaban en este lugar era el ej\u00e9rcito nacional, por lo cual no entendemos estas preguntas cuando el ej\u00e9rcito nacional conoce muy bien nuestro resguardo y nuestros \u00f3rganos de gobierno propio. &nbsp;<br \/> \t&nbsp;<br \/> \tPor todo lo anterior rechazamos estas amenazas que surgen de estos grupos armados, ll\u00e1mense legales o ilegales, que de una u otra manera amedrantan a toda las luchas de defensa y resistencia territorial ambiental social y cultural que adelantan todos los procesos, que solo reclamamos del estado un firme cumplimiento a las solicitudes y peticiones los cuales a estas exigencias solo recibimos este tipo de tratos por agentes que integran todo este aparato de guerra sucia, que a trav\u00e9s de estos hechos amenazantes quieren apagar la esperanza del clamor a la soluci\u00f3n a nuestros problemas y necesidades.<br \/> \t&nbsp;<br \/> \tFinalmente, responsabilizamos al gobierno colombiano por las consecuencias que les pueda ocurrir a nuestros comuneros amenazados, como tambi\u00e9n alertamos a todos los organismos nacionales e internacionales de derechos humanos por las constantes amenazas que en los \u00faltimos meses han venido apareciendo para nuestros integrantes del resguardo, lo cual esperamos del estado una pronta soluci\u00f3n a este problema.<br \/> \t&nbsp;<br \/> \t<strong>Pradera, mayo de 2015. <\/strong><br \/> \t&nbsp;<br \/> \t<strong>COMUNIDADES INDIGENAS RESGUARDO KWET WALA MUNIICIPIO DE PRADERA<br \/> \tVALLE<\/strong><br \/> \t&nbsp;&nbsp;<\/p>\n","protected":false},"excerpt":{"rendered":"<p>DENUNCIA A LA OPINION P\u00daBLICA NACIONAL E INTERNACIONAL. Las comunidades ind\u00edgenas del resguardo KWET WALA, del municipio de Pradera Valle, denunciamos ante la opini\u00f3n p\u00fablica nacional e internacional, las amenazas que provienen [&hellip;]<\/p>\n","protected":false},"author":4,"featured_media":0,"comment_status":"open","ping_status":"open","sticky":false,"template":"","format":"standard","meta":[],"categories":[61],"tags":[],"_links":{"self":[{"href":"https:\/\/tejidohistorico.afrodescendientes.com\/index.php\/wp-json\/wp\/v2\/posts\/8221"}],"collection":[{"href":"https:\/\/tejidohistorico.afrodescendientes.com\/index.php\/wp-json\/wp\/v2\/posts"}],"about":[{"href":"https:\/\/tejidohistorico.afrodescendientes.com\/index.php\/wp-json\/wp\/v2\/types\/post"}],"author":[{"embeddable":true,"href":"https:\/\/tejidohistorico.afrodescendientes.com\/index.php\/wp-json\/wp\/v2\/users\/4"}],"replies":[{"embeddable":true,"href":"https:\/\/tejidohistorico.afrodescendientes.com\/index.php\/wp-json\/wp\/v2\/comments?post=8221"}],"version-history":[{"count":0,"href":"https:\/\/tejidohistorico.afrodescendientes.com\/index.php\/wp-json\/wp\/v2\/posts\/8221\/revisions"}],"wp:attachment":[{"href":"https:\/\/tejidohistorico.afrodescendientes.com\/index.php\/wp-json\/wp\/v2\/media?parent=8221"}],"wp:term":[{"taxonomy":"category","embeddable":true,"href":"https:\/\/tejidohistorico.afrodescendientes.com\/index.php\/wp-json\/wp\/v2\/categories?post=8221"},{"taxonomy":"post_tag","embeddable":true,"href":"https:\/\/tejidohistorico.afrodescendientes.com\/index.php\/wp-json\/wp\/v2\/tags?post=8221"}],"curies":[{"name":"wp","href":"https:\/\/api.w.org\/{rel}","templated":true}]}}