{"id":8222,"date":"2015-05-26T16:45:37","date_gmt":"2015-05-26T16:45:37","guid":{"rendered":"http:\/\/www2.nasaacin.org\/index.php\/2015\/05\/26\/somos-los-de-abajo-y-venimos-por-los-de-arriba\/"},"modified":"2015-05-26T16:45:37","modified_gmt":"2015-05-26T16:45:37","slug":"somos-los-de-abajo-y-venimos-por-los-de-arriba","status":"publish","type":"post","link":"https:\/\/tejidohistorico.afrodescendientes.com\/index.php\/2015\/05\/26\/somos-los-de-abajo-y-venimos-por-los-de-arriba\/","title":{"rendered":"Somos los de abajo y venimos por los de arriba"},"content":{"rendered":"<p> \tGuatemala est\u00e1 en la peor de las crisis\u2026 pero para los corruptos que han vivido a expensas del Estado.&nbsp;&nbsp; Sin duda, los golpes acertados por la Comisi\u00f3n Internacional Contra la Impunidad en Guatemala \u2013CICIG- han literalmente, quebrado al Estado exponiendo las miserias de la clase pol\u00edtica y empresarial generada por el sistema, la cual se hab\u00eda acostumbrado a un pueblo aletargado y apaciguado a punta de fusiles y desapariciones forzadas, que era incapaz de reaccionar ante sus desmanes.<\/p>\n<p>  <!--more-->  <\/p>\n<p> \tEl pueblo de Guatemala, esos dejados, aguantadores, abnegados, sufridos y llevados por la indiferencia han finalmente salido del sopor que los envolv\u00eda y contrario a todo lo que se pudiera pensar, han gestado el movimiento social m\u00e1s grande e ic\u00f3nico del lo siglo XXI en la regi\u00f3n latinoamericana, haciendo gala de ciudadan\u00eda y sobre todo, con posicionamientos pol\u00edticos claramente definidos.<\/p>\n<p> \tYa hubo un momento de quiebre de la institucionalidad en el a\u00f1o 1993, cuando Jorge Serrano El\u00edas, se dio el infame autogolpe que origin\u00f3 la componenda entre el sector empresarial y la clase pol\u00edtica para contener la crisis, mediatizarla y mantener el estatus quo, mediante la alianza narcopol\u00edticomilitar; esa que tiene capturado al Estado guatemalteco, la misma que masacr\u00f3 y rompi\u00f3 al pa\u00eds en miles de pedazos para hartarse a expensas de los dineros del pueblo en la \u00e9poca del Conflicto Armado Interno y que heredaron el sistema neocolonial corrupto y expoliador.<\/p>\n<p> \tUna ralea de malnacidos que tras apellidos rimbombantes y discursos oxidados, sumieron al pa\u00eds en la letrina de la que ahora, un pueblo entero y con dignidad exige salir. Esto no es el a\u00f1o 1993, ni el pueblo es el mismo. No se tolerar\u00e1 una salida a medias tintas.<\/p>\n<p> \tEl momento hist\u00f3rico en el que estamos demanda, no solo mantener la indignaci\u00f3n, sino forzar al sistema a que cambie y esto nos obliga a pensar por fuera de la caja de la institucionalidad armada por los de siempre, para que nada cambie m\u00e1s que en apariencias.&nbsp;&nbsp; Es por ello que detener el proceso electoral, rompe la institucionalidad prefabricada para consolidar la impunidad y por lo mismo, todos los candidatos y representantes de partidos pol\u00edticos, funcionarios e \u201cintelectuales\u201d de derecha que resguardan intereses de una clase dominante, levantan sus voces acusando a quienes exigimos un alto a un proceso espurio, llam\u00e1ndonos incluso sediciosos.<\/p>\n<p> \tDetener el proceso electoral y construir una nueva Ley Electoral y de Partidos Pol\u00edticos \u2013LEPP- es fundamental. Ir a las elecciones con las prebendas y consignas actuales es llegar al mismo punto muerto en el que nos encontramos. Todos los partidos pol\u00edticos son producto de la misma letrina y la \u00fanica forma de salir de ellos es construir una nueva LEPP, pero en un proceso incluyente y vigilado desde la sociedad civil.<\/p>\n<p> \tUna vez esto ocurra, se puede llamar a elecciones y apostar por la reconstrucci\u00f3n paulatina del Estado. A los actuales diputados, es claro que esto no les interesa y es por ello que hay candidatos\/as llamando a establecer un pacto pol\u00edtico (a espaldas del pueblo por supuesto) y realizar \u201creformas\u201d para que nada cambie. Algunos incluso, se han dado a la tarea de convocar a los l\u00edderes de las movilizaciones, los cuales son inexistentes en tanto las miles de almas que han llegado a la Plaza Central, lo hacen a titulo personal, con voz propia y una lista de exigencias claras y contundentes.<\/p>\n<p> \tEs por ello que hay que dejar claro que nadie representa a los millones de guatemaltecos que exigimos cambios. No tenemos voces autorizadas y no las vamos a tener. Punto. Los reclamos han sido claros y deben ser atendidos de manera precisa. No hay margen a ambig\u00fcedades si es que el pr\u00f3ximo gobierno quiere terminar su per\u00edodo.<\/p>\n<p> \tDeben entender que las renuncias de Otto P\u00e9rez Molina y Alejandro Maldonado Aguirre no son negociables, en tanto ambos representan los intereses espurios de la clase econ\u00f3mica que ha sumido al pa\u00eds en el caos. Hasta que no sean atendidos todas las demandas ciudadanas, las protestas pac\u00edficas no van a cesar.<\/p>\n<p> \tSi llenar la plaza les parece poco, el #RenunciaYaFase3 va a convocar a paro nacional masivo y para ello no es necesario el CACIF por si estaban con el pendiente. Hay miles de peque\u00f1as y medianas empresas que no son parte de esos mil empresarios que se beneficiaron de la l\u00ednea, as\u00ed como cientos de comunidades y organizaciones dispuestas a sumarse.<\/p>\n<p> \tGuatemala est\u00e1 harta, de ustedes, de la cultura del terror que los mantiene en el poder y de su pobreza de alma, que se resume en las palabras de Juan de Dios Rodr\u00edguez, quien con desd\u00e9n defiende un negocio corrupto en el IGSS porque total \u201clos enfermos renales siempre se mueren\u201d. As\u00ed de viles son todos ustedes.<\/p>\n<p> \tEs por ello que las palabras contenidas en carteles hechos a mano y las consignas expresadas en la Plaza Central deben retumbar en todos los rincones del pa\u00eds. Porque aunque la clase pol\u00edtica y econ\u00f3mica no lo quieran, se les acab\u00f3 la parranda. El pueblo ya despert\u00f3. A no ser que nos masacren a todos en la Plaza Central como es su costumbre, esto no lo para nadie, porque \u201csomos los de abajo y venimos por los de arriba\u201d y ojal\u00e1 lo tengan claro.<\/p>\n<p> \t<strong>Por: Carlos Fern\u00e1ndez<\/strong><\/p>\n<p> \thttps:\/\/comunitariapress.wordpress.com\/2015\/05\/25\/somos-los-de-abajo-y-venimos-por-los-de-arriba\/<\/p>\n","protected":false},"excerpt":{"rendered":"<p>Guatemala est\u00e1 en la peor de las crisis\u2026 pero para los corruptos que han vivido a expensas del Estado.&nbsp;&nbsp; Sin duda, los golpes acertados por la Comisi\u00f3n Internacional Contra la Impunidad en [&hellip;]<\/p>\n","protected":false},"author":4,"featured_media":0,"comment_status":"open","ping_status":"open","sticky":false,"template":"","format":"standard","meta":[],"categories":[3],"tags":[],"_links":{"self":[{"href":"https:\/\/tejidohistorico.afrodescendientes.com\/index.php\/wp-json\/wp\/v2\/posts\/8222"}],"collection":[{"href":"https:\/\/tejidohistorico.afrodescendientes.com\/index.php\/wp-json\/wp\/v2\/posts"}],"about":[{"href":"https:\/\/tejidohistorico.afrodescendientes.com\/index.php\/wp-json\/wp\/v2\/types\/post"}],"author":[{"embeddable":true,"href":"https:\/\/tejidohistorico.afrodescendientes.com\/index.php\/wp-json\/wp\/v2\/users\/4"}],"replies":[{"embeddable":true,"href":"https:\/\/tejidohistorico.afrodescendientes.com\/index.php\/wp-json\/wp\/v2\/comments?post=8222"}],"version-history":[{"count":0,"href":"https:\/\/tejidohistorico.afrodescendientes.com\/index.php\/wp-json\/wp\/v2\/posts\/8222\/revisions"}],"wp:attachment":[{"href":"https:\/\/tejidohistorico.afrodescendientes.com\/index.php\/wp-json\/wp\/v2\/media?parent=8222"}],"wp:term":[{"taxonomy":"category","embeddable":true,"href":"https:\/\/tejidohistorico.afrodescendientes.com\/index.php\/wp-json\/wp\/v2\/categories?post=8222"},{"taxonomy":"post_tag","embeddable":true,"href":"https:\/\/tejidohistorico.afrodescendientes.com\/index.php\/wp-json\/wp\/v2\/tags?post=8222"}],"curies":[{"name":"wp","href":"https:\/\/api.w.org\/{rel}","templated":true}]}}