{"id":8234,"date":"2015-05-29T17:09:51","date_gmt":"2015-05-29T17:09:51","guid":{"rendered":"http:\/\/www2.nasaacin.org\/index.php\/2015\/05\/29\/accion-armanada-de-las-farc-contra-la-estacion-de-la-policia-en-lopez-de-micay-costa-pacifica-de-cauca\/"},"modified":"2015-05-29T17:09:51","modified_gmt":"2015-05-29T17:09:51","slug":"accion-armanada-de-las-farc-contra-la-estacion-de-la-policia-en-lopez-de-micay-costa-pacifica-de-cauca","status":"publish","type":"post","link":"https:\/\/tejidohistorico.afrodescendientes.com\/index.php\/2015\/05\/29\/accion-armanada-de-las-farc-contra-la-estacion-de-la-policia-en-lopez-de-micay-costa-pacifica-de-cauca\/","title":{"rendered":"Acci\u00f3n armanada de las Farc contra la estaci\u00f3n de la polic\u00eda en L\u00f3pez de Micay (Costa Pac\u00edfica de Cauca)"},"content":{"rendered":"<p> \tEn la madrugada del d\u00eda 29 de mayo de 2015 en el \u00e1rea urbana municipio de L\u00f3pez de Micay a eso de las 2:30 am hasta cerca de las 5am se present\u00f3 una acci\u00f3n armada al parecer del frente 30 de las Farc contra la Estaci\u00f3n de Polic\u00eda del Municipio de L\u00f3pez de Micay.<\/p>\n<p>  <!--more-->  <\/p>\n<p> \tFuertes explosiones, detonaciones y disparos cambiaron la tranquilidad de una fr\u00eda noche en este municipio de la costa pac\u00edfica.<\/p>\n<p> \tA ra\u00edz del hecho, se tienen casas averiadas y en su mayor\u00eda se encuentran rotos los vidrios de los ventanales, y una poblaci\u00f3n alterada y con serias afectaciones por los sucesos de la guerra.<\/p>\n<p> \tA la fecha del informe no se tiene reporte de poblaci\u00f3n civil herida o lesionada, pero hay una comunidad afectada y un territorio tanto urbano como de los Consejos comunitarios que est\u00e1n convertidos en campo de batalla, como tampoco se conoce de Polic\u00edas muertos o heridos.<\/p>\n<p> \tLa zozobra en la poblaci\u00f3n civil es total, la gente est\u00e1 con p\u00e1nico y alternaci\u00f3n psicosocial, y las clases est\u00e1n paralizadas lo que repercute profundamente la vida y la formaci\u00f3n de presente y futuro. Por eso nuestra poblaci\u00f3n negra de la costa pac\u00edfica de Cauca est\u00e1 preocupada por la escalada de la guerra que tiene alterada a la poblaci\u00f3n civil y por ende viola nuestra condici\u00f3n \u00e9tnica.<\/p>\n<p> \tLe recordamos al estado colombiano que tiene la obligaci\u00f3n y el deber de garantizar la armon\u00eda, tranquilidad y la existencia de nuestras comunidades en especial por nuestra condici\u00f3n de grupo \u00e9tnico negro. Por consiguiente exigimos a las partes en conflicto el respeto al derecho internacional humanitario, y abogar por un inmediato cese bilateral de hostilidades porque ES HORA DE PARAR LA GUERRA.<\/p>\n<p> \tNuestra organizaci\u00f3n aboga por la paz como una necesidad urgente, sentida y necesaria para ejercer nuestras acciones como grupo \u00e9tnico negro.<\/p>\n<p> \tA la comunidad nacional e internacional la solidaridad, apoyo y acompa\u00f1amiento ante los riesgos y afectaciones sobre la poblaci\u00f3n civil.<\/p>\n<p> \tA la Defensor\u00eda del Pueblo le instamos a mantener activa y permanente su presencia en la zona, como siempre lo ha hecho de manera constante en estos \u00faltimos a\u00f1os.<\/p>\n<p> \t<span style=\"color:#000000;\"><strong>Guapi- costa pac\u00edfica de Cauca, 29 de mayo de 2015<br \/> \tRegional COCOCAUCA<\/strong><\/span><\/p>\n<p> \t&nbsp;<\/p>\n<p> \t<span style=\"color:#000000;\"><strong>Web institucional: www.cococauca.org<br \/> \tContacto: cococauca@gmail.com, cococauca@hotmail.com<\/strong><\/span><\/p>\n","protected":false},"excerpt":{"rendered":"<p>En la madrugada del d\u00eda 29 de mayo de 2015 en el \u00e1rea urbana municipio de L\u00f3pez de Micay a eso de las 2:30 am hasta cerca de las 5am se present\u00f3 [&hellip;]<\/p>\n","protected":false},"author":2,"featured_media":0,"comment_status":"open","ping_status":"open","sticky":false,"template":"","format":"standard","meta":[],"categories":[61],"tags":[],"_links":{"self":[{"href":"https:\/\/tejidohistorico.afrodescendientes.com\/index.php\/wp-json\/wp\/v2\/posts\/8234"}],"collection":[{"href":"https:\/\/tejidohistorico.afrodescendientes.com\/index.php\/wp-json\/wp\/v2\/posts"}],"about":[{"href":"https:\/\/tejidohistorico.afrodescendientes.com\/index.php\/wp-json\/wp\/v2\/types\/post"}],"author":[{"embeddable":true,"href":"https:\/\/tejidohistorico.afrodescendientes.com\/index.php\/wp-json\/wp\/v2\/users\/2"}],"replies":[{"embeddable":true,"href":"https:\/\/tejidohistorico.afrodescendientes.com\/index.php\/wp-json\/wp\/v2\/comments?post=8234"}],"version-history":[{"count":0,"href":"https:\/\/tejidohistorico.afrodescendientes.com\/index.php\/wp-json\/wp\/v2\/posts\/8234\/revisions"}],"wp:attachment":[{"href":"https:\/\/tejidohistorico.afrodescendientes.com\/index.php\/wp-json\/wp\/v2\/media?parent=8234"}],"wp:term":[{"taxonomy":"category","embeddable":true,"href":"https:\/\/tejidohistorico.afrodescendientes.com\/index.php\/wp-json\/wp\/v2\/categories?post=8234"},{"taxonomy":"post_tag","embeddable":true,"href":"https:\/\/tejidohistorico.afrodescendientes.com\/index.php\/wp-json\/wp\/v2\/tags?post=8234"}],"curies":[{"name":"wp","href":"https:\/\/api.w.org\/{rel}","templated":true}]}}