{"id":8236,"date":"2015-05-29T21:50:30","date_gmt":"2015-05-29T21:50:30","guid":{"rendered":"http:\/\/www2.nasaacin.org\/index.php\/2015\/05\/29\/comunicado-de-prensa-rechazamos-el-asesinato-de-juan-david-quintana\/"},"modified":"2015-05-29T21:50:30","modified_gmt":"2015-05-29T21:50:30","slug":"comunicado-de-prensa-rechazamos-el-asesinato-de-juan-david-quintana","status":"publish","type":"post","link":"https:\/\/tejidohistorico.afrodescendientes.com\/index.php\/2015\/05\/29\/comunicado-de-prensa-rechazamos-el-asesinato-de-juan-david-quintana\/","title":{"rendered":"Comunicado de prensa: Rechazamos el asesinato de Juan David Quintana"},"content":{"rendered":"<div> \t\u201cLa muerte no nos roba los seres amados.<\/div>\n<div> \tAl contrario, nos los guarda y nos los inmortaliza en el recuerdo.<\/div>\n<div> \tLa vida s\u00ed que nos los roba muchas veces y definitivamente\u201d.<\/div>\n<div> \tFRAN\u00c7OIS MAURIAC.<\/div>\n<div> \t&nbsp;<\/div>\n<div> \tCon profundo dolor y tristeza, debemos denunciar y rechazar la muerte de nuestro amigo y compa\u00f1ero, JUAN DAVID QUINTANA DUQUE, causada por un ataque sicarial en el barrio Popular II, al nororiente de la ciudad.<\/div>\n<p>  <!--more-->  <\/p>\n<div> \t&nbsp;<\/div>\n<div> \t<\/div>\n<div> \t&nbsp;<\/div>\n<div> \tJuan David, fue gestor cultural y l\u00edder comunal e hizo parte de la Mesa de Derechos Humanos de la Comuna 6 Doce de Octubre. Su muro de Facebook, hoy lleno de condolencias y agradecimientos de sus allegados, tiene fotografiada una frase: \u201cPor una libertad que nos permita mantener sue\u00f1os, ideas y valores\u201d.<\/div>\n<div> \t&nbsp;<\/div>\n<div> \tLa ciudad, pierde a un impulsor del desarrollo sociocultural, a un mediador entre la creaci\u00f3n y la participaci\u00f3n, a un hombre que alimentaba constantemente su visi\u00f3n del mundo y a un defensor en un Estado de Derecho en el que se violan los Derechos Humanos.<\/div>\n<div> \tEnviamos a su familia un abrazo de acompa\u00f1amiento, dese\u00e1ndole fortaleza para superar tan dif\u00edcil momento. Adem\u00e1s, esperamos que las autoridades investiguen, esclarezcan y juzguen a los responsables de este inesperado hecho y que las calles medellinenses no sigan siendo un escenario de delitos.<\/div>\n<div> \t&nbsp;<\/div>\n<div> \tQuerido Quintana, te recordaremos por tu lucha durante a\u00f1os por promover la cultura barrial, por tu amor al arte y por ser el protagonista de maravillosas acciones que nos hac\u00edan so\u00f1ar con la posible llegada de la paz urbana que tanto necesitamos y anhelamos. Mientras descansas en paz, nosotros tomaremos tu legado y tu ejemplo para lograr esa ciudad pac\u00edfica y cultural que tanto so\u00f1abas.<\/div>\n<div> \t&nbsp;<\/div>\n<div> \tEscrito por: <strong>El Consejo de Gesti\u00f3n del Plan Estrat\u00e9gico y Mesa de Derechos Humanos Comuna 6, Doce de Octubre -Medell\u00edn-<\/strong><\/div>\n<div> \t28 de mayo del 2015<\/div>\n<div> \t&nbsp;<\/div>\n<div> \t<a href=\"http:\/\/www.aquiestamos.net\/comunicado-de-prensa-rechazamos-el-asesinato-de-juan-david-quintana\/\" target=\"_blank\" rel=\"noopener noreferrer\">http:\/\/www.aquiestamos.net\/comunicado-de-prensa-rechazamos-el-asesinato-de-juan-david-quintana\/<\/a><\/div>\n","protected":false},"excerpt":{"rendered":"<p>\u201cLa muerte no nos roba los seres amados. Al contrario, nos los guarda y nos los inmortaliza en el recuerdo. La vida s\u00ed que nos los roba muchas veces y definitivamente\u201d. FRAN\u00c7OIS [&hellip;]<\/p>\n","protected":false},"author":2,"featured_media":0,"comment_status":"open","ping_status":"open","sticky":false,"template":"","format":"standard","meta":[],"categories":[61],"tags":[],"_links":{"self":[{"href":"https:\/\/tejidohistorico.afrodescendientes.com\/index.php\/wp-json\/wp\/v2\/posts\/8236"}],"collection":[{"href":"https:\/\/tejidohistorico.afrodescendientes.com\/index.php\/wp-json\/wp\/v2\/posts"}],"about":[{"href":"https:\/\/tejidohistorico.afrodescendientes.com\/index.php\/wp-json\/wp\/v2\/types\/post"}],"author":[{"embeddable":true,"href":"https:\/\/tejidohistorico.afrodescendientes.com\/index.php\/wp-json\/wp\/v2\/users\/2"}],"replies":[{"embeddable":true,"href":"https:\/\/tejidohistorico.afrodescendientes.com\/index.php\/wp-json\/wp\/v2\/comments?post=8236"}],"version-history":[{"count":0,"href":"https:\/\/tejidohistorico.afrodescendientes.com\/index.php\/wp-json\/wp\/v2\/posts\/8236\/revisions"}],"wp:attachment":[{"href":"https:\/\/tejidohistorico.afrodescendientes.com\/index.php\/wp-json\/wp\/v2\/media?parent=8236"}],"wp:term":[{"taxonomy":"category","embeddable":true,"href":"https:\/\/tejidohistorico.afrodescendientes.com\/index.php\/wp-json\/wp\/v2\/categories?post=8236"},{"taxonomy":"post_tag","embeddable":true,"href":"https:\/\/tejidohistorico.afrodescendientes.com\/index.php\/wp-json\/wp\/v2\/tags?post=8236"}],"curies":[{"name":"wp","href":"https:\/\/api.w.org\/{rel}","templated":true}]}}