{"id":8243,"date":"2015-06-01T15:35:36","date_gmt":"2015-06-01T15:35:36","guid":{"rendered":"http:\/\/www2.nasaacin.org\/index.php\/2015\/06\/01\/el-resguardo-indigena-chinguirito-mira-segue-en-resistencia\/"},"modified":"2015-06-01T15:35:36","modified_gmt":"2015-06-01T15:35:36","slug":"el-resguardo-indigena-chinguirito-mira-segue-en-resistencia","status":"publish","type":"post","link":"https:\/\/tejidohistorico.afrodescendientes.com\/index.php\/2015\/06\/01\/el-resguardo-indigena-chinguirito-mira-segue-en-resistencia\/","title":{"rendered":"El resguardo ind\u00edgena Chinguirito Mira sigue en resistencia"},"content":{"rendered":"<p style=\"text-align: justify;\"> \t&nbsp;La Asociaci\u00f3n de Autoridades tradicionales ind\u00edgenas Aw\u00e1 &#8211; Unidad Ind\u00edgena del Pueblo Aw\u00e1 \u2013 UNIPA, rechaza de manera absoluta y rotunda las acciones que se vienen realizando&nbsp; en contra de nuestras comunidades en este caso al resguardo ind\u00edgena de Chinguirito Mira, el cual viene siendo&nbsp; v\u00edctimas de la cruda guerra generada por&nbsp; actores legales e ilegales del conflicto armado que vive Colombia desde hace m\u00e1s de 50 a\u00f1os, Chinguirito Mira es un Resguardo Ind\u00edgena Aw\u00e1 ubicado en el Municipio de Tumaco, el cual en varias oportunidades ha tenido que enfrentar diversos&nbsp; desmanes ocasionados por la guerra y al igual que en casi todo el territorio Aw\u00e1, chinguirito se ha visto afectado por desplazamientos masivos, asesinatos, v\u00edctimas de minas antipersonal, fumigaciones con glifosato, entre otras, afectando la pervivencia de todos los seres y pobladores que nos encontramos ah\u00ed.&nbsp;<\/p>\n<p>  <!--more-->  <\/p>\n<p style=\"text-align: justify;\"> \t&nbsp;<br \/> \tDesde finales del mes de abril de este a\u00f1o, hasta estas fechas, tropas del ej\u00e9rcito nacional se han instalado dentro del Chinguirito Mira la comunidad \u201cLA HONDITA\u201d&nbsp; lugar donde se est\u00e1n librando los fuertes combates,; este hecho ha ocasionado que insurgentes tambi\u00e9n lleguen al Resguardo&nbsp; provocando fuertes enfrentamientos entre las dos partes, dejando a nuestros hermanos y hermanas Aw\u00e1 en medio de estos actos de barbarie el cual advertimos posible desplazamiento de este resguardo, El d\u00eda de Ayer 26 de mayo de 2015, siendo el medio dia, una fuerte explosi\u00f3n dio inicio al intercambio de poderes nuevamente a cerca de 200 metros del centro educativo cayeron varios artefactos explosivos los cuales al ser detonados asustaron a nuestros ni\u00f1os y ni\u00f1as, ellos con sus madres son los principales afectados por estos actos, despu\u00e9s de casi dos horas de enfrentamiento los pobladores se resguardaron en el centro educativo, Acto que atenta desde todo punto de vista contra los Derechos Humanos e infringe de manera categ\u00f3rica el Derecho Internacional Humanitario.<br \/> \t&nbsp;<br \/> \tDe igual forma Queremos informar a la opini\u00f3n publica nacional e internacional que la Unidad Ind\u00edgena del Pueblo Aw\u00e1 \u2013 UNIPA ni sus autoridades asociadas&nbsp; no participar\u00e1 dentro de la movilizaci\u00f3n social&nbsp; que en la actualidad se est\u00e1 desarrollado en la regi\u00f3n&nbsp;&nbsp; de la costa pac\u00edfica convocado por diversos sectores&nbsp; sociales.<br \/> \t&nbsp;<br \/> \tElevamos este pronunciamiento debido a la desinformaci\u00f3n que se esta generando en varios medios de comunicaci\u00f3n e instituciones, la&nbsp; UNIPA apoya todas las manifestaciones sociales encaminadas a la b\u00fasqueda de soluciones a la desigualdad social en aras de la Paz, en este sentido exigimos&nbsp; que en el marco de nuestra autonom\u00eda y el derecho propio&nbsp; se respecte la decisi\u00f3n y no se presione a nuestra comunidades para hacer part\u00edcipe de este evento de reivindicaci\u00f3n&nbsp; impulsado por&nbsp; los m\u00e1s sectores que con fluyen en regi\u00f3n..&nbsp;&nbsp; &nbsp;<br \/> \t&nbsp;<br \/> \t<strong>UNIDAD INDIGENA DEL PUEBLO AWA &#8211; UNIPA<\/strong><\/p>\n","protected":false},"excerpt":{"rendered":"<p>&nbsp;La Asociaci\u00f3n de Autoridades tradicionales ind\u00edgenas Aw\u00e1 &#8211; Unidad Ind\u00edgena del Pueblo Aw\u00e1 \u2013 UNIPA, rechaza de manera absoluta y rotunda las acciones que se vienen realizando&nbsp; en contra de nuestras comunidades [&hellip;]<\/p>\n","protected":false},"author":4,"featured_media":0,"comment_status":"open","ping_status":"open","sticky":false,"template":"","format":"standard","meta":[],"categories":[61],"tags":[],"_links":{"self":[{"href":"https:\/\/tejidohistorico.afrodescendientes.com\/index.php\/wp-json\/wp\/v2\/posts\/8243"}],"collection":[{"href":"https:\/\/tejidohistorico.afrodescendientes.com\/index.php\/wp-json\/wp\/v2\/posts"}],"about":[{"href":"https:\/\/tejidohistorico.afrodescendientes.com\/index.php\/wp-json\/wp\/v2\/types\/post"}],"author":[{"embeddable":true,"href":"https:\/\/tejidohistorico.afrodescendientes.com\/index.php\/wp-json\/wp\/v2\/users\/4"}],"replies":[{"embeddable":true,"href":"https:\/\/tejidohistorico.afrodescendientes.com\/index.php\/wp-json\/wp\/v2\/comments?post=8243"}],"version-history":[{"count":0,"href":"https:\/\/tejidohistorico.afrodescendientes.com\/index.php\/wp-json\/wp\/v2\/posts\/8243\/revisions"}],"wp:attachment":[{"href":"https:\/\/tejidohistorico.afrodescendientes.com\/index.php\/wp-json\/wp\/v2\/media?parent=8243"}],"wp:term":[{"taxonomy":"category","embeddable":true,"href":"https:\/\/tejidohistorico.afrodescendientes.com\/index.php\/wp-json\/wp\/v2\/categories?post=8243"},{"taxonomy":"post_tag","embeddable":true,"href":"https:\/\/tejidohistorico.afrodescendientes.com\/index.php\/wp-json\/wp\/v2\/tags?post=8243"}],"curies":[{"name":"wp","href":"https:\/\/api.w.org\/{rel}","templated":true}]}}