{"id":8423,"date":"2015-09-15T22:33:23","date_gmt":"2015-09-15T22:33:23","guid":{"rendered":"http:\/\/www2.nasaacin.org\/index.php\/2015\/09\/15\/para-que-sirve-que-me-maten\/"},"modified":"2015-09-15T22:33:23","modified_gmt":"2015-09-15T22:33:23","slug":"para-que-sirve-que-me-maten","status":"publish","type":"post","link":"https:\/\/tejidohistorico.afrodescendientes.com\/index.php\/2015\/09\/15\/para-que-sirve-que-me-maten\/","title":{"rendered":"\u201c\u00bfPara qu\u00e9 sirve que me maten?\u201d"},"content":{"rendered":"<p> \t<strong><span style=\"font-size:16px;\"><em><span style=\"font-family: georgia,serif;\">Es de Yolomb\u00f3, Cauca, pero vive en arriendo a varios kil\u00f3metros de distancia. Est\u00e1 amenazada de muerte por defender a un r\u00edo y a la gente que vive a su alrededor. rancia M\u00e1rquez tiene 33 a\u00f1os y desde los 16 defiende los derechos de su comunidad en el departamento del Cauca. Foto: cortes\u00eda Centro Nacional de Memoria Hist\u00f3rica.<\/span><\/em><\/span><\/strong><\/p>\n<p> \t<em><span style=\"font-family:tahoma,geneva,sans-serif;\">Francia M\u00e1rquez gan\u00f3 esta semana el Premio Nacional a los Defensores de Derechos Humanos.<\/span><\/em><\/p>\n<p>  <!--more-->  <\/p>\n<p> \tHay un video de 2013 en Youtube donde aparece Francia vestida de turbante con los colores jamaiquinos y una bufanda blanca. Se le ve tranquila pero en\u00e9rgica. Est\u00e1 dando un discurso ante lo que se supone es un auditorio de habla inglesa. Otra mujer traduce lo que dice. Habla de defensa del territorio, de comunidades afro, de miner\u00eda ilegal, de amenazas. Salvo la traductora, nadie m\u00e1s la interrumpe durante la media hora que dura el video.<\/p>\n<p> \tHay una carta que circula en internet desde comienzos de este a\u00f1o firmada por Francia. Se titula: \u201cSituaci\u00f3n que carcome mis entra\u00f1as\u201d. Son 3 p\u00e1ginas escritas, parece, con el coraz\u00f3n en la mano. Sin rabia pero con frustraci\u00f3n: \u201cTal vez por eso nos persiguen, porque queremos una vida de autonom\u00eda y no una de dependencia, una vida donde no nos toque mendigar, ni ser v\u00edctimas\u201d. La carta estaba dirigida a sus vecinos de calle, de pueblo, de departamento, a la gente que trabaja en el Gobierno y que le ha tirado la puerta en la cara. A los empresarios. A todos nosotros. Nadie ha respondido la carta.<\/p>\n<p> \tFrancia recibi\u00f3 esta semana en Bogot\u00e1 uno de los premios que entrega anualmente -desde 2012-, Diakonia, una organizaci\u00f3n de origen sueco a los defensores de derechos humanos en Colombia. Catorce jurados, entre colombianos y extranjeros, fueron los encargados de decidir el ganador de cada categor\u00eda. Francia obtuvo el de \u201cDefensor del A\u00f1o\u201d. El mi\u00e9rcoles fue la ceremonia en el Centro de Memoria, Paz y Reconciliaci\u00f3n y, luego, la agenda inclu\u00eda visitas a organismos internacionales, instituciones del Gobierno, fiscales, embajadores y medios de comunicaci\u00f3n.<\/p>\n<p> \tTen\u00eda motivos para estar feliz pero no se esforz\u00f3 por aparentarlo. Sus dos hijos se hab\u00edan quedado en casa sin protecci\u00f3n porque los guardaespaldas (tiene medidas de seguridad desde el a\u00f1o pasado) viajaron con ella a Bogot\u00e1.<\/p>\n<p> \tFrancia contesta estas preguntas con el tel\u00e9fono celular apretado entre las dos manos.<\/p>\n<p> \t<strong>VerdadAbierta.com: \u00bfPor qu\u00e9 tan preocupada?<\/strong><\/p>\n<p> \t<strong>Francia M\u00e1rquez: <\/strong>Mis hijos est\u00e1n solos y eso me da miedo.<\/p>\n<p> \t<strong>V.A.: \u00bfEst\u00e1n amenazados?<\/strong><\/p>\n<p> \t<strong>F.M.:<\/strong> Somos objetivos militares. No soy solo yo la amenazada. Imag\u00ednese, si les hacen algo a ellos es como si me lo hicieran a mi.<\/p>\n<p> \t<strong>V.A.: \u00bfPor qu\u00e9 la amenazaron?<\/strong><\/p>\n<p> \t<strong>F.M.:<\/strong> Yo soy miembro de una comunidad que se llama La Toma, en el norte del Cauca, y, desde 1996, nos han querido violar nuestros derechos. Primero, fueron las empresas hidroel\u00e9ctricas que quer\u00edan desviar el r\u00edo Ovejas y, ahora, las mineras, que lo est\u00e1n contaminando&#8230; y como siempre he defendido al r\u00edo, a mi gente y he luchado por la autonom\u00eda comunitaria entonces me amenazaron. Pero no soy la \u00fanica, somos varios los que nos hemos desplazado. <strong>Son quince amenazas en total.<\/p>\n<p> \tV.A.: \u00bfQui\u00e9n los est\u00e1 amenazando?<\/strong><\/p>\n<p> \t<strong>F.M.<\/strong>: Los grupos armados. Las personas interesadas en nuestros territorios. Ya tenemos un antecedente muy grave que muchos conocen,<a href=\"http:\/\/www.verdadabierta.com\/justicia-y-paz\/imputaciones\/556-bloque-calima\/4062-los-origenes-de-la-masacre-de-el-naya\"> la masacre del Naya<\/a>. Somos ricos en oro y desde mis ancestros a eso es a lo que nos hemos dedicado, a la miner\u00eda artesanal. Ya no lo podemos hacer. Ni siquiera pescar porque las aguas est\u00e1n contaminadas con mercurio. Yo me tuve que desplazar pero cuando viv\u00eda all\u00e1 pod\u00eda hasta cultivar el pancoger; ahora me cuentan que donde yo hac\u00eda eso, ya est\u00e1 lleno de maleza. Est\u00e1 abandonado.<br \/> \t<img alt=\"\" src=\"http:\/\/www.verdadabierta.com\/images\/2015\/septiembre\/premio-defensores-ddhh-2.jpg\" style=\"height: 403px; width: 625px; margin: 5px;\" \/><br \/> \t<em><span style=\"font-family:tahoma,geneva,sans-serif;\">Francia M\u00e1rquez con el resto de ganadores. Foto: cortes\u00eda Centro Nacional de Memoria Hist\u00f3rica.<\/span><\/em><\/p>\n<p> \t<strong>V.A.: \u00bfY d\u00f3nde vive hoy?<\/strong><\/p>\n<p> \t<strong>F.M.: <\/strong>No le puedo decir.<\/p>\n<p> \t<strong>V.A.: En la carta que usted escribi\u00f3 y que est\u00e1 publicada en internet, se pregunta si las comunidades afro realmente le importan a este pa\u00eds&#8230;<\/strong><\/p>\n<p> \t<strong>F.M<\/strong>.: No solo los afro. Los ind\u00edgenas y los campesinos somos poblaciones olvidadas e hist\u00f3ricamente golpeadas. Nuestro trabajo siempre ha sido para enriquecer a unos pocos. La miner\u00eda es el mejor ejemplo: llegan esas multinacionales dando regalitos a las comunidades y dinero a los pol\u00edticos, pero no nos dejan nada comparado lo que se llevan. Siempre ha sido lo mismo y el Gobierno no hace nada para evitarlo.<\/p>\n<p> \t<strong>V.A.: \u00bfQu\u00e9 tan afectada est\u00e1 hoy su comunidad?<\/strong><\/p>\n<p> \tF.M.: Muchos estamos desplazados, otros est\u00e1n aguantando necesidades y lo m\u00e1s grave: nos est\u00e1n dividiendo porque algunos de nosotros, con hambre, se han dejado seducir por las ofertas de las grandes multinacionales y al resto nos ven como un obst\u00e1culo para el progreso. Pero no es solo un problema de Yolomb\u00f3. Si usted le pregunta hoy a la Gobernaci\u00f3n, le van a decir que hay m\u00e1s de 2 mil retroexcavadoras buscando oro en todo Cauca. Es un problema de muchos pero parece no importarle a nadie.<\/p>\n<p> \t<strong>V.A.: \u00bfPero tener a la propia comunidad en contra no la hace sentir frustrada?<\/strong><\/p>\n<p> \tF.M.: Mucho. Mire: por un lado, el Gobierno y la justicia no hacen m\u00e1s que dar largas y enga\u00f1arnos frente a nuestros reclamos. Y, por otro lado, lo que usted dice, hay sectores de mi comunidad que no me creen o que piensan que estoy impidiendo el progreso. Otros est\u00e1n esperando resultados pero lo que ven es m\u00e1s y m\u00e1s miner\u00eda. Yo los entiendo.<\/p>\n<p> \t<strong>V.A.: \u00bfEn qu\u00e9 est\u00e1 el proceso jur\u00eddico hoy?<\/strong><\/p>\n<p> \t<strong>F.M.:<\/strong> Es dif\u00edcil. Hubo un&nbsp; incumplimiento de la sentencia de la Corte (la T-1045A de 2010) que exige a las autoridades suspender la actividad minera en ese territorio ancestral. La corte emiti\u00f3 esta sentencia porque reconoci\u00f3 que a nosotros, como comunidad afro, no nos hicieron una consulta previa sobre los planes mineros que ten\u00edan en nuestros territorios. Es como si alguien entra a tu casa sin pedir permiso y empieza a comer de tu comida. Todo eso se ha incumplido. Siguen explotando esa zona del norte del Cauca pero yo no voy a dejar de luchar.<\/p>\n<p> \t<strong>V.A.: \u00bfEsa fue la raz\u00f3n por la cual usted march\u00f3 a finales del a\u00f1o pasado hasta Bogot\u00e1?<\/strong><\/p>\n<p> \t<strong>F.M.<\/strong>: S\u00ed. Yo arranqu\u00e9 con quince mujeres desde mi comunidad y llegamos a Bogot\u00e1 m\u00e1s de cien. Se nos fueron uniendo m\u00e1s y m\u00e1s mujeres y j\u00f3venes de otras partes que sufren las mismas violaciones a sus derechos. Esa marcha sirvi\u00f3 para visivilizar el tema a nivel nacional porque parec\u00eda que nadie se daba por enterado.<\/p>\n<p> \t<strong>V.A.: \u00bfEl premio tambi\u00e9n ayuda?<\/strong><\/p>\n<p> \t<strong>F.M.: <\/strong>Claro. Yo tengo un sentimiento agridulce. Siento felicidad porque esto permite que se conozca lo que est\u00e1 sucediendo en esa zona, pero me preocupan mis hijos, me preocupa que nada se resuelva y llevo la mitad de mi vida dedicada a esto. Me preocupa que yo no pueda volver a mi tierra. \u00bfY sabe lo que es peor? De nada sirve que a mi me maten. Los m\u00e1rtires en este pa\u00eds se olvidan de un d\u00eda para otro.<\/p>\n<p> \t<strong>V.A.: \u00bfQu\u00e9 es lo que m\u00e1s extra\u00f1a de Yolomb\u00f3?<\/strong><\/p>\n<p> \t<strong>F.M.:<\/strong> El r\u00edo. Yo defiendo al r\u00edo porque es la vida de todos nosotros. El r\u00edo lo es todo.<\/p>\n<p> \t&nbsp;<\/p>\n<p> \tfuente:&nbsp; http:\/\/www.verdadabierta.com\/victimas-seccion\/los-resistentes\/5964-para-que-sirve-que-me-maten<\/p>\n","protected":false},"excerpt":{"rendered":"<p>Es de Yolomb\u00f3, Cauca, pero vive en arriendo a varios kil\u00f3metros de distancia. Est\u00e1 amenazada de muerte por defender a un r\u00edo y a la gente que vive a su alrededor. rancia [&hellip;]<\/p>\n","protected":false},"author":4,"featured_media":0,"comment_status":"open","ping_status":"open","sticky":false,"template":"","format":"standard","meta":[],"categories":[75],"tags":[],"_links":{"self":[{"href":"https:\/\/tejidohistorico.afrodescendientes.com\/index.php\/wp-json\/wp\/v2\/posts\/8423"}],"collection":[{"href":"https:\/\/tejidohistorico.afrodescendientes.com\/index.php\/wp-json\/wp\/v2\/posts"}],"about":[{"href":"https:\/\/tejidohistorico.afrodescendientes.com\/index.php\/wp-json\/wp\/v2\/types\/post"}],"author":[{"embeddable":true,"href":"https:\/\/tejidohistorico.afrodescendientes.com\/index.php\/wp-json\/wp\/v2\/users\/4"}],"replies":[{"embeddable":true,"href":"https:\/\/tejidohistorico.afrodescendientes.com\/index.php\/wp-json\/wp\/v2\/comments?post=8423"}],"version-history":[{"count":0,"href":"https:\/\/tejidohistorico.afrodescendientes.com\/index.php\/wp-json\/wp\/v2\/posts\/8423\/revisions"}],"wp:attachment":[{"href":"https:\/\/tejidohistorico.afrodescendientes.com\/index.php\/wp-json\/wp\/v2\/media?parent=8423"}],"wp:term":[{"taxonomy":"category","embeddable":true,"href":"https:\/\/tejidohistorico.afrodescendientes.com\/index.php\/wp-json\/wp\/v2\/categories?post=8423"},{"taxonomy":"post_tag","embeddable":true,"href":"https:\/\/tejidohistorico.afrodescendientes.com\/index.php\/wp-json\/wp\/v2\/tags?post=8423"}],"curies":[{"name":"wp","href":"https:\/\/api.w.org\/{rel}","templated":true}]}}