{"id":8457,"date":"2015-10-05T15:47:18","date_gmt":"2015-10-05T15:47:18","guid":{"rendered":"http:\/\/www2.nasaacin.org\/index.php\/2015\/10\/05\/el-movimiento-rios-vivos-antioquia-se-solidariza-con-la-injusticia-cometida-contra-carlos-morales-defensor-de-derechos-humanos-y-la-organizacion-cahucopana\/"},"modified":"2015-10-05T15:47:18","modified_gmt":"2015-10-05T15:47:18","slug":"el-movimiento-rios-vivos-antioquia-se-solidariza-con-la-injusticia-cometida-contra-carlos-morales-defensor-de-derechos-humanos-y-la-organizacion-cahucopana","status":"publish","type":"post","link":"https:\/\/tejidohistorico.afrodescendientes.com\/index.php\/2015\/10\/05\/el-movimiento-rios-vivos-antioquia-se-solidariza-con-la-injusticia-cometida-contra-carlos-morales-defensor-de-derechos-humanos-y-la-organizacion-cahucopana\/","title":{"rendered":"El Movimiento R\u00edos Vivos Antioquia se solidariza con la injusticia cometida contra Carlos Morales Defensor de Derechos Humanos y la organizaci\u00f3n  CAHUCOPANA"},"content":{"rendered":"<p style=\"text-align: justify;\"> \tEl Movimiento R\u00edos Vivos Antioquia en busca de la construcci\u00f3n de la paz en cada uno de los territorios de Antioquia y Colombia manifiesta su desacuerdo con campa\u00f1as de estigmatizaci\u00f3n y desprestigio, en este caso contra del defensor de Derechos Humanos y l\u00edder comunitario Carlos Morales y la organizaci\u00f3n CAHUCOPANA.<\/p>\n<p>  <!--more-->  <\/p>\n<p style=\"text-align: justify;\"> \tExigimos a las autoridades competentes respetar el debido proceso y mas a\u00fan, teniendo en cuenta que Carlos Morales ha sido v\u00edctima de intento de agresi\u00f3n personal en m\u00faltiples ocasiones, su familia ha sido perseguida por la labor de liderazgo que desde muy temprana edad ha realizado.<br \/> \t&nbsp;&nbsp;&nbsp;&nbsp;&nbsp;&nbsp;&nbsp;&nbsp;&nbsp;&nbsp;&nbsp;&nbsp;&nbsp;&nbsp;&nbsp;&nbsp;&nbsp;&nbsp;&nbsp;&nbsp;&nbsp;&nbsp;&nbsp;&nbsp;&nbsp;&nbsp;&nbsp;&nbsp;&nbsp;&nbsp;&nbsp;&nbsp;&nbsp;&nbsp;&nbsp;&nbsp;&nbsp;&nbsp;&nbsp;&nbsp;&nbsp;&nbsp;&nbsp;&nbsp;&nbsp;&nbsp;&nbsp;&nbsp;&nbsp;&nbsp;&nbsp;&nbsp;&nbsp;&nbsp;&nbsp;&nbsp;&nbsp;&nbsp;&nbsp;&nbsp;&nbsp;&nbsp;&nbsp;&nbsp;&nbsp;&nbsp;&nbsp;&nbsp;&nbsp;&nbsp;&nbsp;&nbsp;&nbsp;&nbsp;&nbsp;&nbsp;&nbsp;&nbsp;&nbsp;&nbsp;&nbsp;&nbsp;&nbsp;&nbsp;&nbsp;&nbsp;&nbsp; &nbsp;<br \/> \tEl Movimiento R\u00edos Vivos Antioquia exalta las contribuciones del compa\u00f1ero Carlos Morales a la construcci\u00f3n de escenarios de unidad como AGROMINERA y la Cumbre Agraria en Antioquia, las expresiones de solidaridad como persona y desde su organizaci\u00f3n CAHUCOPANA con nuestro proceso de defensa del territorio. Su labor como defensor ha sido fundamental en el contexto del nordeste antioque\u00f1o, territorio agobiado por los conflictos econ\u00f3micos, sociales y armados que han puesto en riesgo su vida y la de su familia. Carlos Morales en medio de este contexto se ha esforzado desde la perspectiva de los derechos humanos por devolver la esperanza y la confianza a las comunidades rurales.<\/p>\n<p> \tEn medio de esta situaci\u00f3n exigimos que el esfuerzo del Estado colombiano se oriente a garantizar la labor de los defensores de derechos humanos rurales en lugar de la persecuci\u00f3n, estigmatizaci\u00f3n y judicializaci\u00f3n.<\/p>\n<p style=\"text-align: justify;\"> \t&nbsp;<\/p>\n<p style=\"text-align: justify;\"> \tMovimiento R\u00edos Vivos Antioquia<br \/> \tMedell\u00edn 3 de octubre de 2015<\/p>\n","protected":false},"excerpt":{"rendered":"<p>El Movimiento R\u00edos Vivos Antioquia en busca de la construcci\u00f3n de la paz en cada uno de los territorios de Antioquia y Colombia manifiesta su desacuerdo con campa\u00f1as de estigmatizaci\u00f3n y desprestigio, [&hellip;]<\/p>\n","protected":false},"author":4,"featured_media":0,"comment_status":"open","ping_status":"open","sticky":false,"template":"","format":"standard","meta":[],"categories":[61],"tags":[],"_links":{"self":[{"href":"https:\/\/tejidohistorico.afrodescendientes.com\/index.php\/wp-json\/wp\/v2\/posts\/8457"}],"collection":[{"href":"https:\/\/tejidohistorico.afrodescendientes.com\/index.php\/wp-json\/wp\/v2\/posts"}],"about":[{"href":"https:\/\/tejidohistorico.afrodescendientes.com\/index.php\/wp-json\/wp\/v2\/types\/post"}],"author":[{"embeddable":true,"href":"https:\/\/tejidohistorico.afrodescendientes.com\/index.php\/wp-json\/wp\/v2\/users\/4"}],"replies":[{"embeddable":true,"href":"https:\/\/tejidohistorico.afrodescendientes.com\/index.php\/wp-json\/wp\/v2\/comments?post=8457"}],"version-history":[{"count":0,"href":"https:\/\/tejidohistorico.afrodescendientes.com\/index.php\/wp-json\/wp\/v2\/posts\/8457\/revisions"}],"wp:attachment":[{"href":"https:\/\/tejidohistorico.afrodescendientes.com\/index.php\/wp-json\/wp\/v2\/media?parent=8457"}],"wp:term":[{"taxonomy":"category","embeddable":true,"href":"https:\/\/tejidohistorico.afrodescendientes.com\/index.php\/wp-json\/wp\/v2\/categories?post=8457"},{"taxonomy":"post_tag","embeddable":true,"href":"https:\/\/tejidohistorico.afrodescendientes.com\/index.php\/wp-json\/wp\/v2\/tags?post=8457"}],"curies":[{"name":"wp","href":"https:\/\/api.w.org\/{rel}","templated":true}]}}