{"id":8459,"date":"2015-10-06T16:07:07","date_gmt":"2015-10-06T16:07:07","guid":{"rendered":"http:\/\/www2.nasaacin.org\/index.php\/2015\/10\/06\/gran-exodo-de-colombianos-asociado-a-conflicto-y-amenaza-paramilitar\/"},"modified":"2015-10-06T16:07:07","modified_gmt":"2015-10-06T16:07:07","slug":"gran-exodo-de-colombianos-asociado-a-conflicto-y-amenaza-paramilitar","status":"publish","type":"post","link":"https:\/\/tejidohistorico.afrodescendientes.com\/index.php\/2015\/10\/06\/gran-exodo-de-colombianos-asociado-a-conflicto-y-amenaza-paramilitar\/","title":{"rendered":"Gran \u00e9xodo de colombianos asociado a conflicto y amenaza paramilitar"},"content":{"rendered":"<p> \t<em><span style=\"font-size:16px;\"><span style=\"font-family: georgia,serif;\">Venezuela, Ecuador y Panam\u00e1 son los principales sitios de destino de los migrantes, \u00e9xodo superado por naciones como Afganist\u00e1n, Siria y Somalia, castigadas tambi\u00e9n por guerras internas<\/span><\/span><\/em><\/p>\n<p> \tUnos 396 mil 600 personas abandonaron Colombia huyendo del conflicto armado, lo que convierte al pa\u00eds en el territorio de Am\u00e9rica Latina con m\u00e1s refugiados fuera de sus fronteras, rese\u00f1\u00f3 este lunes el diario El Espectador.<\/p>\n<p>  <!--more-->  <\/p>\n<p> \tVenezuela, Ecuador y Panam\u00e1 son los principales sitios de destino de los migrantes, \u00e9xodo superado por naciones como Afganist\u00e1n, Siria y Somalia, castigadas tambi\u00e9n por guerras internas, a\u00f1adi\u00f3 el portal digital del rotativo.<\/p>\n<p> \tAlgunos de los que emprendieron viaje rumbo a pa\u00edses colindantes sufrieron en su propia patria la persecuci\u00f3n de los grupos paramilitares, denunci\u00f3 el peri\u00f3dico luego de revelar la historia de uno de los emigrados quien fue forzado a alejarse por esa causa y termin\u00f3 regresando m\u00e1s tarde ante el temor de ser rechazado o deportado de tierras extranjeras.<\/p>\n<p> \tEn 2008 Manuel D\u00edaz fue intimidado y golpeado por esas organizaciones delincuenciales por negarse a integrar sus filas as\u00ed que decidi\u00f3 marchar rumbo a Venezuela, junto a su esposa y dos hijos, precis\u00f3 el Espectador tras aclarar que cambi\u00f3 el nombre de la fuente para proteger su identidad. Herido, con sangre brotando de su cabeza, cogi\u00f3 camino con su familia hasta C\u00facuta (norte de Colombia), pero su esposa, temerosa de que los persiguieran hasta all\u00e1, le pidi\u00f3 que cruzaran la frontera, precis\u00f3 la publicaci\u00f3n.<\/p>\n<p> \tLa confrontaci\u00f3n b\u00e9lica ha perjudicado de forma directa a casi siete millones de ciudadanos, m\u00e1s de seis millones de ellos clasifican como desplazados de sus lugares de origen debido a la violencia.<\/p>\n<p> \tA lo interno del pa\u00eds, Bogot\u00e1 resulta uno de los principales centros receptores de esas personas, en su mayor\u00eda oriundos de las zonas rurales, tradicionales sitios de enfrentamientos entre las tropas de la Fuerza P\u00fablica y las organizaciones insurgentes.<\/p>\n<p> \tRepresentantes gubernamentales y de las Fuerzas Armadas Revolucionarias de Colombia-Ej\u00e9rcito del Pueblo (FARC-EP), dialogan en Cuba desde 2012 con el objetivo de hallar una salida concertada a la conflagraci\u00f3n, \u00fanica en el continente.<\/p>\n<p> \tNo obstante los avances en tales pl\u00e1ticas, resta por establecer conversaciones similares con el Ej\u00e9rcito de Liberaci\u00f3n Nacional, involucrado en la contienda, as\u00ed como desmontar las estructuras del paramilitarismo, reclamo de activistas, defensores de derechos humanos y de las propias estructuras rebeldes, como garant\u00eda para una paz duradera.<\/p>\n<p> \tFuente\/http:\/\/www.correodelorinoco.gob.ve\/impacto\/gran-exodo-colombianos-asociado-a-conflicto-y-amenaza-paramilitar\/<br \/> \tFoto referencial<\/p>\n","protected":false},"excerpt":{"rendered":"<p>Venezuela, Ecuador y Panam\u00e1 son los principales sitios de destino de los migrantes, \u00e9xodo superado por naciones como Afganist\u00e1n, Siria y Somalia, castigadas tambi\u00e9n por guerras internas Unos 396 mil 600 personas [&hellip;]<\/p>\n","protected":false},"author":4,"featured_media":0,"comment_status":"open","ping_status":"open","sticky":false,"template":"","format":"standard","meta":[],"categories":[75],"tags":[],"_links":{"self":[{"href":"https:\/\/tejidohistorico.afrodescendientes.com\/index.php\/wp-json\/wp\/v2\/posts\/8459"}],"collection":[{"href":"https:\/\/tejidohistorico.afrodescendientes.com\/index.php\/wp-json\/wp\/v2\/posts"}],"about":[{"href":"https:\/\/tejidohistorico.afrodescendientes.com\/index.php\/wp-json\/wp\/v2\/types\/post"}],"author":[{"embeddable":true,"href":"https:\/\/tejidohistorico.afrodescendientes.com\/index.php\/wp-json\/wp\/v2\/users\/4"}],"replies":[{"embeddable":true,"href":"https:\/\/tejidohistorico.afrodescendientes.com\/index.php\/wp-json\/wp\/v2\/comments?post=8459"}],"version-history":[{"count":0,"href":"https:\/\/tejidohistorico.afrodescendientes.com\/index.php\/wp-json\/wp\/v2\/posts\/8459\/revisions"}],"wp:attachment":[{"href":"https:\/\/tejidohistorico.afrodescendientes.com\/index.php\/wp-json\/wp\/v2\/media?parent=8459"}],"wp:term":[{"taxonomy":"category","embeddable":true,"href":"https:\/\/tejidohistorico.afrodescendientes.com\/index.php\/wp-json\/wp\/v2\/categories?post=8459"},{"taxonomy":"post_tag","embeddable":true,"href":"https:\/\/tejidohistorico.afrodescendientes.com\/index.php\/wp-json\/wp\/v2\/tags?post=8459"}],"curies":[{"name":"wp","href":"https:\/\/api.w.org\/{rel}","templated":true}]}}