{"id":8474,"date":"2015-10-14T14:13:48","date_gmt":"2015-10-14T14:13:48","guid":{"rendered":"http:\/\/www2.nasaacin.org\/index.php\/2015\/10\/14\/apelacion-sin-argumentos-juridicos-aplaza-traslado-de-feliciano-valencia-al-sitio-de-armonizacion-indigena\/"},"modified":"2015-10-14T14:13:48","modified_gmt":"2015-10-14T14:13:48","slug":"apelacion-sin-argumentos-juridicos-aplaza-traslado-de-feliciano-valencia-al-sitio-de-armonizacion-indigena","status":"publish","type":"post","link":"https:\/\/tejidohistorico.afrodescendientes.com\/index.php\/2015\/10\/14\/apelacion-sin-argumentos-juridicos-aplaza-traslado-de-feliciano-valencia-al-sitio-de-armonizacion-indigena\/","title":{"rendered":"Apelaci\u00f3n sin argumentos jur\u00eddicos, aplaza traslado de Feliciano Valencia al sitio de armonizaci\u00f3n ind\u00edgena"},"content":{"rendered":"<p style=\"text-align: justify;\"> \tLas comunidades ind\u00edgenas se dieron cita hoy 13 de octubre de 2015 en el Palacio de Justicia Luis Carlos Peres en la Ciudad de Popay\u00e1n Cauca para acompa\u00f1ar a Feliciano Valencia en la audiencia aplazada desde la semana anterior, donde se esperaba una decisi\u00f3n sobre el traslado hacia el CENTRO DE ARMONIZACI\u00d3N en el Resguardo Munchique los Tigres en Santander de Quilichao- Cauca.<\/p>\n<p>  <!--more-->  <\/p>\n<p style=\"text-align: justify;\"> \tPero nuevamente estamos ante la estrategia de dilataci\u00f3n y de desgaste, al final&nbsp; de la audiencia se apel\u00f3 la decisi\u00f3n positiva que hab\u00eda manifestado el juez. El abogado Miller Hormiga nos da a conocer los pormenores. \u201cTodos los requisitos y las pruebas se presentaron. Eso permiti\u00f3 que el Juez decidiera aceptar el traslado de Feliciano al Centro de Armonizaci\u00f3n. Decisi\u00f3n que fue apelada casi al final de la audiencia por la representaci\u00f3n de victimas del ministerio<\/p>\n<p style=\"text-align: justify;\"> \t&nbsp;<\/p>\n<p style=\"text-align: justify;\"> \t<img alt=\"\" src=\"http:\/\/www.cric-colombia.org\/portal\/wp-content\/uploads\/2015\/10\/Audiencia_Feliciano_2.jpg\" style=\"height: 232px; width: 350px; margin: 5px; float: left;\" \/>\u201cAunque&nbsp; carece&nbsp; de sustento jur\u00eddico su apelaci\u00f3n, es un recurso legal que no se puede negar. Ahora la decisi\u00f3n queda en manos del superior jer\u00e1rquico del juez que es&nbsp; el Tribunal.&nbsp; Esperemos que el tribunal revise los soportes y documentaci\u00f3n presentada, que&nbsp; tenga en cuenta la posici\u00f3n del ministerio p\u00fablico y la no apelaci\u00f3n por parte de la fiscal\u00eda, adem\u00e1s el fallo de primera instancia y en virtud de esto tome la decisi\u00f3n que reafirme la decisi\u00f3n del juez\u201d.<\/p>\n<p> \tSin duda es un llamado a estar vigilantes ante la decisi\u00f3n del tribunal de segunda instancia. La apelaci\u00f3n por parte de representante de victimas del ministerio de defensa es una apelaci\u00f3n sin argumentos y lo que busca es dilatar y demorar este proceso. Las autoridades ind\u00edgenas han manifestado que se han conocido nuevas \u00f3rdenes de captura hacia voceros y exgobernadores los cuales han desarrollado diferentes acciones en el marco de la autonom\u00eda jurisdiccional, una muestra de los atropellos contra los derechos constitucionalmente reconocidos.<\/p>\n<p> \tAudiencia_Feliciano_3Diferentes medios de comunicaci\u00f3n masivos est\u00e1n desinformando sobre el sitio de armonizaci\u00f3n en la comunidad donde se recibir\u00eda a Feliciano. Para los pueblos ind\u00edgenas los lugares de armonizaci\u00f3n, son los sitios que tienen una connotaci\u00f3n espiritual para los Nasa, es el lugar f\u00edsico donde se remedia los&nbsp; actos de desarmon\u00eda que se cometen en las comunidades. All\u00ed el sabedor espiritual o medico tradicional juega un papel muy importante para ayudar a curar esa enfermedad que le ha llevado a causar&nbsp; el delito, as\u00ed poderlo devolver a su familia, a su comunidad a sus territorio.<\/p>\n<p> \tLa persona despu\u00e9s de la armonizaci\u00f3n espiritual realizada por el medico tradicional inicia un proceso de formaci\u00f3n pol\u00edtico organizativo que permita curar el pensamiento, es reubicar a la persona en el proceso organizativo. Desarrollar la vivencia espiritual, volver a los usos y costumbres como ind\u00edgenas. Una de la parte fundamental es encontrarse consigo mismo.&nbsp; Es&nbsp; aclarar que para el movimiento ind\u00edgena el comunero Feliciano Valencia sigui\u00f3 el ejercicio de Justicia orientado por la Minga social y comunitaria. Por eso seria recibido en el centro de armonizaci\u00f3n, para resguardarlo no para juzgarlo o sancionarlo, solo mientras se desarrolla todo el proceso en el tribunal de segunda instancia,<\/p>\n<p> \tLas Autoridades del CRIC, la ACIN y la ONIC han convocado para mi\u00e9rcoles 14 de Octubre del presente a\u00f1o a una rueda de prensa&nbsp; en las instalaciones del CRIC Popay\u00e1n a partir de las 10 de la ma\u00f1ana, con el objetivo de socializar la posici\u00f3n del movimiento ind\u00edgena frente a la audiencia realizada este martes y los caminos a seguir.<\/p>\n<p> \t<em><strong>Por: Programa de Comunicaciones CRIC<\/strong><\/em><\/p>\n","protected":false},"excerpt":{"rendered":"<p>Las comunidades ind\u00edgenas se dieron cita hoy 13 de octubre de 2015 en el Palacio de Justicia Luis Carlos Peres en la Ciudad de Popay\u00e1n Cauca para acompa\u00f1ar a Feliciano Valencia en [&hellip;]<\/p>\n","protected":false},"author":4,"featured_media":0,"comment_status":"open","ping_status":"open","sticky":false,"template":"","format":"standard","meta":[],"categories":[73],"tags":[],"_links":{"self":[{"href":"https:\/\/tejidohistorico.afrodescendientes.com\/index.php\/wp-json\/wp\/v2\/posts\/8474"}],"collection":[{"href":"https:\/\/tejidohistorico.afrodescendientes.com\/index.php\/wp-json\/wp\/v2\/posts"}],"about":[{"href":"https:\/\/tejidohistorico.afrodescendientes.com\/index.php\/wp-json\/wp\/v2\/types\/post"}],"author":[{"embeddable":true,"href":"https:\/\/tejidohistorico.afrodescendientes.com\/index.php\/wp-json\/wp\/v2\/users\/4"}],"replies":[{"embeddable":true,"href":"https:\/\/tejidohistorico.afrodescendientes.com\/index.php\/wp-json\/wp\/v2\/comments?post=8474"}],"version-history":[{"count":0,"href":"https:\/\/tejidohistorico.afrodescendientes.com\/index.php\/wp-json\/wp\/v2\/posts\/8474\/revisions"}],"wp:attachment":[{"href":"https:\/\/tejidohistorico.afrodescendientes.com\/index.php\/wp-json\/wp\/v2\/media?parent=8474"}],"wp:term":[{"taxonomy":"category","embeddable":true,"href":"https:\/\/tejidohistorico.afrodescendientes.com\/index.php\/wp-json\/wp\/v2\/categories?post=8474"},{"taxonomy":"post_tag","embeddable":true,"href":"https:\/\/tejidohistorico.afrodescendientes.com\/index.php\/wp-json\/wp\/v2\/tags?post=8474"}],"curies":[{"name":"wp","href":"https:\/\/api.w.org\/{rel}","templated":true}]}}