{"id":8475,"date":"2015-10-15T15:21:27","date_gmt":"2015-10-15T15:21:27","guid":{"rendered":"http:\/\/www2.nasaacin.org\/index.php\/2015\/10\/15\/comunicado-el-pueblo-que-lucha-por-la-vida-y-reclama-sus-el-derecho-el-opresor-le-repode-con-terror-y-le-haces-la-guerra\/"},"modified":"2015-10-15T15:21:27","modified_gmt":"2015-10-15T15:21:27","slug":"comunicado-el-pueblo-que-lucha-por-la-vida-y-reclama-sus-el-derecho-el-opresor-le-repode-con-terror-y-le-haces-la-guerra","status":"publish","type":"post","link":"https:\/\/tejidohistorico.afrodescendientes.com\/index.php\/2015\/10\/15\/comunicado-el-pueblo-que-lucha-por-la-vida-y-reclama-sus-el-derecho-el-opresor-le-repode-con-terror-y-le-haces-la-guerra\/","title":{"rendered":"COMUNICADO: El pueblo que lucha por la vida y reclama sus el derecho, el opresor le responde con terror y le haces la guerra."},"content":{"rendered":"<p style=\"text-align: justify;\"> \t<em><strong><span style=\"font-size:16px;\"><span style=\"font-family: georgia,serif;\">\u201c2015 a\u00f1o de la reorganizaci\u00f3n, la reivindicaci\u00f3n y derechos de la exigencia de los Pueblos ind\u00edgenas del pacifico\u201d<\/span><\/span><\/strong><\/em><br \/> \t&nbsp;&nbsp;<br \/> \t<strong> COMUNICADO A LA OPINI\u00d3N P\u00daBLICA No 02-10-15<\/strong><br \/> \t&nbsp;<br \/> \tDesde Buenaventura \u2013 Valle del Cauca, Los cinco Pueblos Ind\u00edgenas del Pacifico Wouanaan Nonam, Embera Cham\u00ed, Eperara Siapidara, Nasa e Inga Filiales a la ACIVA R.P. y ORIVAC, en el Resguardo Ind\u00edgena Nasa Embera Cham\u00ed Comunidad Nasa Kiwe, rechazamos:<\/p>\n<p>  <!--more-->  <\/p>\n<p style=\"text-align: justify;\"> \t&nbsp; La violaci\u00f3n de los derechos humanos por parte de la fuerza p\u00fablica, ya que atropellaron a la poblaci\u00f3n civil encontr\u00e1ndose all\u00ed menores de edad, lanzando gases lacrim\u00f3genos dentro de las casas donde se encontraban familias, ni\u00f1os y mujeres, que adem\u00e1s no ten\u00edan parte en este conflicto.<\/p>\n<p> \tLo que pensamos es que la fuerza p\u00fablica esta es para defender a la poblaci\u00f3n, pero por sus actos pensamos lo contrario, ya que se acceden en la autoridad. Es as\u00ed que siendo las 5 de la ma\u00f1ana las comunidades ind\u00edgenas se tomaron la v\u00eda pac\u00edficamente por el incumplimiento de los acuerdos pactados en la mesa de concertaci\u00f3n con el distrito de Buenaventura desde el a\u00f1o 2012, adem\u00e1s por la negaci\u00f3n a la autonom\u00eda administrativa y el Derecho a la contrataci\u00f3n con las Instituciones y entidades p\u00fablicas, en este caso con&nbsp; la Corporaci\u00f3n Aut\u00f3noma Regional del Valle del Cauca C.V.C., desconociendo a las organizaciones ind\u00edgenas ACIVA R.P. y ORIVAC como Entidades P\u00fablicas sin Animo de Lucro y&nbsp; de Car\u00e1cter Especial representantes leg\u00edtimos y legales de las comunidades ind\u00edgenas del departamento del Valle y la violaci\u00f3n al derecho a la Jurisdicci\u00f3n especial ind\u00edgena ya que en varios casos la fuerza p\u00fablica a entrado a las casas mayores de los pueblos ind\u00edgenas a agredir a quienes est\u00e9n en ellas.<\/p>\n<p> \tUn herido&nbsp; de gravedad&nbsp; por arma blanca de la polic\u00eda, que se encuentra en cirug\u00eda, otro menor de edad fue retenido y golpeado llev\u00e1ndolo a un lugar lejano dej\u00e1ndolo solo en condiciones inhumanas y otros tres con heridas leves, este es el informe que tenemos hasta el momento ya que a\u00fan se encuentran varios desaparecidos.<br \/> \t&nbsp;<br \/> \tEl SMAT tienen cuatro ind\u00edgenas retenidos, hasta el momento en lugar desconocido.<\/p>\n<p style=\"text-align: justify;\"> \tLos cinco Pueblos Ind\u00edgenas del Pacifico Wouanaan Nonam, Embera Cham\u00ed, Eperara Siapidara, Nasa e Inga Filiales a la ACIVA R.P. y ORIVAC, en el Resguardo Ind\u00edgena Nasa Embera Cham\u00ed Comunidad Nasa Kiwe, rechazamos:<br \/> \t&nbsp;<br \/> \t1. La persecuci\u00f3n y judicializaci\u00f3n pol\u00edtica desmedida a nuestro l\u00edderes y lideresas ind\u00edgenas en este caso la detenci\u00f3n y fallo en segunda instancia del Tribunal Superior de Popay\u00e1n, que condena a dieciocho&nbsp; a\u00f1os de prisi\u00f3n a nuestro hermano y l\u00edder ind\u00edgena del Cauca y Colombia, FELICIANO VALENCIA MEDINA por defender y exigir el cumplimiento de los Derechos Leg\u00edtimos y Constitucionales&nbsp; de los pueblos ind\u00edgenas, como tambi\u00e9n la emisi\u00f3n&nbsp; del Programa S\u00e9ptimo D\u00eda trasmitido por el canal Caracol televisi\u00f3n por el deterioro causado a la imagen de los pueblos ancestrales.<br \/> \t&nbsp;<br \/> \t2. La&nbsp; negaci\u00f3n a la autonom\u00eda administrativa y el Derecho a la contrataci\u00f3n con las Instituciones y entidades p\u00fablicas, en este caso con&nbsp; la Corporaci\u00f3n Aut\u00f3noma Regional del Valle del Cauca C.V.C., desconociendo a las organizaciones ind\u00edgenas ACIVA R.P. y ORIVAC como Entidades P\u00fablicas sin Animo de Lucro y&nbsp; de Car\u00e1cter Especial representantes leg\u00edtimos y legales de las comunidades ind\u00edgenas del departamento del Valle, sabiendo y desconociendo convenios firmado y&nbsp; que este proceso se viene realizando a\u00f1os anteriores.<br \/> \t&nbsp;<br \/> \t3. El poco avance de ejecuci\u00f3n a los acuerdos pactados con el Distrito Especial de Buenaventura en el Marco de&nbsp; la Mesa de Concertaci\u00f3n y la falta de voluntad pol\u00edtica administrativa,&nbsp; ya que ha tenido un proceso lento para el tr\u00e1mite de contrataci\u00f3n. A pesar que hay convenios firmados hasta la fecha no se ha podido ejecutar o implementar dichos acuerdos por falta de pago a cada uno de los convenios y la afirmaci\u00f3n de la administraci\u00f3n sobre el embargo de las cuentas de la alcald\u00eda ya que ello no competen con nuestros acuerdos.<\/p>\n<p> \t4. La no atenci\u00f3n y respuesta institucional adecuada a nuestras comunidades ind\u00edgenas&nbsp;<\/p>\n<p style=\"text-align: justify;\"> \t&nbsp;<\/p>\n<p style=\"text-align: justify;\"> \t<u><strong>Por lo anterior, exigimos:<\/strong><\/u><br \/> \t&nbsp;<br \/> \t1. Exigimos del gobierno y el Estado colombiano, respeto a la Constituci\u00f3n Pol\u00edtica, a la diversidad \u00e9tnica y cultural a la normatividad internacional, que por bloque de constitucionalidad es aplicable y exigible al estado; que cese en Colombia la persecuci\u00f3n, amenazas, desapariciones, encarcelamiento y hostigamientos&nbsp; a los l\u00edderes sociales, por el simple hecho de ser opositores al modelo econ\u00f3mico neoliberal extractivista impuesto desde el exterior y que para acallar recurre a la pol\u00edtica terrorista de estado.<br \/> \t&nbsp;<br \/> \t2. Reclamamos a los Entes Garantes que nos den las Garant\u00edas Integrales y no repetici\u00f3n para el retorno a los territorios Ancestrales de Chachajo, Agua Clara y Chamapuro ubicados en el Rio San Juan quienes est\u00e1n hacinados en Buenaventura desde el 24 de Septiembre de 2014 y el cumplimiento de pliego de peticiones de la comunidad Nasa de la Delfina que fue desplazada en el 2013. Adem\u00e1s estamos recibiendo amenazas constantes por exigir nuestros Derechos.<br \/> \t&nbsp;<br \/> \t<strong>Nos declaramos en MINGA DE RESISTENCIA<\/strong><br \/> \t&nbsp;<br \/> \t<em><strong>EN PIE DE LUCHA Y RESISTENCIA: ACIVA R.P Y ORIVAC<br \/> \tPRESENTES<\/strong><\/em><\/p>\n<p style=\"text-align: justify;\"> \t&nbsp;<\/p>\n<p style=\"text-align: justify;\"> \t&nbsp;<br \/> \t<strong>Desde el Territorio Tradicional de Paz y Di\u00e1logo Nasa Embera Cham\u00ed \u2013 12 de Octubre de 2015.<\/strong><br \/> \t&nbsp;<\/p>\n","protected":false},"excerpt":{"rendered":"<p>\u201c2015 a\u00f1o de la reorganizaci\u00f3n, la reivindicaci\u00f3n y derechos de la exigencia de los Pueblos ind\u00edgenas del pacifico\u201d &nbsp;&nbsp; COMUNICADO A LA OPINI\u00d3N P\u00daBLICA No 02-10-15 &nbsp; Desde Buenaventura \u2013 Valle del [&hellip;]<\/p>\n","protected":false},"author":4,"featured_media":0,"comment_status":"open","ping_status":"open","sticky":false,"template":"","format":"standard","meta":[],"categories":[61],"tags":[],"_links":{"self":[{"href":"https:\/\/tejidohistorico.afrodescendientes.com\/index.php\/wp-json\/wp\/v2\/posts\/8475"}],"collection":[{"href":"https:\/\/tejidohistorico.afrodescendientes.com\/index.php\/wp-json\/wp\/v2\/posts"}],"about":[{"href":"https:\/\/tejidohistorico.afrodescendientes.com\/index.php\/wp-json\/wp\/v2\/types\/post"}],"author":[{"embeddable":true,"href":"https:\/\/tejidohistorico.afrodescendientes.com\/index.php\/wp-json\/wp\/v2\/users\/4"}],"replies":[{"embeddable":true,"href":"https:\/\/tejidohistorico.afrodescendientes.com\/index.php\/wp-json\/wp\/v2\/comments?post=8475"}],"version-history":[{"count":0,"href":"https:\/\/tejidohistorico.afrodescendientes.com\/index.php\/wp-json\/wp\/v2\/posts\/8475\/revisions"}],"wp:attachment":[{"href":"https:\/\/tejidohistorico.afrodescendientes.com\/index.php\/wp-json\/wp\/v2\/media?parent=8475"}],"wp:term":[{"taxonomy":"category","embeddable":true,"href":"https:\/\/tejidohistorico.afrodescendientes.com\/index.php\/wp-json\/wp\/v2\/categories?post=8475"},{"taxonomy":"post_tag","embeddable":true,"href":"https:\/\/tejidohistorico.afrodescendientes.com\/index.php\/wp-json\/wp\/v2\/tags?post=8475"}],"curies":[{"name":"wp","href":"https:\/\/api.w.org\/{rel}","templated":true}]}}