{"id":8482,"date":"2015-10-20T15:44:30","date_gmt":"2015-10-20T15:44:30","guid":{"rendered":"http:\/\/www2.nasaacin.org\/index.php\/2015\/10\/20\/asamblea-permanente-de-los-cinco-pueblos-indigenas-afiliadas-a-la-aciva-r-p-y-orivac-en-defender-de-los-territorios-ancestrales\/"},"modified":"2015-10-20T15:44:30","modified_gmt":"2015-10-20T15:44:30","slug":"asamblea-permanente-de-los-cinco-pueblos-indigenas-afiliadas-a-la-aciva-r-p-y-orivac-en-defender-de-los-territorios-ancestrales","status":"publish","type":"post","link":"https:\/\/tejidohistorico.afrodescendientes.com\/index.php\/2015\/10\/20\/asamblea-permanente-de-los-cinco-pueblos-indigenas-afiliadas-a-la-aciva-r-p-y-orivac-en-defender-de-los-territorios-ancestrales\/","title":{"rendered":"Asamblea permanente de los cinco pueblos ind\u00edgenas afiliadas a la ACIVA R.P. y ORIVAC, en defender de los territorios ancestrales"},"content":{"rendered":"<p style=\"text-align: justify;\"> \t<strong><em><span style=\"font-size:16px;\"><span style=\"font-family: georgia,serif;\">Asamblea permanente de las comunidades de los cinco pueblos ind\u00edgenas afiliadas a la ACIVA R.P. y ORIVAC&nbsp; se mantiene en la Delfina, corregimiento de buenaventura, en el territorio ancestral&nbsp; del resguardo Nasa-embera- cham\u00ed, comunidad&nbsp; Nasakiwe.<\/span><\/span><\/em><\/strong><\/p>\n<p style=\"text-align: justify;\"> \t<strong><em><span style=\"font-size:16px;\"><span style=\"font-family: georgia,serif;\"><\/span><\/span><\/em><\/strong><\/p>\n<p style=\"text-align: justify;\"> \tHoy 19 de Octubre&nbsp; de 2015, las comunidades ind\u00edgenas de ACIVA-R.P. Y ORIVAC completan nueve d\u00edas de RESISTENCIA y DENUNCIA, a los incumplimientos del Estado Colombiano, llegando incluso el pasado martes&nbsp; 13 de Octubre al bloqueo de la&nbsp; v\u00eda&nbsp; Alejandro cabal Pombo,&nbsp; por m\u00e1s de tres&nbsp; horas y despu\u00e9s de la agresi\u00f3n de la que fueron v\u00edctimas por parte de la Polic\u00eda Valle dejando una cantidad de heridos y tres detenidos que por el d\u00eda mi\u00e9rcoles recuperaron su libertad, quedando uno de ellos vinculado a proceso judicial.<\/p>\n<p>  <!--more-->  <\/p>\n<p style=\"text-align: justify;\"> \tSe sigue resistiendo y denunciando el no funcionamiento de la Mesa Departamental de Concertaci\u00f3n y el incumplimiento a los acuerdos de la Mesa de Concertaci\u00f3n con el Distrito de Buenaventura, porque a pesar de reiterados compromisos en cabeza del se\u00f1or Alcalde y sus secretarios&nbsp; es la fecha que no se materializan los proyectos, por negligencias y omisiones injustificadas, que llevan a dudar de las buenas intenciones&nbsp; que se han pregonado con respecto a la atenci\u00f3n a las comunidades ind\u00edgenas. En el municipio de Dagua,&nbsp; el Alcalde Diego Solarte se niega a entregar los recursos de un proyecto, del Resguardo de Yu Yecxwe, debidamente tramitado y presupuestado, ampar\u00e1ndose en un \u201cconcepto jur\u00eddico\u201d, seg\u00fan el cual, el resguardo no se encuentra inscrito en el Directorio Nacional de Proveedores. &nbsp;<\/p>\n<p> \tSe suma a lo anterior, la desviaci\u00f3n de los recursos de la Naci\u00f3n, en el tema de transferencias que deben ser entregadas a las comunidades ind\u00edgenas, inmediatamente como llegan, lo cual exigimos a la Contralor\u00eda General de la Rep\u00fablica y a la Procuradur\u00eda General de la Naci\u00f3n, inicien las investigaciones correspondientes y se exija&nbsp; cuanto antes el pago total de los recursos adeudados a las comunidades ind\u00edgenas tanto de BUENAVENTURA como tambi\u00e9n de Dagua, donde este caso es m\u00e1s aberrante dado que son cinco a\u00f1os seguidos, que se han apropiado de los recursos de transferencias destinados para los resguardos.<br \/> \t&nbsp;<br \/> \tNo siendo suficientemente&nbsp; grave e inconstitucional todo lo anterior, en la CVC, el Director Rub\u00e9n Dar\u00edo Mater\u00f3n, decide de manera UNILATERAL, y sin respeto al debido proceso, a la ley de contrataci\u00f3n, a la Constituci\u00f3n Pol\u00edtica, tratados y convenios internacionales, que acogen, amparan y normativizan el derecho a la AUTONOM\u00cdA de los pueblos ind\u00edgenas, expedir un acto administrativo a trav\u00e9s del cual suspende los convenios suscritos con las organizaciones ind\u00edgenas y consejos comunitarios, porque despu\u00e9s de QUINCE A\u00d1OS&nbsp; de venirlo haciendo as\u00ed, aparecen unos funcionarios de la Contralor\u00eda y arguyen que \u201cobras civiles\u201d, no est\u00e1 dentro del objeto de las organizaciones ind\u00edgenas y consejos comunitarios.&nbsp;&nbsp; Mientras se le incumple y violan derechos a comunidades de pueblos en alto grado de vulnerabilidad y que la Corte Constitucional ha dicho: \u201cen situaci\u00f3n de extinci\u00f3n f\u00edsica y&nbsp; cultural\u201d, el Estado se hace presente con la Fuerza P\u00fablica, para cometer m\u00e1s violaciones a&nbsp; los derechos fundamentales de los pueblos ind\u00edgenas, obligados a reclamar por v\u00edas de hecho su derecho a existir. Parece ser que la consigna del Estado Colombiano, que se enuncia como un Estado Social y Democr\u00e1tico de Derecho, es la de por acci\u00f3n y omisi\u00f3n extinguir a los pueblos ind\u00edgenas, como si no fuese poco el etnocidio de QUINIENTOS VEINTITRES A\u00d1OS, al que han sido sometidos por los gobernantes nacionales y locales. La pregunta que se hacen las comunidades ind\u00edgenas, es \u00bfQue han hecho ellos para merecerse tanto odio, tanta indiferencia y tanto rechazo por parte de las autoridades civiles y militares, que persisten en exterminarlos a trav\u00e9s de sus pr\u00e1cticas de negaci\u00f3n de derechos y a la vez de represi\u00f3n?<\/p>\n<p> \tPor todo lo anterior expresan su derecho a vivir dignamente, que no se les enga\u00f1e m\u00e1s, que se les respete su derecho a existir como comunidades y pueblos con derecho a AUTONOM\u00cdA, dentro de sus territorios, dentro de un Estado, que se dice democr\u00e1tico, participativo y pluralista, fundado en el respeto a la dignidad humana y la solidaridad. Exigen al se\u00f1or Gobernador del&nbsp; Valle, responda a su compromiso empe\u00f1ado cuando con presencia del&nbsp; actual Defensor Regional del Pueblo, instal\u00f3 La MESA DEPARTAMENTAL DE CONCERTACION CON LAS COMUNIDADES DE LOS PUEBLOS IND\u00cdGENAS DEL VALLE DEL CAUCA. Exigen a la ALCALD\u00cdA DISTRITAL DE BUENAVENTURA, HONRAR SUS COMPROMISOS CONCERTADOS EN LA MESA.<\/p>\n<p> \tExigen&nbsp; al ALCALDE DE DAGUA, cumplir con el proyecto del Resguardo de YU YECXWE y pago inmediato de las transferencias correspondientes a cinco a\u00f1os de desviaci\u00f3n de las mismas.<\/p>\n<p> \tExigen al Director de la CVC, la revocatoria del acto administrativo que suspendi\u00f3 la contrataci\u00f3n debidamente tramitada con ACIVA-R.P., ORIVAC y consejos comunitarios.<\/p>\n<p style=\"text-align: justify;\"> \t&nbsp;<\/p>\n<p style=\"text-align: justify;\"> \tExigen a la CONTRALORIA Y A LA PROCURADUR\u00cdA, inicien las investigaciones pertinentes frente a las denuncias aqu\u00ed expuestas e igual se manifiesten frente al derecho a la AUTONOM\u00cdA de las comunidades, resguardos, cabildos, organizaciones, asociaciones y autoridades tradicionales, para contratar tal y cual como de manera conjunta lo acordaron en&nbsp; resoluci\u00f3n del 2007.<\/p>\n<p> \tA las organizaciones internacionales, nacionales, departamentales, regionales y locales se solicita sus pronunciamientos ante las instituciones referidas; su acompa\u00f1amiento al territorio ASAMBLEA PERMANENTE INDEFINIDA.&nbsp;<\/p>\n<p style=\"text-align: justify;\"> \t&nbsp;<\/p>\n<p style=\"text-align: justify;\"> \t\u201c2015 A\u00d1O DE LA REORGANIZACION, LA REIVINDICACION Y DERECHOS DE LA EXIGENCIA<br \/> \tDE LOS PUEBLOS INDIGENAS DEL PACIFICO\u201d<\/p>\n<p style=\"text-align: justify;\"> \t&nbsp;<\/p>\n<p style=\"text-align: justify;\"> \t<img alt=\"\" src=\"https:\/\/lh3.googleusercontent.com\/827UDtXHrK4XttAYATGxz66sYQtcRGohy6jfFZAg06X9sSH4a3vbbAhFIDBmXZMD2bI4iChjErwlGipZlvniVoEvX24OUZ9_17Q2IA2VwVf9nCoP9LMfzlKgOLY5sBcXCNNR0yh9wgnGsRsJWHD0v7S6Ds7Rvd99cFEq83mj3I3yWpJ7CfMN-ppaFNvV0NhCi4kYM4xXF4-tq0lic-ehI2Jbmyb7twxGhGl3p-mmA8RrtR_U_S5KNfACE34x9KjViaemlincst42j4X3DrigupeD0ABO4rlgYHI2p4p3DhhHY17-PnPOTlP1uS3v3AiSuW07yHZjU99XMDa-CzcOIqHnwq-5WxIYzL-uU2veAH5XQOYlMp9h2DDcBQNT5dnJW4FWfCCmML3Tmr0NAcm6m7XoiodnbTsbgxbOnyGAR3G0CAjqPyviwBlphv6QAXU9mTZyN1MWuDDTwqVj2k3_82pB-1UngQ_n3AcmJleOTmvLZ-woW1MYaBBiwMlroR7JV5rx_gU66UpGuGp3cXxzo1mKiijf-hT20dgUuzG2wSI=w817-h182-no\" style=\"height: 139px; width: 625px; margin: 5px;\" \/><\/p>\n<p> \t&nbsp;<\/p>\n","protected":false},"excerpt":{"rendered":"<p>Asamblea permanente de las comunidades de los cinco pueblos ind\u00edgenas afiliadas a la ACIVA R.P. y ORIVAC&nbsp; se mantiene en la Delfina, corregimiento de buenaventura, en el territorio ancestral&nbsp; del resguardo Nasa-embera- [&hellip;]<\/p>\n","protected":false},"author":4,"featured_media":0,"comment_status":"open","ping_status":"open","sticky":false,"template":"","format":"standard","meta":[],"categories":[75],"tags":[],"_links":{"self":[{"href":"https:\/\/tejidohistorico.afrodescendientes.com\/index.php\/wp-json\/wp\/v2\/posts\/8482"}],"collection":[{"href":"https:\/\/tejidohistorico.afrodescendientes.com\/index.php\/wp-json\/wp\/v2\/posts"}],"about":[{"href":"https:\/\/tejidohistorico.afrodescendientes.com\/index.php\/wp-json\/wp\/v2\/types\/post"}],"author":[{"embeddable":true,"href":"https:\/\/tejidohistorico.afrodescendientes.com\/index.php\/wp-json\/wp\/v2\/users\/4"}],"replies":[{"embeddable":true,"href":"https:\/\/tejidohistorico.afrodescendientes.com\/index.php\/wp-json\/wp\/v2\/comments?post=8482"}],"version-history":[{"count":0,"href":"https:\/\/tejidohistorico.afrodescendientes.com\/index.php\/wp-json\/wp\/v2\/posts\/8482\/revisions"}],"wp:attachment":[{"href":"https:\/\/tejidohistorico.afrodescendientes.com\/index.php\/wp-json\/wp\/v2\/media?parent=8482"}],"wp:term":[{"taxonomy":"category","embeddable":true,"href":"https:\/\/tejidohistorico.afrodescendientes.com\/index.php\/wp-json\/wp\/v2\/categories?post=8482"},{"taxonomy":"post_tag","embeddable":true,"href":"https:\/\/tejidohistorico.afrodescendientes.com\/index.php\/wp-json\/wp\/v2\/tags?post=8482"}],"curies":[{"name":"wp","href":"https:\/\/api.w.org\/{rel}","templated":true}]}}