{"id":8483,"date":"2015-10-20T16:50:21","date_gmt":"2015-10-20T16:50:21","guid":{"rendered":"http:\/\/www2.nasaacin.org\/index.php\/2015\/10\/20\/al-tiempo-que-el-gobierno-niega-la-jurisdiccion-indigena-persigue-a-miembros-de-organizaciones-sociales-y-criminaliza-el-derecho-a-la-protesta-social\/"},"modified":"2015-10-20T16:50:21","modified_gmt":"2015-10-20T16:50:21","slug":"al-tiempo-que-el-gobierno-niega-la-jurisdiccion-indigena-persigue-a-miembros-de-organizaciones-sociales-y-criminaliza-el-derecho-a-la-protesta-social","status":"publish","type":"post","link":"https:\/\/tejidohistorico.afrodescendientes.com\/index.php\/2015\/10\/20\/al-tiempo-que-el-gobierno-niega-la-jurisdiccion-indigena-persigue-a-miembros-de-organizaciones-sociales-y-criminaliza-el-derecho-a-la-protesta-social\/","title":{"rendered":"Al tiempo que el gobierno niega la jurisdicci\u00f3n ind\u00edgena, persigue a miembros de organizaciones sociales y criminaliza el derecho a la protesta social"},"content":{"rendered":"<\/p>\n<p> \t<em><span style=\"font-size:11px;\"><span style=\"font-family: georgia,serif;\">Foto: Archivo del Tejido de comunicaci\u00f3n -ACIN<\/span><\/span><\/em><\/p>\n<p> \t&nbsp;<\/p>\n<p style=\"text-align: justify;\"> \tLas consejer\u00edas del Cric y la Acin, convocaron a las comunidades ind\u00edgenas de las diferentes zonas del departamento, para los d\u00edas 11 y 12 de octubre, a un debate p\u00fablico sobre la jurisdicci\u00f3n ind\u00edgena.<\/p>\n<p>  <!--more-->  <\/p>\n<p style=\"text-align: justify;\"> \tEsto con el objetivo de analizar el contexto actual en el que la condena contra Feliciano Valencia, no s\u00f3lo significa un ataque a todo el movimiento ind\u00edgena, sino que pone en riesgo el derecho al ejercicio de la justicia propia ya que \u00e9ste podr\u00eda ser se\u00f1alado como delito, como ha pasado con Feliciano Valencia y otros comuneros ind\u00edgenas judicializados en contextos de acciones de control territorial como la liberaci\u00f3n de la Madre Tierra y&nbsp; aplicaci\u00f3n de justicia propia.<\/p>\n<p> \tA pesar de la baja participaci\u00f3n de las delegaciones ind\u00edgenas de diferentes zonas convocadas, especialmente la de la zona norte; participaron delegados de otras organizaciones sociales que han manifestado su solidaridad en esta situaci\u00f3n. Se hicieron presentes delegados la Red por la Vida y los DDHH de Popay\u00e1n, el CIMA, la Universidad del Tolima, El Congreso de los Pueblos, Marcha Patri\u00f3tica, la organizaci\u00f3n Mugarik Gabe del Pa\u00eds Vasco, entre otras.<\/p>\n<p> \tEl d\u00eda 11 de octubre se realizaron dos ponencias para contextualizar la situaci\u00f3n de las comunidades ind\u00edgenas frente a la falta de garant\u00edas para el ejercicio de la justicia propia que se presenta actualmente -con lo sucedido con Feliciano Valencia y los se\u00f1alamientos a Julio Tumbo, vocero de Corinto de la Liberaci\u00f3n de la Madre Tierra-. Esto estuvo a cargo de Jos\u00e9 Domingo Cald\u00f3n y Henry Caballero.<a href=\"http:\/\/radioteca.net\/audio\/jose-domingo-caldon\/\"> <span style=\"color:#006400;\"><u><span style=\"background-color: rgb(211, 211, 211);\">Jos\u00e9 Domingo Cald\u00f3n habl\u00f3<\/span><\/u><\/span><\/a><span style=\"color:#006400;\"> <\/span>acerca del contexto de situaci\u00f3n actual de derechos ind\u00edgenas en Colombia (territoriales, culturales, sociales, econ\u00f3micos). Habl\u00f3 de la persecuci\u00f3n que se emprender\u00eda contra todos los ind\u00edgenas y su jurisdicci\u00f3n, de reafirmarse el delito que se le ha imputado a Feliciano Valencia.<\/p>\n<p style=\"text-align: justify;\"> \t<u><a href=\"http:\/\/radioteca.net\/audio\/henry-caballero\/\"><span style=\"color:#006400;\"><span style=\"background-color:#d3d3d3;\">Henry Caballero habl\u00f3<\/span><\/span><\/a><\/u> de las implicaciones de estos hechos en contra de la autonom\u00eda ind\u00edgena y en contra de la protesta social en general para todos los sectores, en la conyuntura de la represi\u00f3n que se acercar\u00eda para el post conflicto -que \u00e9l explica, deber\u00eda llamarse post firma del acuerdo, porque los conflictos seguir\u00e1n-.<\/p>\n<p> \tPero la persecuci\u00f3n contin\u00faa tambi\u00e9n contra las organizaciones sociales. Durante la apertura de este debate p\u00fablico, <u><a href=\"http:\/\/radioteca.net\/audio\/marcha-patriotica-denuncia-asesinato-comunero\/\"><span style=\"color:#006400;\"><span style=\"background-color: rgb(211, 211, 211);\">un delegado del movimiento Marcha Patri\u00f3tica denunci\u00f3<\/span><\/span><\/a><\/u> el asesinato de un miembro de esta organizaci\u00f3n sucedido ese mismo d\u00eda, 11 de octubre, en horas de la ma\u00f1ana, en la vereda Monta\u00f1ita, en el municipio de Suarez, Cauca. Igualmente hizo un llamado a trabajar conjuntamente ya que asegura que la condena contra Feliciano Valencia es un ataque a la protesta social&nbsp; de las organizaciones ind\u00edgenas y sociales. Audio.<\/p>\n<p> \t<u><a href=\"http:\/\/radioteca.net\/audio\/alberto-yase-3\/\"><span style=\"color:#006400;\"><span style=\"background-color:#d3d3d3;\">Alberto Yase, llama<\/span><\/span><\/a><\/u> a que la comunidad reflexione sobre los vac\u00edos internos y a las responsabilidades que se deben asumir como organizaciones ind\u00edgenas y que han tenido que ver en esta situaci\u00f3n alrededor de la justicia propia y el movimiento ind\u00edgena. Comenta que tambi\u00e9n es necesario recordar a decenas de compa\u00f1eros ind\u00edgenas que se encuentran encarcelados cuyos casos no han recibido la atenci\u00f3n que merece por parte de las autoridades tradicionales.<\/p>\n<p style=\"text-align: justify;\"> \tSe\u00f1ala tambi\u00e9n que hay un gran debilitamiento en la fuerza organizativa y en la unidad y que se manifiesta en c\u00f3mo el aspecto electoral ha logrado permear y fragmentar a las comunidades en los retos que hoy existen. Como ejemplo recuerda el juego electoral en las campa\u00f1as presidenciales, del pasado a\u00f1o 2014, en las que muchos sectores del movimiento ind\u00edgena apoyaron la reelecci\u00f3n de Santos, con el argumento (o excusa) de votar por la paz.<\/p>\n<p> \tEl d\u00eda lunes 12, las autoridades ind\u00edgenas esperaban la llegada de los representantes del gobierno para realizar el debate anunciado, para evaluar si se el gobierno dar\u00e1 las garant\u00edas para el ejercicio de la justicia propia o seguir\u00e1 violando la constituci\u00f3n, como ha pasado hasta el momento. La delegaci\u00f3n de ministros que se anunci\u00f3 participar\u00edan finalmente no se hizo presente, y en cambio llegaron los viceministros Interior, de Justica, un delegado del Consejo Superior de la Judicatura y un delegado de la Fiscal\u00eda General de la Naci\u00f3n.&nbsp; Como ya es costumbre el gobierno nunca se hace presente con una delegaci\u00f3n que tenga capacidad de decisi\u00f3n, por consiguiente, tampoco permite entablar un debate eficiente y se pudieran tomar decisiones pol\u00edticas y jur\u00eddicas. <u><a href=\"http:\/\/radioteca.net\/audio\/consejero-jose-ildo-pete-audiencia-publica\/\"><span style=\"color:#006400;\"><span style=\"background-color: rgb(211, 211, 211);\">Al respecto habl\u00f3 el consejero Jos\u00e9 Hildo Pete. <\/span><\/span><\/a><\/u><\/p>\n<p> \tEl Tejido de Comunicaci\u00f3n habl\u00f3 con <u><a href=\"http:\/\/radioteca.net\/audio\/rafael-coicue-debate-publico-la-maria-piendamo\/\"><span style=\"color:#006400;\"><span style=\"background-color: rgb(211, 211, 211);\">Rafael Coicu\u00e9, comunero de L\u00f3pez Adentro, quien hace un balance del trabajo de la segunda jornada de este encuentro<\/span><\/span><\/a><a href=\"http:\/\/radioteca.net\/audio\/rafael-coicue-2\/\"><span style=\"color:#006400;\"><span style=\"background-color: rgb(211, 211, 211);\">.<\/span><\/span><\/a><\/u> Adem\u00e1s hace una s\u00edntesis de los puntos que plantea el movimiento ind\u00edgena al gobierno:<\/p>\n<p style=\"text-align: justify;\"> \t1.&nbsp;&nbsp; &nbsp;El gobierno tiene que reconocer, garantiza y respetar lo que la constituci\u00f3n dice en el art\u00edculo 246.<\/p>\n<p style=\"text-align: justify;\"> \t2.&nbsp;&nbsp; &nbsp;Tiene que haber un control y seguimiento a la justicia porque est\u00e1 siendo parcializada. Porque lo que est\u00e1n haciendo los entes de justicia es perseguir al movimiento ind\u00edgena.<\/p>\n<p> \tPara el d\u00eda 13, se program\u00f3 la audiencia a Feliciano Valencia para solicitar su traslado hacia el CENTRO DE ARMONIZACI\u00d3N en el Resguardo Munchique los Tigres en Santander de Quilichao- Cauca; fecha aplazada desde el lunes 5 ya que el juez a cargo se<a href=\"http:\/\/www.nasaacin.org\/informativo-nasaacin\/nuestra-palabra-kueta-susuza-2013\/7855-sin-%C3%A9xito-finalizo-la-audiencia-p%C3%BAblica-en-la-ciudad-de-popay%C3%A1n-en-el-caso-de-feliciano-valencia\"><span style=\"color:#008080;\"><span style=\"background-color: rgb(211, 211, 211);\"> declar\u00f3 incompetente para este procedimiento.<\/span><\/span><\/a><span style=\"color:#008080;\"><span style=\"background-color: rgb(211, 211, 211);\"> <\/span><\/span>Las delegaciones que estaban concentradas en La Mar\u00eda, desde el s\u00e1bado 11 de octubre, acudieron al Palacio de Justicia Luis Carlos P\u00e9rez de Popay\u00e1n donde se llev\u00f3 a cabo la audiencia y de la cual, las comunidades esperaban una decisi\u00f3n positiva sobre el traslado.<\/p>\n<p> \tPero a pesar de que el Juez acept\u00f3 realizar el traslado, la decisi\u00f3n fue apelada por el representante de las v\u00edctimas del ministerio de defensa.<em><span style=\"background-color:#006400;\"> <\/span><span id=\"cke_bm_402S\" style=\"display: none;\">&nbsp;<\/span><span style=\"display: none;\">&nbsp;<\/span><\/em><a href=\"http:\/\/radioteca.net\/audio\/aida-quicue\/\"><span style=\"color:#006400;\"><span style=\"background-color:#d3d3d3;\">Escuchemos a la compa\u00f1era Aida Quilcu\u00e9 quien nos hace el balance la audiencia<\/span><span id=\"cke_bm_402E\" style=\"display: none;\">&nbsp;<\/span><\/span><\/a><span style=\"display: none;\">&nbsp;<\/span><em><span style=\"background-color:#d3d3d3;\"> <\/span><\/em>realizada a&nbsp; Feliciano Valencia, realizada el martes, 13 de octubre, en la ciudad de Popay\u00e1n.&nbsp;<span style=\"color:#006400;\"><span style=\"background-color: rgb(211, 211, 211);\"> <\/span><\/span><a href=\"http:\/\/radioteca.net\/audio\/miller-ormiga-hablo-sobre-la-audiencia-de-felician\/\"><span style=\"color:#006400;\"><span style=\"background-color: rgb(211, 211, 211);\">Eescuche tambien el Audio de Miller Ormiga <\/span><\/span><\/a><\/p>\n<p> \tPosteriormente la consejer\u00eda del Cric, realiz\u00f3 una rueda de prensa para dar a conocer el proceso jur\u00eddico contra Feliciano Valencia, los atropellos de los que ha sido v\u00edctima y las dilataciones con las que han perjudicado su proceso. Igualmente las autoridades del resguardo de Munchique Los Tigres, del que hace parte Feliciano Valencia, han citado a sus comuneros a reunirse para determinar qu\u00e9 caminos seguir para buscar una soluci\u00f3n a este caso que afecta a toda la comunidad.<\/p>\n<p style=\"text-align: justify;\"> \tEl gobierno ha demostrado claramente que incumple su palabra, que est\u00e1 violando la constituci\u00f3n pol\u00edtica y que no tiene argumentos para justificar esta violaci\u00f3n al negar el derecho a ejercer la justicia propia con esta condena impuesta contra Feliciano Valencia. Negar la justicia propia es negar la autonom\u00eda del pueblo Nasa y negar a los Nasa como pueblo; esto es un golpe pol\u00edtico que el&nbsp; gobierno quiere reducir a un proceso jur\u00eddico. Esto sumado&nbsp; a la judicializaci\u00f3n de miembros de organizaciones sociales y la persecuci\u00f3n de miembros de organizaciones campesinas en el pa\u00eds, anuncia que el panorama tras la firma de los acuerdos se agudizar\u00e1 la persecuci\u00f3n a las organizaciones y se normalizar\u00e1 la criminalizaci\u00f3n de la protesta social. <a href=\"http:\/\/radioteca.net\/audio\/rafael-coicue-2\/\"><span style=\"color:#006400;\"><span style=\"background-color: rgb(211, 211, 211);\">Rafael Coicu\u00e9 hace un an\u00e1lisis al respecto.<\/span><span id=\"cke_bm_471S\" style=\"display: none;\">&nbsp;<\/span><span style=\"display: none;\">&nbsp;<\/span><\/span><\/a><span style=\"background-color: rgb(211, 211, 211);\"> <\/span><br \/> \t<span style=\"display: none;\">&nbsp;<\/span><span id=\"cke_bm_471E\" style=\"display: none;\">&nbsp;<\/span><br \/> \t<em><strong>Tejido de Comunicaci\u00f3n -Acin<\/strong><\/em><\/p>\n","protected":false},"excerpt":{"rendered":"<p>Foto: Archivo del Tejido de comunicaci\u00f3n -ACIN &nbsp; Las consejer\u00edas del Cric y la Acin, convocaron a las comunidades ind\u00edgenas de las diferentes zonas del departamento, para los d\u00edas 11 y 12 [&hellip;]<\/p>\n","protected":false},"author":4,"featured_media":0,"comment_status":"open","ping_status":"open","sticky":false,"template":"","format":"standard","meta":[],"categories":[73],"tags":[],"_links":{"self":[{"href":"https:\/\/tejidohistorico.afrodescendientes.com\/index.php\/wp-json\/wp\/v2\/posts\/8483"}],"collection":[{"href":"https:\/\/tejidohistorico.afrodescendientes.com\/index.php\/wp-json\/wp\/v2\/posts"}],"about":[{"href":"https:\/\/tejidohistorico.afrodescendientes.com\/index.php\/wp-json\/wp\/v2\/types\/post"}],"author":[{"embeddable":true,"href":"https:\/\/tejidohistorico.afrodescendientes.com\/index.php\/wp-json\/wp\/v2\/users\/4"}],"replies":[{"embeddable":true,"href":"https:\/\/tejidohistorico.afrodescendientes.com\/index.php\/wp-json\/wp\/v2\/comments?post=8483"}],"version-history":[{"count":0,"href":"https:\/\/tejidohistorico.afrodescendientes.com\/index.php\/wp-json\/wp\/v2\/posts\/8483\/revisions"}],"wp:attachment":[{"href":"https:\/\/tejidohistorico.afrodescendientes.com\/index.php\/wp-json\/wp\/v2\/media?parent=8483"}],"wp:term":[{"taxonomy":"category","embeddable":true,"href":"https:\/\/tejidohistorico.afrodescendientes.com\/index.php\/wp-json\/wp\/v2\/categories?post=8483"},{"taxonomy":"post_tag","embeddable":true,"href":"https:\/\/tejidohistorico.afrodescendientes.com\/index.php\/wp-json\/wp\/v2\/tags?post=8483"}],"curies":[{"name":"wp","href":"https:\/\/api.w.org\/{rel}","templated":true}]}}