{"id":8502,"date":"2015-10-29T14:42:20","date_gmt":"2015-10-29T14:42:20","guid":{"rendered":"http:\/\/www2.nasaacin.org\/index.php\/2015\/10\/29\/agresiones-contra-defensores-as-de-derechos-humanos-en-colombia-julio-septiembre-2015\/"},"modified":"2015-10-29T14:42:20","modified_gmt":"2015-10-29T14:42:20","slug":"agresiones-contra-defensores-as-de-derechos-humanos-en-colombia-julio-septiembre-2015","status":"publish","type":"post","link":"https:\/\/tejidohistorico.afrodescendientes.com\/index.php\/2015\/10\/29\/agresiones-contra-defensores-as-de-derechos-humanos-en-colombia-julio-septiembre-2015\/","title":{"rendered":"Agresiones contra Defensores(as) de  Derechos Humanos en Colombia  Julio &#8211; Septiembre 2015"},"content":{"rendered":"<p> \t<strong>Bogot\u00e1 \u2013 Colombia. Programa Somos Defensores \u2013 octubre de 2015<\/strong><br \/> \t&nbsp;<br \/> \tSeg\u00fan el registro realizado por el Sistema de Informaci\u00f3n sobre Agresiones a Defensores y Defensoras de Derechos Humanos -SIADDHH- del Programa No Gubernamental de Protecci\u00f3n a defensores y defensoras de derechos humanos &#8211; Somos Defensores , entre julio y septiembre del a\u00f1o 2015, 178 defensores y defensoras&nbsp; de derechos humanos, fueron v\u00edctimas de alg\u00fan tipo de agresi\u00f3n que puso en riesgo su vida e integridad y obstaculiz\u00f3 la labor leg\u00edtima y legal de defensa de los derechos humanos en Colombia.<\/p>\n<p>  <!--more-->  <\/p>\n<p> \t&nbsp;<\/p>\n<p> \t<strong>Ver documento completo <\/strong><\/p>\n<p> \t&nbsp;<\/p>\n<div class=\"issuuembed\" data-configid=\"14766524\/31022084\" style=\"width:525px; height:340px;\"> \t&nbsp;<\/div>\n<p> <script type=\"text\/javascript\" src=\"\/\/e.issuu.com\/embed.js\" async=\"true\"><\/script><\/p>\n<p> \t&nbsp;<\/p>\n<p> \t<a class=\"at_url\" href=\"http:\/\/www.nasaacin.org\/attachments\/article\/7892\/Boletin%20Julio%20-%20Septiembre%20SIADDHH%202015.pdf\" title=\"Download this file (Boletin Julio - Septiembre SIADDHH 2015.pdf)\">Boletin Julio &#8211; Septiembre SIADDHH 2015.pdf<\/a><\/p>\n","protected":false},"excerpt":{"rendered":"<p>Bogot\u00e1 \u2013 Colombia. Programa Somos Defensores \u2013 octubre de 2015 &nbsp; Seg\u00fan el registro realizado por el Sistema de Informaci\u00f3n sobre Agresiones a Defensores y Defensoras de Derechos Humanos -SIADDHH- del Programa [&hellip;]<\/p>\n","protected":false},"author":4,"featured_media":0,"comment_status":"open","ping_status":"open","sticky":false,"template":"","format":"standard","meta":[],"categories":[61],"tags":[],"_links":{"self":[{"href":"https:\/\/tejidohistorico.afrodescendientes.com\/index.php\/wp-json\/wp\/v2\/posts\/8502"}],"collection":[{"href":"https:\/\/tejidohistorico.afrodescendientes.com\/index.php\/wp-json\/wp\/v2\/posts"}],"about":[{"href":"https:\/\/tejidohistorico.afrodescendientes.com\/index.php\/wp-json\/wp\/v2\/types\/post"}],"author":[{"embeddable":true,"href":"https:\/\/tejidohistorico.afrodescendientes.com\/index.php\/wp-json\/wp\/v2\/users\/4"}],"replies":[{"embeddable":true,"href":"https:\/\/tejidohistorico.afrodescendientes.com\/index.php\/wp-json\/wp\/v2\/comments?post=8502"}],"version-history":[{"count":0,"href":"https:\/\/tejidohistorico.afrodescendientes.com\/index.php\/wp-json\/wp\/v2\/posts\/8502\/revisions"}],"wp:attachment":[{"href":"https:\/\/tejidohistorico.afrodescendientes.com\/index.php\/wp-json\/wp\/v2\/media?parent=8502"}],"wp:term":[{"taxonomy":"category","embeddable":true,"href":"https:\/\/tejidohistorico.afrodescendientes.com\/index.php\/wp-json\/wp\/v2\/categories?post=8502"},{"taxonomy":"post_tag","embeddable":true,"href":"https:\/\/tejidohistorico.afrodescendientes.com\/index.php\/wp-json\/wp\/v2\/tags?post=8502"}],"curies":[{"name":"wp","href":"https:\/\/api.w.org\/{rel}","templated":true}]}}