{"id":8566,"date":"2015-11-27T15:01:06","date_gmt":"2015-11-27T15:01:06","guid":{"rendered":"http:\/\/www2.nasaacin.org\/index.php\/2015\/11\/27\/biologo-accidente-en-mina-de-brasil-es-comparable-a-fukushima\/"},"modified":"2015-11-27T15:01:06","modified_gmt":"2015-11-27T15:01:06","slug":"biologo-accidente-en-mina-de-brasil-es-comparable-a-fukushima","status":"publish","type":"post","link":"https:\/\/tejidohistorico.afrodescendientes.com\/index.php\/2015\/11\/27\/biologo-accidente-en-mina-de-brasil-es-comparable-a-fukushima\/","title":{"rendered":"Bi\u00f3logo: &#8216;Accidente en mina de Brasil es comparable a Fukushima&#8217;"},"content":{"rendered":"<div> \t<\/div>\n<div> \t&nbsp;<\/div>\n<div> \tEl impacto ambiental provocado por la rotura de dos diques de contenci\u00f3n de residuos de la industria minera en Minas Gerais, en el sureste de Brasil, puede compararse al causado por el accidente en la planta nuclear de Fukushima, ocurrido en Jap\u00f3n en 2011, dijo el bi\u00f3logo brasile\u00f1o Andr\u00e9 Ruschi.<\/div>\n<p>  <!--more-->  <\/p>\n<div> \t&nbsp;<\/div>\n<div> \t&nbsp;<\/div>\n<div> \tEl<strong> impacto ambiental <\/strong>provocado por la rotura de dos diques de contenci\u00f3n de residuos de la industria minera en <strong>Minas Gerais,<\/strong> en el sureste de Brasil, puede compararse al causado por el accidente en la<strong> planta nuclear de Fukushima, <\/strong>ocurrido en Jap\u00f3n en 2011, dijo el bi\u00f3logo brasile\u00f1o<strong> Andr\u00e9 Ruschi.<\/strong><\/div>\n<div> \t&nbsp;<\/div>\n<div> \t&#8220;Al llegar al mar, se convierte en el <strong>mayor desastre ambiental del mundo,<\/strong> s\u00f3lo comparable al accidente en Fukushima, debido a la extensi\u00f3n de la contaminaci\u00f3n en el mar&#8221;, agreg\u00f3.&nbsp;<\/div>\n<div> \t&nbsp;<\/div>\n<div> \tLa avalancha de m\u00e1s de <strong>62 millones de metros c\u00fabicos<\/strong> de desechos contaminantes, que se precipitaron a trav\u00e9s del r\u00edo Doce desde la ciudad de <strong>Mariana<\/strong> hasta el norte del estado de <strong>Esp\u00edrito Santo,<\/strong> vecino de R\u00edo de Janeiro, <a href=\"http:\/\/www.elcomercio.com\/actualidad\/barro-desechos-mineros-brasil-oceano.html\">lleg\u00f3 este fin de semana al oc\u00e9ano Atl\u00e1ntico.<\/a><\/div>\n<div> \t&nbsp;<\/div>\n<div> \tLas consecuencias de esta situaci\u00f3n todav\u00eda no pueden cuantificarse con exactitud. La riada comenz\u00f3 a avanzar el 5 de noviembre, despu\u00e9s de que cedieran, por razones que se desconocen, dos diques pertenecientes a <strong>Samarco,<\/strong> empresa controlada por las gigantes de miner\u00eda Vale, de Brasil, y la anglo-australiana <strong>BHP Billiton<\/strong>.&nbsp;<\/div>\n<div> \t&nbsp;<\/div>\n<div> \tA su paso, los<strong> residuos t\u00f3xicos<\/strong> borraron del mapa al peque\u00f1o poblado de<strong> Bento Rodrigues<\/strong>, regi\u00f3n rural de la ciudad de Mariana, y dejaron al menos 12 personas muertas. Once permanecen desaparecidas.&nbsp;<\/div>\n<div> \t&nbsp;<\/div>\n<div> \tTras recorrer m\u00e1s de 800 kil\u00f3metros a trav\u00e9s del r\u00edo Doce -la quinta mayor cuenca hidrogr\u00e1fica de Brasil-, el aluvi\u00f3n lleg\u00f3 a las costas de Esp\u00edritu Santo, donde seg\u00fan Ruschi se extiende a lo largo de 70 kil\u00f3metros por la costa y se adentra unos 30 kil\u00f3metros en el mar.&nbsp;<\/div>\n<div> \t&nbsp;<\/div>\n<div> \tEn el lugar se ubica un refugio natural donde van a poner sus huevos<strong> diversas especies de tortugas<\/strong> en peligro de extinsi\u00f3n.&nbsp;<\/div>\n<div> \t&nbsp;<\/div>\n<div> \tCualquier direcci\u00f3n que tome la mezcla de metales pesados y productos qu\u00edmicos constituir\u00e1 asimismo un verdadero desastre ambiental. Ampliar&nbsp;<\/div>\n<div> \t<img alt=\"\" src=\"http:\/\/www.elcomercio.com\/files\/content_thumbnail\/uploads\/2015\/11\/06\/563cdfef07930.jpeg\" style=\"height: 413px; width: 625px; margin: 5px; float: left;\" \/><\/div>\n<div> \t&nbsp;<\/div>\n<div> \t&nbsp;<\/div>\n<div> \t&nbsp;<\/div>\n<div> \t&nbsp;<\/div>\n<div> \t&nbsp;<\/div>\n<div> \t&nbsp;<\/div>\n<div> \t&nbsp;<\/div>\n<div> \t&nbsp;<\/div>\n<div> \t&nbsp;<\/div>\n<div> \t&nbsp;<\/div>\n<div> \t&nbsp;<\/div>\n<div> \t&nbsp;<\/div>\n<div> \t&nbsp;<\/div>\n<div> \t&nbsp;<\/div>\n<div> \t&nbsp;<\/div>\n<div> \t&nbsp;<\/div>\n<div> \t&nbsp;<\/div>\n<div> \t&nbsp;<\/div>\n<div> \tSi corre hacia el sur del r\u00edo Doce, afectar\u00e1 el refugio de vida silvestre de <strong>Santa Cruz,<\/strong> un lugar de unas 145 000 hect\u00e1reas marinas que abriga el mayor criadero marino del oc\u00e9ano Atl\u00e1ntico.<\/div>\n<div> \t&nbsp;<\/div>\n<div> \tSi se dirige al norte, llegar\u00e1 hasta el Archipi\u00e9lago de Abrolhos, un \u00e1rea de protecci\u00f3n ambiental formada por bancos de algas y arrecifes de coral.&nbsp;<\/div>\n<div> \t&nbsp;<\/div>\n<div> \t<strong>Ruschi<\/strong> explic\u00f3 que en el lugar existen corrientes marinas giratorias que son las que hacen propicio el h\u00e1bitat para la reproducci\u00f3n de una vasta fauna marina, que incluye ballenas, tiburones y tortugas, entre otras.&nbsp;<\/div>\n<div> \t&nbsp;<\/div>\n<div>\n<div> \t\tLa previsi\u00f3n es que el lodo contaminado sea &#8220;absorvido&#8221; por esas corrientes, acabando con la vida en el lugar. Explic\u00f3 que el lodo contaminado est\u00e1 compuesto principalmente por siete minerales pesados:<strong> ars\u00e9nico, mercurio, cadmio, hierro, manganeso, n\u00edquel y aluminio.&nbsp;<\/strong><\/div>\n<div> \t\t&nbsp;<\/div>\n<div> \t\tAgrava el problema, a\u00f1adi\u00f3, el hecho de que el proceso industrial que se lleva a cabo en las minas utiliza productos qu\u00edmicos cuya composici\u00f3n se desconoce.&nbsp;<\/div>\n<div> \t\t&nbsp;<\/div>\n<div> \t\t&#8220;Es una caja negra de veneno&#8221;, defini\u00f3 Ruschi, hijo de Augusto Ruschi, el cient\u00edfico m\u00e1s reconocido del pa\u00eds y nominado por ley como el &#8220;patrono&#8221; de la ecolog\u00eda en Brasil.&nbsp;<\/div>\n<div> \t\t&nbsp;<\/div>\n<div> \t\tEl bi\u00f3logo se\u00f1al\u00f3 asimismo que a lo largo del r\u00edo Doce existen varios emprendimientos de extracci\u00f3n mineral que utilizan productos que se mezclaron al aluvi\u00f3n de lodo proveniente de los diques rotos, lo que est\u00e1 produciendo reacciones qu\u00edmicas desconocidas y formando \u00e1cidos org\u00e1nicos en el<strong> bioma -fauna y flora<\/strong> de una determinada regi\u00f3n- cuyas consecuencias son un misterio. &#8220;Se est\u00e1 formando algo que no se sabe&#8221;, alert\u00f3.&nbsp;<\/div>\n<div> \t\t&nbsp;<\/div>\n<div> \t\tEl especialista cont\u00f3, por ejemplo, que los peces que murieron en el r\u00edo Doce a ra\u00edz de la avalancha perdieron la piel, algo &#8220;inusitado&#8221;. &#8220;Es como si se hubieran quemado a ra\u00edz de sustancias c\u00e1usticas&#8221;, indic\u00f3. Al llegar al mar, esa mezcla se est\u00e1 volviendo &#8220;gelatinosa&#8221;, lo que impide que se diluya en el agua y hace que los da\u00f1os que provoca a todos los seres vivos afectados sean a\u00fan m\u00e1s peligrosos.<\/div>\n<div> \t\t&nbsp;<\/div>\n<div> \t\tFuente:&nbsp;http:\/\/www.elcomercio.com\/actualidad\/brasil-accidente-mina-contaminacion-fukushima.html#.VlUkSQj7DQk.gmail<\/div>\n<\/p><\/div>\n<div> \t&nbsp;<\/div>\n<div> \t&nbsp;<\/div>\n","protected":false},"excerpt":{"rendered":"<p>&nbsp; El impacto ambiental provocado por la rotura de dos diques de contenci\u00f3n de residuos de la industria minera en Minas Gerais, en el sureste de Brasil, puede compararse al causado por [&hellip;]<\/p>\n","protected":false},"author":4,"featured_media":0,"comment_status":"open","ping_status":"open","sticky":false,"template":"","format":"standard","meta":[],"categories":[3],"tags":[],"_links":{"self":[{"href":"https:\/\/tejidohistorico.afrodescendientes.com\/index.php\/wp-json\/wp\/v2\/posts\/8566"}],"collection":[{"href":"https:\/\/tejidohistorico.afrodescendientes.com\/index.php\/wp-json\/wp\/v2\/posts"}],"about":[{"href":"https:\/\/tejidohistorico.afrodescendientes.com\/index.php\/wp-json\/wp\/v2\/types\/post"}],"author":[{"embeddable":true,"href":"https:\/\/tejidohistorico.afrodescendientes.com\/index.php\/wp-json\/wp\/v2\/users\/4"}],"replies":[{"embeddable":true,"href":"https:\/\/tejidohistorico.afrodescendientes.com\/index.php\/wp-json\/wp\/v2\/comments?post=8566"}],"version-history":[{"count":0,"href":"https:\/\/tejidohistorico.afrodescendientes.com\/index.php\/wp-json\/wp\/v2\/posts\/8566\/revisions"}],"wp:attachment":[{"href":"https:\/\/tejidohistorico.afrodescendientes.com\/index.php\/wp-json\/wp\/v2\/media?parent=8566"}],"wp:term":[{"taxonomy":"category","embeddable":true,"href":"https:\/\/tejidohistorico.afrodescendientes.com\/index.php\/wp-json\/wp\/v2\/categories?post=8566"},{"taxonomy":"post_tag","embeddable":true,"href":"https:\/\/tejidohistorico.afrodescendientes.com\/index.php\/wp-json\/wp\/v2\/tags?post=8566"}],"curies":[{"name":"wp","href":"https:\/\/api.w.org\/{rel}","templated":true}]}}