{"id":8597,"date":"2016-01-11T21:28:42","date_gmt":"2016-01-11T21:28:42","guid":{"rendered":"http:\/\/www2.nasaacin.org\/index.php\/2016\/01\/11\/no-tengan-miedo-unanse-pide-a-comunidades-apicultor-maya-que-gano-batalla-a-monsanto\/"},"modified":"2016-01-11T21:28:42","modified_gmt":"2016-01-11T21:28:42","slug":"no-tengan-miedo-unanse-pide-a-comunidades-apicultor-maya-que-gano-batalla-a-monsanto","status":"publish","type":"post","link":"https:\/\/tejidohistorico.afrodescendientes.com\/index.php\/2016\/01\/11\/no-tengan-miedo-unanse-pide-a-comunidades-apicultor-maya-que-gano-batalla-a-monsanto\/","title":{"rendered":"No tengan miedo, \u201c\u00a1un\u00e1nse!\u201d, pide a comunidades apicultor maya que gan\u00f3 batalla a Monsanto"},"content":{"rendered":"<p style=\"text-align: justify;\"> \t<span style=\"color:#008080;\"><span style=\"font-size: 18px;\"><span style=\"font-family: georgia,serif;\"><em>Don Gustavo Huchin Cauich, apicultor maya, est\u00e1 convencido de que las comunidades, si se unen, pueden contra cualquier empresa y contra cualquier Gobierno, porque su lucha no es para obtener algo, sino para defender sus derechos y su tierra.<\/em><\/span><\/span><\/span><\/p>\n<p>  <!--more-->  <\/p>\n<p style=\"text-align: justify;\"> \tCiudad de M\u00e9xico, 15 de noviembre (SinEmbargo).\u2013 \u201cLa resistencia de nuestra ra\u00edces y territorio son nuestros sue\u00f1os\u201d. Este es el lema de un frente conformado por mayas, yaquis, otom\u00edes y chontales, para contrarrestar la llegada de megaproyectos a sus comunidades y como ejemplos, algunos integrantes mencionan los planes mineros, el fracking, la deforestaci\u00f3n\u2026 y a Monsanto.<\/p>\n<p> \tLa comunidad maya, hace un par de semanas, obtuvo un fallo a favor de su territorio: la Suprema Corte de Justicia de la Naci\u00f3n (SCJN) orden\u00f3 a la empresa Monsanto detener la siembra de soya transg\u00e9nica en la Pen\u00ednsula de Yucat\u00e1n.<\/p>\n<p> \tSin embargo, el fallo se dio seis a\u00f1os despu\u00e9s de que Monsanto comenzara con la siembra, y en ese periodo de tiempo se vio afectada la actividad econ\u00f3mica y cultural m\u00e1s importante y de la que dependen 50 mil familias, y la deforestaci\u00f3n de 253 mil hect\u00e1reas. La lucha, adem\u00e1s de ser contra la empresa m\u00e1s grande del mundo de semillas transg\u00e9nicas, fue tambi\u00e9n contra el Gobierno federal, que en todo este tiempo litig\u00f3 de lado de contrario a las comunidades.<\/p>\n<p> \tFue lucha de los mayas contra su gobierno y una empresa trasnacional, en la que obtuvieron su primer victoria.<\/p>\n<p> \tGustavo Huchin Cauich, apicultor maya de la localidad de Hopelch\u00e9n, cuenta en entrevista que tras el fallo, m\u00e1s que fiesta, los pobladores est\u00e1n dedicados a pensar en c\u00f3mo reconstruir lo que las semillas de Monsanto destruyeron, junto con las ganas de dinero de los propietarios de la tierra y de las autoridades, que en lugar de dar esas tierras a los mayas, las vendieron para la siembra de soya transg\u00e9nica.<\/p>\n<p> \tAmparos, impugnaciones, viajes, entrevistas, firmas, manifestaciones, cansancio\u2026 Don Gus ahora sabe que los peque\u00f1os s\u00ed pueden contra los grandes y en su discurso repite la palabra colectividad, como la \u00fanica v\u00eda para que las comunidades hagan respetar sus derechos.<\/p>\n<p> \t<span style=\"font-family:georgia,serif;\"><span style=\"font-size: 18px;\"><span style=\"background-color:#fff0f5;\">\u201cEn realidad nosotros como ind\u00edgenas, como mayas, lo intentamos y lo logramos, y as\u00ed pueden otras comunidades, siempre y cuando tengan una visi\u00f3n firme de lo que se est\u00e1 haciendo y con una intenci\u00f3n muy fuerte y con una voluntad muy grande, se pueden hacer las cosas, porque no estamos falt\u00e1ndole el respeto a nadie, no estamos pidiendo un imposible. Simple y sencillamente exigimos nuestros derechos, nuestra identidad y un derecho a tener una buena salud y vivir en un ambiente sano. Claro que las comunidades pueden contra las grandes empresas, \u00a1claro que s\u00ed!\u201d, enfatiza el apicultor maya.<\/span><\/span><\/span><br \/> \t<img alt=\"\" src=\"http:\/\/www.sinembargo.mx\/wp-content\/uploads\/2015\/11\/IMG_4570.jpg\" \/><br \/> \t<span style=\"font-size:11px;\"><span style=\"font-family: tahoma,geneva,sans-serif;\"><span style=\"background-color: rgb(250, 235, 215);\">Apicultores mayas a la espera del fallo de la Suprema Corte de Justicia de la Naci\u00f3n. Foto: Robin Canul<\/span><\/span><\/span><\/p>\n<p> \t<strong>\u2013\u00bfCu\u00e1l fue el primer sentimiento que tuvo al conocer el fallo de la SCJN?<\/strong><\/p>\n<p> \t\u2013A m\u00ed me dio mucho gusto la resoluci\u00f3n de los ministros de la SCJN. Tras el fallo, me sent\u00ed tranquilo y muy contento, porque despu\u00e9s de tantos a\u00f1os en los que se violaron nuestros derechos y de que las autoridades se hac\u00edan sordas con nuestras peticiones\u2026 Esta vez s\u00ed nos hicieron caso y respetaron nuestros derechos en cierta forma, aunque sea parcial, porque en realidad a nosotros no se nos pidi\u00f3 ninguna opini\u00f3n respecto del derecho de la siembra o no de la soya transg\u00e9nica en nuestro territorio.<\/p>\n<p> \t<strong>\u2013\u00bfY cu\u00e1l fue la reacci\u00f3n de la comunidad?<\/strong><\/p>\n<p> \t\u2013\u00ad\u00a1Se lo platicamos de viva voz! Aunque muchos de nuestros hijos ya son profesionistas o tienen su Facebook y todas las redes sociales, cuando se dio el fallo, algunos ya lo sab\u00edan, pero no toda la comunidad, sobre todo los mayores, que no sabemos manejar eso. As\u00ed que cuando regresamos, anunciamos el fallo. Todos est\u00e1n muy contentos y cuando escucharon la noticia se llenaron de much\u00edsima alegr\u00eda, se saludaron y se abrazaron los unos a los otros, porque por fin hab\u00edamos ganado una lucha, aunque no en su totalidad, pero ya eran los primeros pasos para que se pudiera conservar la calidad de nuestra miel. Pero ahora queremos ver si los ministros definitivamente proh\u00edben la siembra de soya para que no se corra el riesgo de que nos saquen del mercado europeo.<\/p>\n<p> \tLa gente a\u00fan tiene esa inquietud, de qu\u00e9 va a pasar despu\u00e9s, porque esto no es definitivo y lo sabemos, pero es un paso que ya se dio y vamos a seguir luchando. Ellos dijeron que estaban contentos, pero no podemos bajar la guardia porque a\u00fan no se ha prohibido en su totalidad. Tambi\u00e9n quiero decir que qu\u00e9 bueno que no nos la hicieron m\u00e1s cansada, porque la primera semana que fuimos, no resolvieron y la pospusieron. Cuando regresamos todos nos dec\u00edan \u2018\u00bfpues c\u00f3mo?\u2019. Todos est\u00e1bamos desilusionados porque no se dictamin\u00f3 ni a contra ni a favor, y nuestros hermanos s\u00f3lo pensaban en c\u00f3mo le \u00edbamos a hacer. Qu\u00e9 bueno que se dictamin\u00f3, porque lo iban posponiendo. A lo mejor \u00edbamos a poder ir uno o dos m\u00e1s, por el pasaje, imagine el sacrificio econ\u00f3mico; nosotros somos campesinos con escasos recursos, no somos empresarios ni personas que tienen tanto dinero.<\/p>\n<p> \t<strong>\u2013\u00bfCu\u00e1les son los planes que se tienen en corto plazo, tanto en la comunidad como en el proceso contra Monsanto?<\/strong><\/p>\n<p> \t\u2013Estamos platicando con los licenciados, pensando que si no se puede componer todo lo que ya se ech\u00f3 a perder, porque la verdad es que ya se desmont\u00f3 much\u00edsima hect\u00e1rea de selva y bosque, por lo menos queremos ver qu\u00e9 hacer con esa situaci\u00f3n para volver a reforestar, pero lo vemos un poco dif\u00edcil, porque son m\u00e1s de 50 mil hect\u00e1reas que ya est\u00e1n deforestadas en nuestro municipio y eso nos preocupa mucho.<\/p>\n<p> \t<strong>\u2013\u00bfCu\u00e1l ha sido la posici\u00f3n de las autoridades en ese sentido?<\/strong><\/p>\n<p> \t\u2013Pues nosotros les hemos dicho que si no pueden volver a reforestar esos bosques y selvas, que por lo menos ya dejen de desmontar para que nosotros los apicultores podamos aprovechar la floraci\u00f3n por medio de nuestras abejitas que est\u00e1n pecoreando. No se habl\u00f3 de reparaci\u00f3n del da\u00f1o por parte de la empresa, porque son muchos empresarios y terratenientes los que sembraron, no es una sola persona. Son muchos empresarios y personas que tienen tierras ah\u00ed y que decidieron cultivar la soya. No s\u00e9 lo que vayan a decir, pero eso est\u00e1 en territorio maya. El problema es que ya nos contaminaron nuestros ejidos y ya no hay posibilidad de crear unos nuevos o hacer ampliaciones para que se nos den m\u00e1s hect\u00e1reas. Porque si nos daban m\u00e1s hect\u00e1reas, nosotros nunca las \u00edbamos a desmontar desde luego, las \u00edbamos a seguir conservando, pero como se permiti\u00f3 la venta de esos terrenos, pues much\u00edsima gente de dinero los compr\u00f3 y est\u00e1n divididos en 300, 500, dos mil hect\u00e1reas, \u00a1qu\u00e9 se puede hacer Los licenciados est\u00e1n diciendo que si no se puede parar ese da\u00f1o, por lo menos que ya dejen de desmontar, sean de quien sean las tierras, \u00a1pero que ya sea una ley en el Estado que no habr\u00e1 m\u00e1s deforestaci\u00f3n porque van a acabar con la selva!<\/p>\n<p> \t\u2013Con la experiencia que le dej\u00f3 este largo tiempo, \u00bfcu\u00e1l es el mensaje que Don Gus le da a las comunidades que est\u00e1n llevando un proceso similar?<\/p>\n<p> \t<span style=\"font-family:georgia,serif;\"><span style=\"font-size: 18px;\"><span style=\"background-color:#fff0f5;\">\u2013Les puedo decir que por favor unan fuerzas, unan voluntades, unan todo el af\u00e1n de vivir en un ambiente sano y para que se puedan pronunciar en contra, para que tomen acciones organizadas, que no se haga de una forma aislada, sino juntos, juntos todos los de las comunidades, como nosotros los mayas lo hicimos, a pesar de nuestras dificultades econ\u00f3micas, a pesar de todo. Pero que se unan&nbsp; y levanten la voz. Que no tengan miedo, porque ese nos puede vencer. Debemos saber que no estamos atentando contra nadie, al contrario. Estamos cuidando el medio ambiente; estamos pidiendo que no se siga deforestando y eso en realidad es a favor de todos los mexicanos y de toda la humanidad, para que tengan un ambiente sano, para que no haya m\u00e1s deforestaci\u00f3n ni m\u00e1s contaminaci\u00f3n. Les digo a las comunidades: \u00fananse.<\/span><\/span><\/span><\/p>\n<p style=\"text-align: justify;\"> \t<strong>\u2013\u00bfY a las que a\u00fan no se deciden?<\/strong><\/p>\n<p> \t\u2013Que si tienen miedo o no saben c\u00f3mo empezar, piensen y vean todo el problema que trae esto. Si no tienen informaci\u00f3n por medio de escrito, en Internet est\u00e1n todos los formatos y ah\u00ed pueden revisar, pero el reto es tomar conciencia, donde se siembra transg\u00e9nicos hay mucho desmonte; donde se siembran transg\u00e9nicos hay contaminaci\u00f3n del medio ambiente, del agua; matan abejitas, animales y hasta nosotros corremos ese riesgo. Por favor v\u00e1yanse enterando de lo que sucede, porque si en sus comunidades no hay transg\u00e9nicos, digan: \u00a1mejor que ni lleguen!<\/p>\n<p style=\"text-align: justify;\"> \t&nbsp;<\/p>\n<p style=\"text-align: justify;\"> \tfuente: http:\/\/www.sinembargo.mx\/15-11-2015\/1550825<\/p>\n","protected":false},"excerpt":{"rendered":"<p>Don Gustavo Huchin Cauich, apicultor maya, est\u00e1 convencido de que las comunidades, si se unen, pueden contra cualquier empresa y contra cualquier Gobierno, porque su lucha no es para obtener algo, sino [&hellip;]<\/p>\n","protected":false},"author":4,"featured_media":0,"comment_status":"open","ping_status":"open","sticky":false,"template":"","format":"standard","meta":[],"categories":[3],"tags":[],"_links":{"self":[{"href":"https:\/\/tejidohistorico.afrodescendientes.com\/index.php\/wp-json\/wp\/v2\/posts\/8597"}],"collection":[{"href":"https:\/\/tejidohistorico.afrodescendientes.com\/index.php\/wp-json\/wp\/v2\/posts"}],"about":[{"href":"https:\/\/tejidohistorico.afrodescendientes.com\/index.php\/wp-json\/wp\/v2\/types\/post"}],"author":[{"embeddable":true,"href":"https:\/\/tejidohistorico.afrodescendientes.com\/index.php\/wp-json\/wp\/v2\/users\/4"}],"replies":[{"embeddable":true,"href":"https:\/\/tejidohistorico.afrodescendientes.com\/index.php\/wp-json\/wp\/v2\/comments?post=8597"}],"version-history":[{"count":0,"href":"https:\/\/tejidohistorico.afrodescendientes.com\/index.php\/wp-json\/wp\/v2\/posts\/8597\/revisions"}],"wp:attachment":[{"href":"https:\/\/tejidohistorico.afrodescendientes.com\/index.php\/wp-json\/wp\/v2\/media?parent=8597"}],"wp:term":[{"taxonomy":"category","embeddable":true,"href":"https:\/\/tejidohistorico.afrodescendientes.com\/index.php\/wp-json\/wp\/v2\/categories?post=8597"},{"taxonomy":"post_tag","embeddable":true,"href":"https:\/\/tejidohistorico.afrodescendientes.com\/index.php\/wp-json\/wp\/v2\/tags?post=8597"}],"curies":[{"name":"wp","href":"https:\/\/api.w.org\/{rel}","templated":true}]}}