{"id":8601,"date":"2016-01-13T00:07:05","date_gmt":"2016-01-13T00:07:05","guid":{"rendered":"http:\/\/www2.nasaacin.org\/index.php\/2016\/01\/13\/desde-el-viaducto-malleco-region-de-la-araucania-no-mas-forestales-ni-hidroelectricas\/"},"modified":"2016-01-13T00:07:05","modified_gmt":"2016-01-13T00:07:05","slug":"desde-el-viaducto-malleco-region-de-la-araucania-no-mas-forestales-ni-hidroelectricas","status":"publish","type":"post","link":"https:\/\/tejidohistorico.afrodescendientes.com\/index.php\/2016\/01\/13\/desde-el-viaducto-malleco-region-de-la-araucania-no-mas-forestales-ni-hidroelectricas\/","title":{"rendered":"Desde el viaducto Malleco, Regi\u00f3n de la Araucan\u00eda: \u00a1No m\u00e1s forestales ni hidroel\u00e9ctricas!"},"content":{"rendered":"<p> \tEl&nbsp; 8 de enero del 2016, la Regi\u00f3n de la Araucan\u00eda amaneci\u00f3 con la intervenci\u00f3n del emblem\u00e1tico viaducto con un largo lienzo visto por toda persona que se trasite por el emblem\u00e1tico puente Malleco en la comuna de Collipulli, se\u00f1alando \u00a1No m\u00e1s forestales ni represas!, en alusi\u00f3n a la devastaci\u00f3n que enfrentan los territorios a causa de estos modelos.<\/p>\n<p>  <!--more-->  <\/p>\n<p> \tCabe se\u00f1alar que existe un amplio rechazo en la Regi\u00f3n a la imposici\u00f3n de centrales hidroel\u00e9ctricas y a una mayor expansi\u00f3n de monocultivos de plantaciones de monocultivos de especies ex\u00f3ticas de pinos y eucaliptus, raz\u00f3n por la cual se movilizaron miles de personas en el a\u00f1o 2015 exigiendo terminar con la devastaci\u00f3n de territorios y las \u00faltimas reservas naturales indispensables para la vida.<\/p>\n<p> \tActualmente, unos 29 proyectos hidroel\u00e9ctricos se encuentran en etapa de evaluaciones ambientales, aprobadas, en construcci\u00f3n o ya construidas, considerando algunos casos de referencia con menos de 3 mw que no ingresan a evaluaci\u00f3n ambiental, lo que se condice con los cientos de derechos de agua para fines hidroel\u00e9ctricos a mano de empresas o particulares.<\/p>\n<p> \tEl Ministro de Energ\u00eda M\u00e1ximo Pacheco ha anunciado que en carpeta se proyectan cuarenta centrales hidroel\u00e9ctricas para la Araucan\u00eda y m\u00e1s de 100 mini hidros. Bajo esa pol\u00edtica, el gobierno ha aprobado durante el 2015 centrales en Curarrehue y Curacaut\u00edn bajo la oposici\u00f3n mayoritaria de la poblaci\u00f3n.<\/p>\n<p> \tEl r\u00edo Renaico en Malleco, que involucra las comunas de Renaico, Mulch\u00e9n&nbsp; y Collipulli,&nbsp; tambi\u00e9n se encuentra amenazado por una central hidroel\u00e9ctrica, del proyecto AGUA VIVA donde tambi\u00e9n se han realizado diversas acciones y manifestaciones de rechazo.<\/p>\n<p> \tPor su parte, la Araucan\u00eda tiene cerca del 25 % de su superficie con plantaciones de pinos y eucaliptus, las que han causado un grave da\u00f1o social, ambiental y econ\u00f3mico, empobreciendo diversas localidades y generando una fuerte disminuci\u00f3n de las fuentes h\u00eddricas de amplias zonas, coincidiendo con las m\u00e1s de 50 mil personas que no tienen agua en temporada estival en lugares donde existe una alta concentraci\u00f3n de forestales, por lo que se mantiene un amplio rechazo a la pr\u00f3rroga del Decreto Ley 701 que fomenta las plantaciones y que se ventila actualmente en el parlamento.<\/p>\n<p> \tEl viaducto del puente ferroviario en Malleco, donde se colg\u00f3 este lienzo, es la entrada emblem\u00e1tica a la Regi\u00f3n de la Araucan\u00eda. Con sus 102 metros de altura, es el segundo puente m\u00e1s alto de Chile, solo superado por el viaducto de Conchi o viaducto de Loa con 103 metros, y fue considerado el puente ferroviario m\u00e1s alto del mundo en su \u00e9poca.<\/p>\n<p> \tEl puente fue inaugurado en 1890 con posterioridad a la invasi\u00f3n b\u00e9lica del estado chileno al territorio Mapuche. Su longitud es de 347,5 m y descansa sobre sus dos estribos extremos y cuatro pilas intermedias, todas ellas de acero. La primera y cuarta pilas tienen 43,7 m de alto, la segunda 67,7 y la tercera 75,7. Los rieles se encuentran a 102 m de altura sobre el fondo de la quebrada. Posteriormente, se pusieron refuerzos diagonales entre la viga y las torres para que la estructura soportara el peso de locomotoras m\u00e1s modernas. El viaducto se aprecia en toda su magnitud desde el puente de la carretera Panamericana Sur, que se construy\u00f3 paralelo a \u00e9l.<\/p>\n<p> \tFuente: http:\/\/www.mapuexpress.org\/?p=6659<\/p>\n","protected":false},"excerpt":{"rendered":"<p>El&nbsp; 8 de enero del 2016, la Regi\u00f3n de la Araucan\u00eda amaneci\u00f3 con la intervenci\u00f3n del emblem\u00e1tico viaducto con un largo lienzo visto por toda persona que se trasite por el emblem\u00e1tico [&hellip;]<\/p>\n","protected":false},"author":4,"featured_media":0,"comment_status":"open","ping_status":"open","sticky":false,"template":"","format":"standard","meta":[],"categories":[3],"tags":[],"_links":{"self":[{"href":"https:\/\/tejidohistorico.afrodescendientes.com\/index.php\/wp-json\/wp\/v2\/posts\/8601"}],"collection":[{"href":"https:\/\/tejidohistorico.afrodescendientes.com\/index.php\/wp-json\/wp\/v2\/posts"}],"about":[{"href":"https:\/\/tejidohistorico.afrodescendientes.com\/index.php\/wp-json\/wp\/v2\/types\/post"}],"author":[{"embeddable":true,"href":"https:\/\/tejidohistorico.afrodescendientes.com\/index.php\/wp-json\/wp\/v2\/users\/4"}],"replies":[{"embeddable":true,"href":"https:\/\/tejidohistorico.afrodescendientes.com\/index.php\/wp-json\/wp\/v2\/comments?post=8601"}],"version-history":[{"count":0,"href":"https:\/\/tejidohistorico.afrodescendientes.com\/index.php\/wp-json\/wp\/v2\/posts\/8601\/revisions"}],"wp:attachment":[{"href":"https:\/\/tejidohistorico.afrodescendientes.com\/index.php\/wp-json\/wp\/v2\/media?parent=8601"}],"wp:term":[{"taxonomy":"category","embeddable":true,"href":"https:\/\/tejidohistorico.afrodescendientes.com\/index.php\/wp-json\/wp\/v2\/categories?post=8601"},{"taxonomy":"post_tag","embeddable":true,"href":"https:\/\/tejidohistorico.afrodescendientes.com\/index.php\/wp-json\/wp\/v2\/tags?post=8601"}],"curies":[{"name":"wp","href":"https:\/\/api.w.org\/{rel}","templated":true}]}}