{"id":8609,"date":"2016-01-20T19:57:56","date_gmt":"2016-01-20T19:57:56","guid":{"rendered":"http:\/\/www2.nasaacin.org\/index.php\/2016\/01\/20\/el-agua-no-es-un-negocio-es-un-derecho-fundamental\/"},"modified":"2016-01-20T19:57:56","modified_gmt":"2016-01-20T19:57:56","slug":"el-agua-no-es-un-negocio-es-un-derecho-fundamental","status":"publish","type":"post","link":"https:\/\/tejidohistorico.afrodescendientes.com\/index.php\/2016\/01\/20\/el-agua-no-es-un-negocio-es-un-derecho-fundamental\/","title":{"rendered":"EL AGUA  NO ES UN NEGOCIO ES UN DERECHO FUNDAMENTAL."},"content":{"rendered":"<div> \tBuenaventura Enero del 2016.<\/div>\n<div> \t&nbsp;<\/div>\n<div> \tEl COMITE DE LA AGUA Y LA VIDA DE BUENAVENTURA, desea, para este &nbsp;a\u00f1o nuevo, la unidad y la decisi\u00f3n de&nbsp;<\/div>\n<div> \t&nbsp;<\/div>\n<div> \tlucha del pueblo para afrontar y lograr la soluci\u00f3n definitiva a la problem\u00e1tica del agua y el alcantarillado de&nbsp;<\/div>\n<div> \t&nbsp;<\/div>\n<div> \tBuenaventura.<\/div>\n<p>  <!--more-->  <\/p>\n<div> \t&nbsp;<\/div>\n<div> \t&nbsp;<\/div>\n<div> \t&nbsp;<\/div>\n<div> \tMuchos pobladores pasamos la navidad &nbsp;y el fin de a\u00f1o sin agua potable en nuestras casas y muchos m\u00e1s&nbsp;<\/div>\n<div> \t&nbsp;<\/div>\n<div> \themos iniciado el a\u00f1o nuevo sin el vital liquida.<\/div>\n<div> \t&nbsp;<\/div>\n<div> \tLa falta de voluntad pol\u00edtica de la administraci\u00f3n que acaba de terminar, fue evidente a pesar que con la&nbsp;<\/div>\n<div> \t&nbsp;<\/div>\n<div> \tmovilizaci\u00f3n de la ciudadan\u00eda en barrios y fundamentalmente con la multitudinaria marcha, &nbsp;el plant\u00f3n del&nbsp;<\/div>\n<div> \t&nbsp;<\/div>\n<div> \t2014, &nbsp;la tenacidad y persistencia del Comit\u00e9 del agua y las dem\u00e1s organizaciones sociales de Buenaventura, &nbsp;<\/div>\n<div> \t&nbsp;<\/div>\n<div> \tlogramos que el Gobierno Nacional se comprometieran a financiar las obras necesarias para solucionar el&nbsp;<\/div>\n<div> \t&nbsp;<\/div>\n<div> \tproblema.<\/div>\n<div> \t&nbsp;<\/div>\n<div> \tEl Gobierno Nacional incumpli\u00f3 los compromisos adquiridos en varias ocasiones, entre ellos la consigna 24 por&nbsp;<\/div>\n<div> \t&nbsp;<\/div>\n<div> \t24, &nbsp;el \u00faltimo &nbsp;fue el cronograma de trabajo aprobados en el mes &nbsp;de Julio del 2015 de licitar y contratar las&nbsp;<\/div>\n<div> \t&nbsp;<\/div>\n<div> \tobras &nbsp;para afrontar los 4 problemas claves que tiene el acueducto, (Planta de tratamiento de Escalerete,&nbsp;<\/div>\n<div> \t&nbsp;<\/div>\n<div> \ttuber\u00edas de conducci\u00f3n, planta de tratamiento de Venecia y tanques de almacenamientos), &nbsp;solo cumpli\u00f3 con&nbsp;<\/div>\n<div> \t&nbsp;<\/div>\n<div> \tla contrataci\u00f3n de la mejora de la planta de tratamiento de Venecia, pero &nbsp;que est\u00e1 trabajando a un ritmo muy&nbsp;<\/div>\n<div> \t&nbsp;<\/div>\n<div> \tlento. Las dem\u00e1s obras no se iniciaron en los plazos acordados.<\/div>\n<div> \t&nbsp;<\/div>\n<div> \tPara el colmo, Hidropacifico est\u00e1 solicitando 10 a\u00f1os m\u00e1s de &nbsp;ampliaci\u00f3n del contrato. Es decir que tendr\u00edamos&nbsp;<\/div>\n<div> \t&nbsp;<\/div>\n<div> \tque soportarlos &nbsp;los 4 a\u00f1os que le faltan del contrato actual, y los que est\u00e1 solicitando para UN TOTAL DE 14&nbsp;<\/div>\n<div> \t&nbsp;<\/div>\n<div> \tA\u00d1OS M\u00c1S DE MALOS SERVICIOS, ATROPELLOS, EXCUSAS, MENTIRAS Y EXPLOTACION.<\/div>\n<div> \t&nbsp;<\/div>\n<div> \tEstamos haciendo un llamado a la poblaci\u00f3n de unidad y movilizaci\u00f3n por el derecho al agua y el saneamiento&nbsp;<\/div>\n<div> \t&nbsp;<\/div>\n<div> \tb\u00e1sico.&nbsp;<\/div>\n<div> \t&nbsp;<\/div>\n<div> \tA la nueva administraci\u00f3n le solicitamos &nbsp;afrontar con decisi\u00f3n y firmeza &nbsp;la soluci\u00f3n de este problema con la&nbsp;<\/div>\n<div> \t&nbsp;<\/div>\n<div> \tseguridad que este Comit\u00e9 y el pueblo de Buenaventura lo acompa\u00f1aran.<\/div>\n<div> \t&nbsp;<\/div>\n<div> \tExigiremos al Gobierno Nacional de Juan Manuel Santos el cumplimiento de los acuerdos y compromisos con&nbsp;<\/div>\n<div> \t&nbsp;<\/div>\n<div> \tBuenaventura.<\/div>\n<div> \t&nbsp;<\/div>\n<div> \tCOMIT\u00c9 DEL AGUA Y LA VIDA<\/div>\n<div> \t&nbsp;<\/div>\n<div> \tSINTRAELECOL, SUTEV, UGTI,UNEB SINDESENA,UNEB, ACEB SINTRAMUNICIPIO,UNION PORTURIA, &nbsp;CUT, COMIT\u00c9 DE CONTROL SOCIAL DE LOS SERVICIOS P\u00daBLICOS&nbsp;<\/div>\n<div> \t&nbsp;<\/div>\n<div> \tDOMICILIARIOS, COMIT\u00c9 POR LA UNIDAD DEFENSA Y SALVACI\u00d3N DE BUENAVENTURA, PCN,ANPAC, &nbsp;PASTORAL AFROCOLOMBIANA, JUNTAS ACCI\u00d3N COMUNAL&nbsp;<\/div>\n<div> \t&nbsp;<\/div>\n<div> \tPUEBLO NUEVO, PUERTA DEL CIELO , UNI\u00d3N DE VIVIENDA, BELLAVISTA, DELEGADOS(AS) &nbsp;BARRIO EL BOSQUE, CAPRICHO, JAL &nbsp;DE LAS COMUNA 1, 4, 5 6, 7 Y &nbsp;12.&nbsp;<\/div>\n<div> \t&nbsp;<\/div>\n<div> \tVOCALES DE CONTROL, MERITORIO CUERPO DE BOMBEROS VOLUNTARIOS, OCE. ESTUDIANTE UNIPACIFICO, COES, AJUPECOL, &nbsp;APR0JUCOL.PASTORAL SOCIAL<\/div>\n<div> \t&nbsp;<\/div>\n<div> \tPD: El comit\u00e9 se re\u00fane todos los mi\u00e9rcoles 5 pm en Meritorio cuerpo de Bomberos .<\/div>\n","protected":false},"excerpt":{"rendered":"<p>Buenaventura Enero del 2016. &nbsp; El COMITE DE LA AGUA Y LA VIDA DE BUENAVENTURA, desea, para este &nbsp;a\u00f1o nuevo, la unidad y la decisi\u00f3n de&nbsp; &nbsp; lucha del pueblo para afrontar [&hellip;]<\/p>\n","protected":false},"author":4,"featured_media":0,"comment_status":"open","ping_status":"open","sticky":false,"template":"","format":"standard","meta":[],"categories":[4],"tags":[],"_links":{"self":[{"href":"https:\/\/tejidohistorico.afrodescendientes.com\/index.php\/wp-json\/wp\/v2\/posts\/8609"}],"collection":[{"href":"https:\/\/tejidohistorico.afrodescendientes.com\/index.php\/wp-json\/wp\/v2\/posts"}],"about":[{"href":"https:\/\/tejidohistorico.afrodescendientes.com\/index.php\/wp-json\/wp\/v2\/types\/post"}],"author":[{"embeddable":true,"href":"https:\/\/tejidohistorico.afrodescendientes.com\/index.php\/wp-json\/wp\/v2\/users\/4"}],"replies":[{"embeddable":true,"href":"https:\/\/tejidohistorico.afrodescendientes.com\/index.php\/wp-json\/wp\/v2\/comments?post=8609"}],"version-history":[{"count":0,"href":"https:\/\/tejidohistorico.afrodescendientes.com\/index.php\/wp-json\/wp\/v2\/posts\/8609\/revisions"}],"wp:attachment":[{"href":"https:\/\/tejidohistorico.afrodescendientes.com\/index.php\/wp-json\/wp\/v2\/media?parent=8609"}],"wp:term":[{"taxonomy":"category","embeddable":true,"href":"https:\/\/tejidohistorico.afrodescendientes.com\/index.php\/wp-json\/wp\/v2\/categories?post=8609"},{"taxonomy":"post_tag","embeddable":true,"href":"https:\/\/tejidohistorico.afrodescendientes.com\/index.php\/wp-json\/wp\/v2\/tags?post=8609"}],"curies":[{"name":"wp","href":"https:\/\/api.w.org\/{rel}","templated":true}]}}