{"id":8628,"date":"2016-02-01T15:35:32","date_gmt":"2016-02-01T15:35:32","guid":{"rendered":"http:\/\/www2.nasaacin.org\/index.php\/2016\/02\/01\/justicia-propia-nuevamente-condena-6-comuneros-desarmonizados-efectuando-la-jurisdiccion-especial-indagan\/"},"modified":"2016-02-01T15:35:32","modified_gmt":"2016-02-01T15:35:32","slug":"justicia-propia-nuevamente-condena-6-comuneros-desarmonizados-efectuando-la-jurisdiccion-especial-indagan","status":"publish","type":"post","link":"https:\/\/tejidohistorico.afrodescendientes.com\/index.php\/2016\/02\/01\/justicia-propia-nuevamente-condena-6-comuneros-desarmonizados-efectuando-la-jurisdiccion-especial-indagan\/","title":{"rendered":"Justicia propia nuevamente condena 5 comuneros desarmonizados, efectuando  la Jurisdicci\u00f3n Especial Ind\u00edgena ."},"content":{"rendered":"<p style=\"text-align: justify;\"> \t<span style=\"font-size:16px;\"><em style=\"color: rgb(0, 128, 128); font-size: 12.8px; line-height: 19.2px;\"><span style=\"font-family: georgia, serif;\">Las autoridades ind\u00edgenas de los cabildos de Tacueyo, Toribio, San Francisco y Jambal\u00f3, acompa\u00f1adas por la Acin, Cric y Onic, informan a la opini\u00f3n p\u00fablica sobre la asamblea comunitaria de juzgamiento realizada en el marco del derecho fundamental&nbsp; al ejercicio de la jurisdicci\u00f3n especial ind\u00edgena.<\/span><\/em><\/span><\/p>\n<p>  <!--more-->  <\/p>\n<p style=\"text-align: justify;\"> \t&nbsp;Como Autoridades de los cuatro Resguardos nos permitimos informar a la comunidad nacional e internacional que el d\u00eda domingo 31 de enero de 2016 hemos realizado Asamblea comunitaria de juzgamiento y&nbsp; aplicaci\u00f3n de remedio a los comuneros nasas del Resguardo de Jambal\u00f3 Gonzalo Medina, Fernando Quitumbo y Fayber Quitumbo, bajo el cargo de asesinato a los comuneros Willian Dario Poto Secue y Alfredo Hernan R\u00edos Galvis, de los Resguardos de San Francisco y Toribio,&nbsp; ocurrido&nbsp; el dia 23 de julio del a\u00f1o 2011 en la vereda Quinamay\u00f3 del Resguardo de San Francisco del municipio de Toribio.<\/p>\n<p style=\"text-align: justify;\"> \t&nbsp;<\/p>\n<p style=\"text-align: justify;\"> \tEsta asamblea comunitaria tambi\u00e9n encontr\u00f3 culpables&nbsp; a los comuneros nasas&nbsp; Marco Tulio Ulcue, Gonzalo Medina,&nbsp; Fayber Quitumbo y Marden Campo por la muerte del comunero Rafael Mauricio Gir\u00f3n del resguardo de Jambal\u00f3.<\/p>\n<p> \tEste ejercicio realizado en el marco de&nbsp; la Ley de Origen y de la Jurisdicci\u00f3n Especial Ind\u00edgena que garantiza la autonom\u00eda territorial previstos por la constituci\u00f3n pol\u00edtica de Colombia en el art\u00edculo 7&nbsp; que protege la diversidad \u00e9tnica y cultural de la naci\u00f3n colombiana y el art\u00edculo 246&nbsp; de la misma que se\u00f1alan<span style=\"font-size:16px;\"> <span style=\"font-family: georgia,serif;\"><em>\u201clas autoridades de los pueblos ind\u00edgenas pueden ejercer funciones jurisdiccionales dentro de su \u00e1mbito territorial de conformidad con sus propias normas y procedimientos siempre que no sean contrarias a la constituci\u00f3n y a la ley\u201d<\/em><\/span><\/span><\/p>\n<p> \t<span style=\"font-size:18px;\"><span style=\"font-family: georgia,serif;\">Caso de los asesinatos de los comuneros Alfredo Hernan Rios Galvis&nbsp; y Willan Dario Poto Secue.<\/span><\/span><\/p>\n<p style=\"text-align: justify;\"> \tLuego de un proceso de investigaci\u00f3n iniciado en el mes de julio de 2011, se dio por concluida la investigaci\u00f3n y&nbsp; se&nbsp; cit\u00f3&nbsp; en el d\u00eda de hoy a la Asamblea para presentar el informe, realizar el juzgamiento y&nbsp; aplicar el remedio en b\u00fasqueda de la armonizaci\u00f3n de la comunidad.<br \/> \t&nbsp;<br \/> \tSeg\u00fan los resultados de la investigaci\u00f3n realizada las personas responsables son milicianos de las FARC.<br \/> \t&nbsp;<br \/> \tExigimos que este grupo aclare su relaci\u00f3n con este delito y porqu\u00e9 raz\u00f3n en los meses posteriores a la ocurrencia de los hechos se\u00f1alaron ante las comunidades, en varias ocasiones, a personas de la dirigencia ind\u00edgena como los probables autores argumentando intereses pol\u00edticos de confrontaci\u00f3n por la alcald\u00eda ya que en ese momento se desarrollaba contienda electoral.<\/p>\n<p> \t<span style=\"font-size:18px;\"><span style=\"font-family: georgia,serif;\">Caso de Rafael Mauricio Gir\u00f3n<\/span><\/span><\/p>\n<p style=\"text-align: justify;\"> \tEl 20 de enero de 2013 fue asesinado Rafael Mauricio Gir\u00f3n Ulchur exconcejal del municipio de Jambal\u00f3, cuando se dirig\u00eda hacia su vivienda. En el proceso se demostr\u00f3 que quienes perpetraron estos hechos de manera directa fueron Marco Tulio Ulcue, Gonzalo Medina y Fayber Quitumbo, siendo este \u00faltimo quien disparo; tambi\u00e9n particip\u00f3 Marden Campo. &nbsp;<\/p>\n<p> \t<span style=\"font-size:18px;\"><span style=\"font-family: georgia,serif;\">Llamado a la opini\u00f3n nacional e internacional.&nbsp; &nbsp;<\/span><\/span><\/p>\n<p style=\"text-align: justify;\"> \tUbicada en el contexto nacional del proceso de paz, la Asamblea adquiere unas connotaciones especiales que es necesario aclarar ante la opini\u00f3n p\u00fablica y los sectores interesados en&nbsp; la vida de los pueblos ind\u00edgenas y en el logro de una sociedad con verdad y justicia. &nbsp;<\/p>\n<p> \tConsideramos que uno de los temas urgentes a tratar con el gobierno nacional y las FARC E.P en el marco de los acuerdos de la Habana, es el respeto y las garant\u00edas plenas al ejercicio de la jurisdicci\u00f3n especial ind\u00edgena.&nbsp; Hemos planteado la necesidad&nbsp; de un espacio de di\u00e1logo para ello, pero hasta el momento no hemos encontrado la m\u00e1s m\u00ednima respuesta. Igualmente queremos hacer \u00e9nfasis en el derecho que tenemos los pueblos ind\u00edgenas a la verdad, justicia, reparaci\u00f3n y garant\u00eda de no repetici\u00f3n y, en este sentido,&nbsp; determinar s\u00ed estos hechos se pueden ubicar como violatorios del derecho internacional humanitario y responden a un plan sistem\u00e1tico contra las comunidades ind\u00edgenas que pueda constituir un delito de lesa humanidad.&nbsp; &nbsp;<\/p>\n<p> \tNuestra jurisdicci\u00f3n ha sido atacada desde diferentes frentes, algunos medios de comunicaci\u00f3n nacionales y regionales, partidos pol\u00edticos, grandes empresarios y el Estado. Incluidos los \u00f3rganos de la jurisdicci\u00f3n ordinaria, como en el caso del fallo del tribunal de Popay\u00e1n que pretende condenar el ejercicio de la jurisdicci\u00f3n especial ind\u00edgena. Estamos conscientes de nuestros derechos inalienables como pueblos y continuaremos ejerci\u00e9ndolos a sabiendas que lo \u00fanico que queremos que nos garantice es nuestra sobrevivencia f\u00edsica y cultural.<\/p>\n<p> \tHacemos un llamado a la comunidad nacional e internacional para que nos acompa\u00f1en y sean garantes para que nuestra lucha de resistencia y por la construcci\u00f3n de nuestros planes de vida y nuestro proyecto pol\u00edtico sea respetada por los dem\u00e1s actores de la sociedad colombiana y del mismo estado.<\/p>\n<p> \t<em><strong>AUTORIDADES INDIGENAS DE TACUEYO, TORIBIO, SANFRANCISCO Y JAMBALO<\/strong><\/em>.<br \/> \tResguardo de San Francisco, municipio de Toribio, departamento del Cauca. Enero 31 de 2016.&nbsp;<\/p>\n<p> \t&nbsp;<\/p>\n","protected":false},"excerpt":{"rendered":"<p>Las autoridades ind\u00edgenas de los cabildos de Tacueyo, Toribio, San Francisco y Jambal\u00f3, acompa\u00f1adas por la Acin, Cric y Onic, informan a la opini\u00f3n p\u00fablica sobre la asamblea comunitaria de juzgamiento realizada [&hellip;]<\/p>\n","protected":false},"author":4,"featured_media":0,"comment_status":"open","ping_status":"open","sticky":false,"template":"","format":"standard","meta":[],"categories":[73],"tags":[],"_links":{"self":[{"href":"https:\/\/tejidohistorico.afrodescendientes.com\/index.php\/wp-json\/wp\/v2\/posts\/8628"}],"collection":[{"href":"https:\/\/tejidohistorico.afrodescendientes.com\/index.php\/wp-json\/wp\/v2\/posts"}],"about":[{"href":"https:\/\/tejidohistorico.afrodescendientes.com\/index.php\/wp-json\/wp\/v2\/types\/post"}],"author":[{"embeddable":true,"href":"https:\/\/tejidohistorico.afrodescendientes.com\/index.php\/wp-json\/wp\/v2\/users\/4"}],"replies":[{"embeddable":true,"href":"https:\/\/tejidohistorico.afrodescendientes.com\/index.php\/wp-json\/wp\/v2\/comments?post=8628"}],"version-history":[{"count":0,"href":"https:\/\/tejidohistorico.afrodescendientes.com\/index.php\/wp-json\/wp\/v2\/posts\/8628\/revisions"}],"wp:attachment":[{"href":"https:\/\/tejidohistorico.afrodescendientes.com\/index.php\/wp-json\/wp\/v2\/media?parent=8628"}],"wp:term":[{"taxonomy":"category","embeddable":true,"href":"https:\/\/tejidohistorico.afrodescendientes.com\/index.php\/wp-json\/wp\/v2\/categories?post=8628"},{"taxonomy":"post_tag","embeddable":true,"href":"https:\/\/tejidohistorico.afrodescendientes.com\/index.php\/wp-json\/wp\/v2\/tags?post=8628"}],"curies":[{"name":"wp","href":"https:\/\/api.w.org\/{rel}","templated":true}]}}