{"id":8650,"date":"2016-02-15T13:20:52","date_gmt":"2016-02-15T13:20:52","guid":{"rendered":"http:\/\/www2.nasaacin.org\/index.php\/2016\/02\/15\/asociacion-de-cabildos-indigenas-del-norte-del-cauca-acin-cxhab-wala-kiwe-territorio-del-gran-pueblo-tejido-defensa-de-la-vida-y-los-derechos-humanos\/"},"modified":"2016-02-15T13:20:52","modified_gmt":"2016-02-15T13:20:52","slug":"asociacion-de-cabildos-indigenas-del-norte-del-cauca-acin-cxhab-wala-kiwe-territorio-del-gran-pueblo-tejido-defensa-de-la-vida-y-los-derechos-humanos","status":"publish","type":"post","link":"https:\/\/tejidohistorico.afrodescendientes.com\/index.php\/2016\/02\/15\/asociacion-de-cabildos-indigenas-del-norte-del-cauca-acin-cxhab-wala-kiwe-territorio-del-gran-pueblo-tejido-defensa-de-la-vida-y-los-derechos-humanos\/","title":{"rendered":"ASOCIACI\u00d3N DE CABILDOS INDIGENAS DEL NORTE DEL CAUCA-ACIN  CXHAB WALA KIWE (Territorio del gran pueblo) TEJIDO DEFENSA DE LA VIDA Y LOS DERECHOS HUMANOS"},"content":{"rendered":"<div> \tBOLET\u00cdN DE DERECHOS HUMANOS<\/div>\n<div> \tEl Tejido Defensa de la Vida y los Derechos Humanos informan a la comunidad nacional e internacional, que el derecho consuetudinario al ejercicio de Justicia y el derecho a la vida de los pueblos ind\u00edgenas en Colombia siguen siendo amenazados perseguidos y vulnerados.<\/div>\n<div> \t&nbsp;<\/div>\n<p>  <!--more-->  <\/p>\n<div> \tNorte del Departamento del Cauca Colombia.<\/div>\n<div> \tDesde finales de octubre de 2015 el l\u00edder ind\u00edgena Feliciano Valencia sigue siendo un prisionero a causa de la decisi\u00f3n de Juez de Popay\u00e1n Cauca, que con fundamento pol\u00edtico y no jur\u00eddico afirm\u00f3 que el ejercicio de justicia ind\u00edgena realizado en el a\u00f1o 2008 contra un militar ind\u00edgena que infiltro la asamblea con fines oscuros, fue un delito, y contra todo argumento jur\u00eddico nacional e internacional as\u00ed se impuso. Ver: <a href=\"http:\/\/www.las2orillas.co\/caso-feliciano-valencia-justicia-indigena-si-pero-cuando-conviene\/\">http:\/\/www.las2orillas.co\/caso-feliciano-valencia-justicia-indigena-si-pero-cuando-conviene\/<\/a><\/div>\n<div> \t&nbsp;<\/div>\n<div> \tEl 31 de enero de 2016 en la vereda la Vetulia resguardo de San Francisco Toribio, se reunieron aproximadamente 5000 comuneros ind\u00edgenas para ser actores directos en el acto de justicia o remedio ind\u00edgena, acto al cual se lleg\u00f3 despu\u00e9s de a\u00f1os de investigaci\u00f3n, uno de los procesos en la justicia ind\u00edgena que m\u00e1s ha durado por lo complejo del caso. La Asamblea dio aplicaci\u00f3n de justicia propia a cinco (5) comuneros ind\u00edgenas, integrantes de las FARC por el asesinato de vitales l\u00edderes de la regi\u00f3n entre 2011 y 2012 respectivamente, hechos comprobados en la investigaci\u00f3n y confesados por los responsables en la asamblea comunitaria.<\/div>\n<div> \t&nbsp;<\/div>\n<div> \tInformamos que:<\/div>\n<div> \tDurante el proceso de la investigaci\u00f3n, momentos previos a la asamblea de justicia y posterior a esta, las comunidades y sus l\u00edderes han sido objeto de una serie de se\u00f1alamientos, amenazas, persecuci\u00f3n e interceptaci\u00f3n en las v\u00edas, por actores armados encapuchados presuntamente de las FARC, tales hechos son de gran preocupaci\u00f3n por las comunidades, que ante la situaci\u00f3n y bajo resoluci\u00f3n de autonom\u00eda se declar\u00f3 en estado de emergencia territorial.<\/div>\n<div> \t&nbsp;<\/div>\n<div>\n<div> \t\tPara el tejido Defensa de la Vida y los DDHH preocupa la situaci\u00f3n que viveactualmente la comunidad de Toribio y J\u00e1mbalo, as\u00ed como el resto de lazona norte del Cauca, a esto se suma la solicitud que hace el gobiernocolombiano a trav\u00e9s de la direcci\u00f3n de derechos humanos y DIH de lacanciller\u00eda colombiana a la comisi\u00f3n interamericana de derechos humanos&nbsp;CIDH en oficio fechado de noviembre de 2015 donde solicita levantar&nbsp;medidas cautelares que protegen la organizaci\u00f3n ACIN y l\u00edderes del pueblo&nbsp;Nasa del norte del Cauca (revisar vigencia de mecanismo extraordinario de&nbsp;protecci\u00f3n), tales acciones constituyen un escenario de persecuci\u00f3n y&nbsp;vulneraci\u00f3n a la vida y los planes de vida de las comunidades.<\/div>\n<div> \t\t&nbsp;<\/div>\n<div> \t\tSe suman a&nbsp;esto una serie de variables de afectaci\u00f3n identificados y resaltadas en el&nbsp;informe de derechos humanos de ACIN 2015 que pasan por; incremento de&nbsp;actores armados diferentes a las FARC en sus territorios, incremento de la&nbsp;presencia de miner\u00eda ilegal, amenazas, incremento de homicidios selectivos,&nbsp;la amenaza de MAP, MUSE y REC en la zona y las posibles acciones de&nbsp;desminado humanitario aun inconsultas, y la persistente presencia del&nbsp;paramilitarismo (Bacrim) en la zona.<\/div>\n<div> \t\t&nbsp;<\/div>\n<div> \t\tAnte este panorama llamamos a toda la comunidad ind\u00edgena del norte del&nbsp;Cauca a activar los planes de contingencia humanitarios de sus cabildos,&nbsp;fortalecer el plan minga en resistencia y fortalecer las estrategias de<\/div>\n<div> \t\tprotecci\u00f3n y control.<\/div>\n<div> \t\t&nbsp;<\/div>\n<div> \t\tInstamos al gobierno nacional y los distintos actores armados a respetar las&nbsp;comunidades ind\u00edgenas, su derecho consuetudinario a la justicia, as\u00ed como&nbsp;la vida, las organizaciones y sus planes de vida, hacemos un llamado al&nbsp;estado colombiano para que garantice el derecho a la vida, y el territorio de<\/div>\n<div> \t\tlos pueblos ind\u00edgenas.<\/div>\n<div> \t\tPor ultimo hacemos un llamado a la comunidad internacional protectora de&nbsp;los DDHH a estar vigilantes, visibilizar, denunciar las acciones y omisiones&nbsp;en contra de las comunidades y sus cabildos.<\/div>\n<div> \t\t&nbsp;<\/div>\n<div>\n<div> \t\t\tAtt:<\/div>\n<div> \t\t\tTejido Defensa de la Vida y los Derechos de ACIN.<\/div>\n<div> \t\t\tSistema de Monitoreo de DDHH y DIH de ACIN.<\/div>\n<div> \t\t\tFebrero de 2016.<\/div>\n<\/p><\/div>\n<\/p><\/div>\n","protected":false},"excerpt":{"rendered":"<p>BOLET\u00cdN DE DERECHOS HUMANOS El Tejido Defensa de la Vida y los Derechos Humanos informan a la comunidad nacional e internacional, que el derecho consuetudinario al ejercicio de Justicia y el derecho [&hellip;]<\/p>\n","protected":false},"author":4,"featured_media":0,"comment_status":"open","ping_status":"open","sticky":false,"template":"","format":"standard","meta":[],"categories":[61],"tags":[],"_links":{"self":[{"href":"https:\/\/tejidohistorico.afrodescendientes.com\/index.php\/wp-json\/wp\/v2\/posts\/8650"}],"collection":[{"href":"https:\/\/tejidohistorico.afrodescendientes.com\/index.php\/wp-json\/wp\/v2\/posts"}],"about":[{"href":"https:\/\/tejidohistorico.afrodescendientes.com\/index.php\/wp-json\/wp\/v2\/types\/post"}],"author":[{"embeddable":true,"href":"https:\/\/tejidohistorico.afrodescendientes.com\/index.php\/wp-json\/wp\/v2\/users\/4"}],"replies":[{"embeddable":true,"href":"https:\/\/tejidohistorico.afrodescendientes.com\/index.php\/wp-json\/wp\/v2\/comments?post=8650"}],"version-history":[{"count":0,"href":"https:\/\/tejidohistorico.afrodescendientes.com\/index.php\/wp-json\/wp\/v2\/posts\/8650\/revisions"}],"wp:attachment":[{"href":"https:\/\/tejidohistorico.afrodescendientes.com\/index.php\/wp-json\/wp\/v2\/media?parent=8650"}],"wp:term":[{"taxonomy":"category","embeddable":true,"href":"https:\/\/tejidohistorico.afrodescendientes.com\/index.php\/wp-json\/wp\/v2\/categories?post=8650"},{"taxonomy":"post_tag","embeddable":true,"href":"https:\/\/tejidohistorico.afrodescendientes.com\/index.php\/wp-json\/wp\/v2\/tags?post=8650"}],"curies":[{"name":"wp","href":"https:\/\/api.w.org\/{rel}","templated":true}]}}