{"id":867,"date":"2010-10-15T16:59:04","date_gmt":"2010-10-15T16:59:04","guid":{"rendered":"http:\/\/www2.nasaacin.org\/index.php\/2010\/10\/15\/participacion-de-rodolfo-en-la-escuela-de-comunicacion\/"},"modified":"2010-10-15T16:59:04","modified_gmt":"2010-10-15T16:59:04","slug":"participacion-de-rodolfo-en-la-escuela-de-comunicacion","status":"publish","type":"post","link":"https:\/\/tejidohistorico.afrodescendientes.com\/index.php\/2010\/10\/15\/participacion-de-rodolfo-en-la-escuela-de-comunicacion\/","title":{"rendered":"Participaci\u00f3n de Rodolfo en la Escuela de Comunicaci\u00f3n"},"content":{"rendered":"<p>Rodolfo hace lectura de un comunicado denunciando el asesinato de Betty Cari\u00f1o en M\u00e9xico el 27 de abril del 2010, Rodolfo fue asesinado el d\u00eda 14 de octubre de 2010. Con este mensaje, Rodolfo, nos invita a seguir con una voz de fuerza y de esperanza para continuar con la lucha por nuestro proceso.<\/p>\n<p>{mp3remote}http:\/\/www.nasaacin.org\/images\/audios\/Rodolfo-maya-esucela-c.mp3{\/mp3remote}<\/p>\n","protected":false},"excerpt":{"rendered":"<p>Rodolfo hace lectura de un comunicado denunciando el asesinato de Betty Cari\u00f1o en M\u00e9xico el 27 de abril del 2010, Rodolfo fue asesinado el d\u00eda 14 de octubre de 2010. Con este [&hellip;]<\/p>\n","protected":false},"author":1,"featured_media":0,"comment_status":"open","ping_status":"open","sticky":false,"template":"","format":"standard","meta":[],"categories":[47],"tags":[],"_links":{"self":[{"href":"https:\/\/tejidohistorico.afrodescendientes.com\/index.php\/wp-json\/wp\/v2\/posts\/867"}],"collection":[{"href":"https:\/\/tejidohistorico.afrodescendientes.com\/index.php\/wp-json\/wp\/v2\/posts"}],"about":[{"href":"https:\/\/tejidohistorico.afrodescendientes.com\/index.php\/wp-json\/wp\/v2\/types\/post"}],"author":[{"embeddable":true,"href":"https:\/\/tejidohistorico.afrodescendientes.com\/index.php\/wp-json\/wp\/v2\/users\/1"}],"replies":[{"embeddable":true,"href":"https:\/\/tejidohistorico.afrodescendientes.com\/index.php\/wp-json\/wp\/v2\/comments?post=867"}],"version-history":[{"count":0,"href":"https:\/\/tejidohistorico.afrodescendientes.com\/index.php\/wp-json\/wp\/v2\/posts\/867\/revisions"}],"wp:attachment":[{"href":"https:\/\/tejidohistorico.afrodescendientes.com\/index.php\/wp-json\/wp\/v2\/media?parent=867"}],"wp:term":[{"taxonomy":"category","embeddable":true,"href":"https:\/\/tejidohistorico.afrodescendientes.com\/index.php\/wp-json\/wp\/v2\/categories?post=867"},{"taxonomy":"post_tag","embeddable":true,"href":"https:\/\/tejidohistorico.afrodescendientes.com\/index.php\/wp-json\/wp\/v2\/tags?post=867"}],"curies":[{"name":"wp","href":"https:\/\/api.w.org\/{rel}","templated":true}]}}