{"id":8674,"date":"2016-03-05T00:50:50","date_gmt":"2016-03-05T00:50:50","guid":{"rendered":"http:\/\/www2.nasaacin.org\/index.php\/2016\/03\/05\/berta-caceres-la-defensa-de-la-madre-tierra-nos-cuesta-la-vida\/"},"modified":"2016-03-05T00:50:50","modified_gmt":"2016-03-05T00:50:50","slug":"berta-caceres-la-defensa-de-la-madre-tierra-nos-cuesta-la-vida","status":"publish","type":"post","link":"https:\/\/tejidohistorico.afrodescendientes.com\/index.php\/2016\/03\/05\/berta-caceres-la-defensa-de-la-madre-tierra-nos-cuesta-la-vida\/","title":{"rendered":"Berta C\u00e1ceres \u00a1 la defensa de la Madre Tierra, nos cuesta la vida!"},"content":{"rendered":"<p style=\"text-align: justify;\"> \t<span style=\"font-size:18px;\"><span style=\"font-family: georgia,serif;\">La Asociaci\u00f3n de Cabildeo Ind\u00edgenas del Norte de Cauca emite Comunicado a la opini\u00f3n p\u00fablica nacional e internacional con respecto al asesinato de BERTA C\u00c1CERES, ind\u00edgena lenca de Honduras.<\/span><\/span><br \/> \t&nbsp; <br \/> \tUna vez m\u00e1s se derrama sangre en nuestro territorio latinoamericano. Esta vez la solidaridad nuestra se extiende al pueblo ind\u00edgena Lenca y a las organizaciones sociales e ind\u00edgenas de Honduras organizadas en el Consejo C\u00edvico de Organizaciones Populares e Ind\u00edgenas de Honduras, COPINH.<\/p>\n<p>  <!--more-->  <\/p>\n<p style=\"text-align: justify;\"> \tLa lucha emprendida por BERTA C\u00c1CERES, ind\u00edgena lenca, no es distinta a la lucha emprendida por quienes decidimos defender la vida y el territorio. Las amenazas, las persecuciones y los asesinatos, son la constante de los grupos que ponen los intereses econ\u00f3micos por encima del ambiente y la madre tierra, al costo que sea. La muerte de la compa\u00f1era C\u00e1ceres, no es un hecho aislado, hace parte de los ataques sistem\u00e1ticos y constantes a personas y pueblos que construyen condiciones de vida digna para la humanidad. C\u00e1ceres era beneficiaria de medidas de protecci\u00f3n otorgada por la Comisi\u00f3n Interamericana de derechos Humanos-CIDH, situaci\u00f3n que nos parece preocupante pues el Estado Hondure\u00f1o, ese mismo que deb\u00eda garantizarle la vida, es quien otorga concesiones para megaproyectos en gran parte del pa\u00eds, despojando pueblos y culturas de sus territorios para beneficio del capital trasnacional y el extractivo.<br \/> \t&nbsp;<br \/> \tLa lucha de Berta C\u00e1ceres, y de tantos compa\u00f1eros y compa\u00f1eras asesinadas, son la inspiraci\u00f3n que cada d\u00eda nos acompa\u00f1a para seguir liberando la madre tierra. Berta no ha muerto, es una llama que se enciende en el movimiento social, popular y ambiental del continente.<br \/> \t&nbsp;<br \/> \t<strong>&nbsp;CONSEJER\u00cdA DE LA ASOCIACI\u00d3N DE CABILDOS IND\u00cdGENAS DEL NORTE DEL CAUCA &#8211; COLOMBIA.<\/strong><br \/> \t&nbsp;<\/p>\n<p> \tConsejer\u00eda ACIN Cxhab Wala Kiwea.<br \/> \tCxhab Wala Kiwe-ACIN<br \/> \tSantander de Quilichao, Cauca-Colombia. &nbsp;<br \/> \t04-03-2016<\/p>\n","protected":false},"excerpt":{"rendered":"<p>La Asociaci\u00f3n de Cabildeo Ind\u00edgenas del Norte de Cauca emite Comunicado a la opini\u00f3n p\u00fablica nacional e internacional con respecto al asesinato de BERTA C\u00c1CERES, ind\u00edgena lenca de Honduras. &nbsp; Una vez [&hellip;]<\/p>\n","protected":false},"author":4,"featured_media":0,"comment_status":"open","ping_status":"open","sticky":false,"template":"","format":"standard","meta":[],"categories":[73],"tags":[],"_links":{"self":[{"href":"https:\/\/tejidohistorico.afrodescendientes.com\/index.php\/wp-json\/wp\/v2\/posts\/8674"}],"collection":[{"href":"https:\/\/tejidohistorico.afrodescendientes.com\/index.php\/wp-json\/wp\/v2\/posts"}],"about":[{"href":"https:\/\/tejidohistorico.afrodescendientes.com\/index.php\/wp-json\/wp\/v2\/types\/post"}],"author":[{"embeddable":true,"href":"https:\/\/tejidohistorico.afrodescendientes.com\/index.php\/wp-json\/wp\/v2\/users\/4"}],"replies":[{"embeddable":true,"href":"https:\/\/tejidohistorico.afrodescendientes.com\/index.php\/wp-json\/wp\/v2\/comments?post=8674"}],"version-history":[{"count":0,"href":"https:\/\/tejidohistorico.afrodescendientes.com\/index.php\/wp-json\/wp\/v2\/posts\/8674\/revisions"}],"wp:attachment":[{"href":"https:\/\/tejidohistorico.afrodescendientes.com\/index.php\/wp-json\/wp\/v2\/media?parent=8674"}],"wp:term":[{"taxonomy":"category","embeddable":true,"href":"https:\/\/tejidohistorico.afrodescendientes.com\/index.php\/wp-json\/wp\/v2\/categories?post=8674"},{"taxonomy":"post_tag","embeddable":true,"href":"https:\/\/tejidohistorico.afrodescendientes.com\/index.php\/wp-json\/wp\/v2\/tags?post=8674"}],"curies":[{"name":"wp","href":"https:\/\/api.w.org\/{rel}","templated":true}]}}