{"id":8678,"date":"2016-03-07T23:28:29","date_gmt":"2016-03-07T23:28:29","guid":{"rendered":"http:\/\/www2.nasaacin.org\/index.php\/2016\/03\/07\/confluencia-nacional-por-el-agua-las-aguas-son-un-elemento-de-vida-nunca-una-mercancia\/"},"modified":"2016-03-07T23:28:29","modified_gmt":"2016-03-07T23:28:29","slug":"confluencia-nacional-por-el-agua-las-aguas-son-un-elemento-de-vida-nunca-una-mercancia","status":"publish","type":"post","link":"https:\/\/tejidohistorico.afrodescendientes.com\/index.php\/2016\/03\/07\/confluencia-nacional-por-el-agua-las-aguas-son-un-elemento-de-vida-nunca-una-mercancia\/","title":{"rendered":"Confluencia Nacional por el Agua: Las aguas son un elemento de vida, nunca una mercanc\u00eda"},"content":{"rendered":"<p style=\"text-align: justify;\"> \tDurante los \u00faltimos a\u00f1os Colombia ha vivido una creciente conflictividad por el agua producto de diversas formas de privatizaci\u00f3n, acaparamiento y despojo. Bajo el manto de una pol\u00edtica que intenta ubicar al pa\u00eds como potencia minero &#8211; energ\u00e9tica y agroindustrial, se generaliza la contaminaci\u00f3n y apropiaci\u00f3n de las aguas. A su vez, con nuevas estrategias de la econom\u00eda verde intentan mercantilizar la naturaleza interpretando el agua como un servicio en un creciente mercado trasnacional.<\/p>\n<p>  <!--more-->  <\/p>\n<p style=\"text-align: justify;\"> \tDesde los a\u00f1os 90 del siglo XX, los gobiernos colombianos han incentivando un manejo corporativo de las aguas en el que agentes privados, nacionales y trasnacionales, toman su control, mientras las poblaciones no reciben ning\u00fan beneficio y s\u00ed la vulneraci\u00f3n de sus derechos territoriales, ambientales y humanos. Estas din\u00e1micas de control territorial producen acaparamientos que concentran el agua en manos de corporaciones o intereses privados, con actividades extractivas que generan un fen\u00f3meno de escasez h\u00eddrica, como la actual, por la destrucci\u00f3n acelerada de los territorios que regulan el ciclo hidrol\u00f3gico integral.<\/p>\n<p> \tEn la actualidad, el agua impulsa una fuerte disputa por la democracia en Colombia, por su resignificaci\u00f3n y ejercicio. El patrimonio h\u00eddrico es un bien com\u00fan que convoca a la sociedad para la reivindicaci\u00f3n de los derechos comunitarios y ha puesto en debate nacional qui\u00e9n debe decidir el ordenamiento territorial, para qu\u00e9 intereses, y en perspectiva de qu\u00e9 tipo de sociedad.<\/p>\n<p> \tEn la disputa por el sentido de la democracia y la construcci\u00f3n de paz, y con el agua como eje integrador de luchas por la defensa del territorio, y ante todo por la defensa de la vida desde la alegr\u00eda de los pueblos y sus formas tradicionales de relaci\u00f3n los bienes comunes, la Confluencia por el Agua que aqu\u00ed se presenta, intenta superar las coyunturas de las articulaciones, y tiene como objetivo generar acciones concretas y articuladas para la defensa del agua, y construir alternativas de manejo, cuidado y defensa de los territorios del agua en el \u00e1mbito nacional.<\/p>\n<p> \tAnte la propuesta institucional de destrucci\u00f3n y despojo de las aguas en los territorios, la Confluencia Nacional por el Agua se esfuerza por construir caminos de articulaci\u00f3n para la acci\u00f3n. Es un espacio para la recuperaci\u00f3n de saberes tradicionales y ancestrales del agua, para la creaci\u00f3n de nuevas narrativas, nuevos lenguajes, y renovadas sensibilidades que promuevan el viaje, la fiesta, el encuentro y la minga. En definitiva, es un esfuerzo conjunto por revitalizar las cosmovisiones, las historias, las sensibilidades y permitir que el<strong><em> <\/em><\/strong><strong>agua te toque <\/strong>en acciones puntuales y articuladas desde diversos sujetos sociales que en su cotidianidad y como apuesta estrat\u00e9gica han defendido y defienden las aguas como condici\u00f3n necesaria para dignificar la vida.<\/p>\n<p> \t<strong>La Confluencia Nacional por el Agua busca:<\/strong><\/p>\n<p> \t\uf02d Construir acciones articuladas por la defensa y manejo p\u00fablico &#8211; comunitario del agua en Colombia, con la participaci\u00f3n de organizaciones sociales, comunitarias, movimientos,&nbsp; procesos rurales y urbanos que desde su trabajo cotidiano defienden los territorios del agua y posibilitan la construcci\u00f3n de paz en el pa\u00eds. Es la acci\u00f3n concreta nuestro horizonte de trabajo, y los territorios del agua nuestro lugar de encuentro para construir un pa\u00eds en paz.<\/p>\n<p> \t<strong>La Confluencia Nacional por el Agua reivindica los siguientes principios<\/strong><\/p>\n<p> \ti) Las aguas son un bien com\u00fan, por tanto nos oponemos a cualquier forma de privatizaci\u00f3n, mercantilizaci\u00f3n y financiarizaci\u00f3n de los territorios que la garantizan. Las aguas son un elemento de vida, nunca una mercanc\u00eda.<\/p>\n<p> \tii) El manejo de las aguas debe estar en manos de las comunidades que trabajan por garantizar la salud de los territorios del agua, como condici\u00f3n b\u00e1sica para garantizar la salud humana y la salud p\u00fablica que solamente son posibles desde un manejo adecuado del patrimonio h\u00eddrico, y debe existir responsabilidad y transparencia del Estado para garantizar el derecho al agua de la poblaci\u00f3n colombiana desde la concepci\u00f3n del manejo p\u00fablico y comunitario.<\/p>\n<p> \tiii) La movilizaci\u00f3n por el derecho fundamental al agua y por la construcci\u00f3n de paz en Colombia es leg\u00edtima y convoca la articulaci\u00f3n de los pueblos, de los sujetos populares que con su trabajo garantizan agua para la poblaci\u00f3n rural y urbana y enfrentan el modelo de desarrollo y despojo que impone el neoliberalismo del Estado corporativo colombiano.<\/p>\n<p> \tiv) La articulaci\u00f3n de nuestros esfuerzos es un ejercicio constante, y permitir\u00e1 el encuentro de nuestros procesos para la defensa de las aguas y los territorios que las posibilitan en calidad y cantidad suficientes.<\/p>\n<p> \t<strong>\u00bfEn d\u00f3nde acciona la Confluencia?<\/strong><\/p>\n<p> \tEn todos los lugares del territorio nacional en los que tiene presencia los procesos, organizaciones y movimientos comprometidos con la defensa el territorio, las aguas y la vida.<\/p>\n<p> \t<strong>\u00bfQui\u00e9nes participan de la Confluencia?<\/strong><\/p>\n<p> \tMovimiento por la Defensa del Territorio y Afectados por Represas R\u00edos Vivos \u2013 Cintur\u00f3n Occidental Ambiental \u2013 Comit\u00e9 en Defensa del Agua (Caqu\u00e9ta) \u2013 CENSAT Agua Viva &#8211; Red Tejiendo P\u00e1ramos \u2013Proyecto Gramalote \u2013 Fundaci\u00f3n de Expresi\u00f3n Intercultural, Educativa y Ambiental, FundaExpresi\u00f3n &#8211; Colectivo de Reservas Campesinas Comunitarias de Santander, Escuela Agroecol\u00f3gica de Promotores Campesinos y Campesinas de Santander &#8211; Colectivo de Abogados Jos\u00e9 Alvear Restrepo, Grupo Semillas, CAJAR \u2013 FECOSER \u2013 Suyusama.<\/p>\n<p> \t<strong>Propuestas de acci\u00f3n<\/strong><\/p>\n<p style=\"text-align: justify;\"> \t&nbsp;<\/p>\n<p style=\"text-align: justify;\"> \ta) Este 14 de marzo, en el marco de las jornadas mundiales de acci\u00f3n contra las represas, y la jornada nacional en defensa del territorio, invitamos a todas las organizaciones, procesos y movimientos nacionales a tomar acci\u00f3n y confluir por la defensa del agua y en oposici\u00f3n a los proyectos que afectan el patrimonio h\u00eddrico en cada uno de los sus territorios.<\/p>\n<p> \tCreemos que podr\u00edamos enmarcar a jornada as\u00ed: Este 14 de marzo <strong>Mu\u00e9vete por el agua, el agua te toca.<\/strong><\/p>\n<p> \tAdicionalmente, esta jornada coincide con la celebraci\u00f3n de la Semana Santa, por lo que quisi\u00e9ramos aprovechar para enviar una fotograf\u00eda con un mensaje que &#8220;rece\u201d:<\/p>\n<p> \t<em><span style=\"font-size:16px;\"><span style=\"font-family: georgia,serif;\"><strong>Bendita agua <\/strong>que nos garantizas la producci\u00f3n de alimento<strong>s<br \/> \tBendita agua<\/strong> que calmas la sed de la naturaleza<br \/> \t<strong>Bendita agua que<\/strong> (todo aquello que queramos expresar en agradecimiento a las aguas)<\/span><\/span><\/em><\/p>\n<p> \tb)&nbsp; El 22 de marzo se celebra el d\u00eda internacional del agua, fecha en la que podr\u00edamos realizar alg\u00fan evento o jornada para presentar un manifiesto o documento p\u00fablico de la confluencia, invitando a mas procesos y organizaciones a tomar parte de ella<\/p>\n<p style=\"text-align: justify;\"> \t&nbsp;<\/p>\n<p style=\"text-align: justify;\"> \tFuente:<strong> <u>Confluencia Nacional por el Agua<\/u><\/strong><\/p>\n<p style=\"text-align: justify;\"> \t&nbsp;CENSAT Agua Viva \u2013 Amigos de la Tierra Colombia) Febrero 2016<\/p>\n<p> \t&nbsp;<\/p>\n","protected":false},"excerpt":{"rendered":"<p>Durante los \u00faltimos a\u00f1os Colombia ha vivido una creciente conflictividad por el agua producto de diversas formas de privatizaci\u00f3n, acaparamiento y despojo. Bajo el manto de una pol\u00edtica que intenta ubicar al [&hellip;]<\/p>\n","protected":false},"author":4,"featured_media":0,"comment_status":"open","ping_status":"open","sticky":false,"template":"","format":"standard","meta":[],"categories":[75],"tags":[],"_links":{"self":[{"href":"https:\/\/tejidohistorico.afrodescendientes.com\/index.php\/wp-json\/wp\/v2\/posts\/8678"}],"collection":[{"href":"https:\/\/tejidohistorico.afrodescendientes.com\/index.php\/wp-json\/wp\/v2\/posts"}],"about":[{"href":"https:\/\/tejidohistorico.afrodescendientes.com\/index.php\/wp-json\/wp\/v2\/types\/post"}],"author":[{"embeddable":true,"href":"https:\/\/tejidohistorico.afrodescendientes.com\/index.php\/wp-json\/wp\/v2\/users\/4"}],"replies":[{"embeddable":true,"href":"https:\/\/tejidohistorico.afrodescendientes.com\/index.php\/wp-json\/wp\/v2\/comments?post=8678"}],"version-history":[{"count":0,"href":"https:\/\/tejidohistorico.afrodescendientes.com\/index.php\/wp-json\/wp\/v2\/posts\/8678\/revisions"}],"wp:attachment":[{"href":"https:\/\/tejidohistorico.afrodescendientes.com\/index.php\/wp-json\/wp\/v2\/media?parent=8678"}],"wp:term":[{"taxonomy":"category","embeddable":true,"href":"https:\/\/tejidohistorico.afrodescendientes.com\/index.php\/wp-json\/wp\/v2\/categories?post=8678"},{"taxonomy":"post_tag","embeddable":true,"href":"https:\/\/tejidohistorico.afrodescendientes.com\/index.php\/wp-json\/wp\/v2\/tags?post=8678"}],"curies":[{"name":"wp","href":"https:\/\/api.w.org\/{rel}","templated":true}]}}