{"id":8692,"date":"2016-03-15T19:15:02","date_gmt":"2016-03-15T19:15:02","guid":{"rendered":"http:\/\/www2.nasaacin.org\/index.php\/2016\/03\/15\/400-campesinos-desplazados-por-hidroituango-se-refugian-en-la-u-de-a\/"},"modified":"2016-03-15T19:15:02","modified_gmt":"2016-03-15T19:15:02","slug":"400-campesinos-desplazados-por-hidroituango-se-refugian-en-la-u-de-a","status":"publish","type":"post","link":"https:\/\/tejidohistorico.afrodescendientes.com\/index.php\/2016\/03\/15\/400-campesinos-desplazados-por-hidroituango-se-refugian-en-la-u-de-a\/","title":{"rendered":"400 Campesinos Desplazados Por Hidroituango Se Refugian En La U De A"},"content":{"rendered":"<\/p>\n<div> \tACCI\u00d3N URGENTE. 01<\/div>\n<div> \tEl Representante a la C\u00e1mara V\u00edctor Correa V\u00e9lez proyecta ACCI\u00d3N URGENTE frente a la situaci\u00f3n que se presenta en este momento en la Universidad de Antioquia donde se encuentran 400 Campesinos rodeados por parte del Escuadr\u00f3n M\u00f3vil Anti Disturbios ESMAD.<\/div>\n<p>  <!--more-->  <\/p>\n<div> \tHechos:<\/div>\n<div> \t1. Habitantes de los municipios afectados por los mega proyectos Hidro-Ituango o Pescadero \u2013Ituango se movilizan y pernoctaran en las instalaciones e la Universidad de Antioquia.<\/div>\n<div> \t2. Denuncian Incumplimientos por parte de la Gobernaci\u00f3n de Antioquia en las negociaciones que se han adelantado por parte de la Cumbre Agraria.<\/div>\n<div> \t3. Se han presentado se\u00f1alamientos a los miembros del movimiento r\u00edos vivos de pertenecer al Ejercito de Liberaci\u00f3n Nacional E.L.N por parte de la secretaria de gobierno de Antioquia, Victoria Eugenia Ram\u00edrez<\/div>\n<div> \t&nbsp;<\/div>\n<div> \t4. Por parte de la secretaria de Gobierno se est\u00e1n realizando presiones indebidas sobre la intervenci\u00f3n de la polic\u00eda de infancia y adolescencia y el Instituto Colombiano De Bienestar Familiar amenazando con llevarse los ni\u00f1os bajo la argumentaci\u00f3n de que estas condiciones no son aptas, desconociendo la realidad de las precarias condiciones en las que estos menores viven, sobre las cuales la gobernaci\u00f3n no ha dispuesto su oferta institucional y por el contrario a incumplido todos los acuerdos que buscan la mejora integral de la calidad de vida de los habitantes de estos territorios.<\/div>\n<div> \t&nbsp;<\/div>\n<div> \t5. Entre las personas que se encuentran en las instalaciones de la universidad de Antioquia se encuentran madre gestantes y lactantes, menores, personas en situaci\u00f3n de discapacidad y adultos mayores.<\/div>\n<div> \t&nbsp;<\/div>\n<div> \tPeticiones:<\/div>\n<div> \t1. Se garantice el derecho a la protesta social.<\/div>\n<div> \t2. Se abstenga la fuerza publica de realizar cualquier acci\u00f3n violatoria a los derechos humanos.<\/div>\n<div> \t3. Se le de cumplimiento a los acuerdos pactados en la negociaciones con la Cumbre Agraria.<\/div>\n<div> \t4. Se haga una retractaci\u00f3n p\u00fablica por parte de la secretaria de gobierno sobre los se\u00f1alamientos de pertenece al ELN que hizo al movimiento social.<\/div>\n<div> \t&nbsp;<\/div>\n<div> \tRecordamos que la responsabilidad primaria de protecci\u00f3n de los derechos humanos recae de acuerdo con los principios constitucionales y el articulado de los tratados y Convenios Internacionales sobre el Estado colombiano, al ser \u00e9ste el sujeto responsable de velar por el cumplimiento de lo consagrado en la Carta Pol\u00edtica y por ser el que adquiere los compromisos en materia de derechos humanos y de derecho internacional humanitario ante la comunidad internacional. Por tal raz\u00f3n, su mayor deber jur\u00eddico es el de prevenir las violaciones frente a estos derechos y tomar las medidas necesarias para investigar, identificar, juzgar y sancionar a los responsables por su acci\u00f3n u omisi\u00f3n, o tomar las medidas correctivas de car\u00e1cter administrativo o pol\u00edtico.<\/div>\n<div> \t&nbsp;<\/div>\n<div> \tV\u00edctor Javier Correa V\u00e9lez<\/div>\n<div> \tRepresentante a la C\u00e1mara<\/div>\n<div> \t&nbsp;<\/div>\n<div> \tCon copia a: autoridades Presidencia de la Rep\u00fablica, Vicepresidente de la Rep\u00fablica, Ministerio de Defensa, Ministerio del Interior, Procuradur\u00eda General de la Naci\u00f3n, Fiscal\u00eda General de la Naci\u00f3n, Programa Presidencial de Derechos Humanos y de Derecho Internacional Humanitario, Unidad de Derechos Humanos y de Derecho Internacional Humanitario de la Fiscal\u00eda General de la Naci\u00f3.<\/div>\n<div> \t&nbsp;<\/div>\n<div> \tFuente: www.victorcorrea.com.co\/400-campesinos-desplazados-por-hidroituango-se-refugian-en-la-u-de-a\/<\/div>\n","protected":false},"excerpt":{"rendered":"<p>ACCI\u00d3N URGENTE. 01 El Representante a la C\u00e1mara V\u00edctor Correa V\u00e9lez proyecta ACCI\u00d3N URGENTE frente a la situaci\u00f3n que se presenta en este momento en la Universidad de Antioquia donde se encuentran [&hellip;]<\/p>\n","protected":false},"author":4,"featured_media":0,"comment_status":"open","ping_status":"open","sticky":false,"template":"","format":"standard","meta":[],"categories":[100],"tags":[],"_links":{"self":[{"href":"https:\/\/tejidohistorico.afrodescendientes.com\/index.php\/wp-json\/wp\/v2\/posts\/8692"}],"collection":[{"href":"https:\/\/tejidohistorico.afrodescendientes.com\/index.php\/wp-json\/wp\/v2\/posts"}],"about":[{"href":"https:\/\/tejidohistorico.afrodescendientes.com\/index.php\/wp-json\/wp\/v2\/types\/post"}],"author":[{"embeddable":true,"href":"https:\/\/tejidohistorico.afrodescendientes.com\/index.php\/wp-json\/wp\/v2\/users\/4"}],"replies":[{"embeddable":true,"href":"https:\/\/tejidohistorico.afrodescendientes.com\/index.php\/wp-json\/wp\/v2\/comments?post=8692"}],"version-history":[{"count":0,"href":"https:\/\/tejidohistorico.afrodescendientes.com\/index.php\/wp-json\/wp\/v2\/posts\/8692\/revisions"}],"wp:attachment":[{"href":"https:\/\/tejidohistorico.afrodescendientes.com\/index.php\/wp-json\/wp\/v2\/media?parent=8692"}],"wp:term":[{"taxonomy":"category","embeddable":true,"href":"https:\/\/tejidohistorico.afrodescendientes.com\/index.php\/wp-json\/wp\/v2\/categories?post=8692"},{"taxonomy":"post_tag","embeddable":true,"href":"https:\/\/tejidohistorico.afrodescendientes.com\/index.php\/wp-json\/wp\/v2\/tags?post=8692"}],"curies":[{"name":"wp","href":"https:\/\/api.w.org\/{rel}","templated":true}]}}