{"id":8702,"date":"2016-03-17T20:58:13","date_gmt":"2016-03-17T20:58:13","guid":{"rendered":"http:\/\/www2.nasaacin.org\/index.php\/2016\/03\/17\/el-crimen-que-conmociono-a-los-indigenas-del-cauca\/"},"modified":"2016-03-17T20:58:13","modified_gmt":"2016-03-17T20:58:13","slug":"el-crimen-que-conmociono-a-los-indigenas-del-cauca","status":"publish","type":"post","link":"https:\/\/tejidohistorico.afrodescendientes.com\/index.php\/2016\/03\/17\/el-crimen-que-conmociono-a-los-indigenas-del-cauca\/","title":{"rendered":"El crimen que conmocion\u00f3 a los ind\u00edgenas del Cauca"},"content":{"rendered":"<div style=\"text-align: justify;\"> \t<\/div>\n<div>\n<div style=\"text-align: justify;\"> \t\t<span style=\"font-size:18px;\"><span style=\"font-family: georgia,serif;\">El asesinato de un gobernador ind\u00edgena en Popay\u00e1n declar\u00f3 el estado de alerta entre los pueblos originarios.<\/span><\/span><\/div>\n<div style=\"text-align: justify;\"> \t\t&nbsp;<\/div>\n<div style=\"text-align: justify;\"> \t\tEn hombros, cuatro comuneros cargaron el f\u00e9retro que conten\u00eda los restos de Williar Alexander Oim\u00e9 Alarc\u00f3n, gobernador del Cabildo ind\u00edgena Yanacona de Rioblanco, municipio de Sotar\u00e1 quien fuera asesinado con cuatro impactos de arma de fuego cuando se desplazaba por el centro de la ciudad de Popay\u00e1n. \t\t <!--more-->  \t<\/div>\n<div style=\"text-align: justify;\"> \t\t&nbsp;<\/div>\n<div style=\"text-align: justify;\"> \t\tEl desfile se inici\u00f3 en la sede del Consejo Regional Ind\u00edgena del Cauca y en forma irreverente los nativos hicieron el recorrido por el sector hist\u00f3rico sin tener en cuenta para nada la prohibici\u00f3n de llevar un ata\u00fad en la mano y a pie por las calles, con un veh\u00edculo que tambi\u00e9n se desplazaba en contrav\u00eda. Ocuparon el parque de Caldas, privilegio que solo tienen los patojos raizales y los gremios de la producci\u00f3n porque tambi\u00e9n se proh\u00edbe concentraciones p\u00fablicas en ese lugar.<\/div>\n<div style=\"text-align: justify;\"> \t\t&nbsp;<\/div>\n<div style=\"text-align: justify;\"> \t\tLos ojos de centenares de ind\u00edgenas llegados de diferentes partes de departamento no derramaban l\u00e1grimas de tristeza, eran de rabia porque ve\u00edan como uno de sus l\u00edderes hab\u00eda sido asesinado a plena luz del d\u00eda, en un lugar de alta presencia de los organismos de seguridad y en medio de muchas personas &nbsp;por ser parte del \u00e1rea comercial de la ciudad blanca.<\/div>\n<div style=\"text-align: justify;\"> \t\t&nbsp;<\/div>\n<div style=\"text-align: justify;\"> \t\tAll\u00ed, frente a las oficinas de la Alcald\u00eda de Popay\u00e1n los pronunciamientos fueron en\u00e9rgicos por parte de las autoridades tradicionales donde le reclamaron al Alcalde &nbsp;que se debe brindar seguridad a todos. Aida Quilcu\u00e9, una ind\u00edgena nasa ataviada con un collar de chaquiras en representaci\u00f3n del CRIC fue m\u00e1s all\u00e1 de las denuncias y record\u00f3 al gobierno nacional que aqu\u00ed en el Cauca se vienen amenazando a sus dirigentes como el gobernador Oim\u00e9 Alarc\u00f3n y que para ellos no hay ninguna medida de protecci\u00f3n. A \u00e9l lo mataron porque ven\u00eda liderando la defensa de su territorio ante las amenazas de la miner\u00eda y los megaproyectos que ACABAN con los recursos naturales del Macizo Colombiano donde residen las comunidades yanaconas.<\/div>\n<div style=\"text-align: justify;\"> \t\t&nbsp;<\/div>\n<div style=\"text-align: justify;\"> \t\tEl gobernador ind\u00edgena hab\u00eda salido de un establecimiento bancario a las cuatro de la tarde del dos de Marzo del 2016 con m\u00e1s de 20 millones de pesos para obras en su comunidad y cuando transitaba a tan solo dos cuadras de la sede de gobierno municipal y departamental un hombre que viajaba como parrillero de una motocicleta desenfund\u00f3 su arma y le hizo un disparo por la espalda. El comunero herido trat\u00f3 de esquivar al agresor y en seguida tres impactos m\u00e1s lo hirieron de muerte. Aunque fue trasladado a un centro asistencial de segundo nivel y luego al Hospital Universitario San Jos\u00e9, la gravedad de las heridas ocasionaron su muerte hacia las siete de la noche.<\/div>\n<div style=\"text-align: justify;\"> \t\t&nbsp;<\/div>\n<div style=\"text-align: justify;\"> \t\tPero quien era el muerto que ocasion\u00f3 tanta revuelta en el sector hist\u00f3rico? Era la pregunta que se formulaban los transe\u00fantes cuando escuchaban las voces de repudio a ese cr\u00edmen. &nbsp;Alexander como se le conoc\u00eda en la comunidad, hab\u00eda nacido hac\u00eda 31 a\u00f1os en la vereda la Floresta del Resguardo de Rioblanco en las estribaciones del Volcan Sotar\u00e1, en pleno coraz\u00f3n del macizo colombiano. No alcanz\u00f3 a terminar su bachillerato pero era un experto en el manejo de medios audiovisuales, era cantante, voz comercial de la emisora comunitaria yanacona y se hab\u00eda ganado el cari\u00f1o no solo en su tierra natal sino en toda la regi\u00f3n.<\/div>\n<div style=\"text-align: justify;\"> \t\t&nbsp;<\/div>\n<div style=\"text-align: justify;\"> \t\tA su muerte deja una familia sumida en el dolor por no haberlo visto cristalizar sus sue\u00f1os y esperanzas. \u201cesta muerte no puede quedar impune como la de Dimas Onel Maj\u00edn y esperamos que nuestras organizaciones colaboren en el esclarecimiento del crimen y no se tenga que seguir repitiendo la historia\u201d dijo Elizabeth Oim\u00e9, su hermana en representaci\u00f3n de la familia.<\/div>\n<div style=\"text-align: justify;\"> \t\t&nbsp;<\/div>\n<div style=\"text-align: justify;\"> \t\tDesde ese medio hab\u00eda ido ganando espacio en el proceso organizativo y por esa raz\u00f3n la comunidad lo elige como vicegobernador del cabildo en el a\u00f1o 2015 y por sus aciertos en la orientaci\u00f3n comunitaria es elegido como gobernador principal para el presente a\u00f1o. Llevaba solo tres meses de ejercicio como autoridad tradicional y ya era conocido entre los yanaconas por su defensa de la madre tierra ante la amenaza de la llegada de la miner\u00eda y megaproyectos a la regi\u00f3n.<\/div>\n<div style=\"text-align: justify;\"> \t\t&nbsp;<\/div>\n<div style=\"text-align: justify;\"> \t\tHizo oposici\u00f3n f\u00e9rrea a la miner\u00eda y los megaproyectos, fue cr\u00edtico de la posibilidad de instalar sitios de concentraci\u00f3n guerrillera en los territorios ind\u00edgenas y en un defensor de la principal fuente h\u00eddrica del pa\u00eds. Dicen los nativos que lo acompa\u00f1aron hasta su \u00faltima morada que fueron estas las razones para hacer parte de un listado de dirigentes que se encuentran amenazados que al d\u00eda siguiente de su asesinato buscar\u00edan la protecci\u00f3n oficial ante el riesgo mortal. Oim\u00e9 Alarc\u00f3n no alcanz\u00f3 a reunirse con las autoridades porque la muerte lo sorprendi\u00f3 antes de tiempo.<\/div>\n<div style=\"text-align: justify;\"> \t\t&nbsp;<\/div>\n<div style=\"text-align: justify;\"> \t\tEste no es un hecho aislado, dijeron sus compa\u00f1eros. Este es el cumplimiento de las amenazas que se ciernen contra muchos dirigentes ind\u00edgenas en el cauca y Colombia. Solo en esa semana fue asesinado un l\u00edder en el resguardo de Canoas al norte del Cauca mientras que igual surte corr\u00edan otros dos nativos de la zona de tierra dentro, dijeron las autoridades en la \u201csiembra\u201d de la semilla que empezaba a germinar en el pueblo yanacona.<\/div>\n<div style=\"text-align: justify;\"> \t\t&nbsp;<\/div>\n<div style=\"text-align: justify;\"> \t\tPor: Jos\u00e9 Maria Omen y Antonio Palechor<span class=\"Apple-tab-span\" style=\"white-space:pre\"> <\/span><\/div>\n<div style=\"text-align: justify;\"> \t\tFuente:&nbsp;http:\/\/www.las2orillas.co\/el-crimen-que-conmociono-a-los-indigenas-del-cauca\/<\/div>\n<\/p><\/div>\n","protected":false},"excerpt":{"rendered":"<p>El asesinato de un gobernador ind\u00edgena en Popay\u00e1n declar\u00f3 el estado de alerta entre los pueblos originarios. &nbsp; En hombros, cuatro comuneros cargaron el f\u00e9retro que conten\u00eda los restos de Williar Alexander [&hellip;]<\/p>\n","protected":false},"author":4,"featured_media":0,"comment_status":"open","ping_status":"open","sticky":false,"template":"","format":"standard","meta":[],"categories":[75],"tags":[],"_links":{"self":[{"href":"https:\/\/tejidohistorico.afrodescendientes.com\/index.php\/wp-json\/wp\/v2\/posts\/8702"}],"collection":[{"href":"https:\/\/tejidohistorico.afrodescendientes.com\/index.php\/wp-json\/wp\/v2\/posts"}],"about":[{"href":"https:\/\/tejidohistorico.afrodescendientes.com\/index.php\/wp-json\/wp\/v2\/types\/post"}],"author":[{"embeddable":true,"href":"https:\/\/tejidohistorico.afrodescendientes.com\/index.php\/wp-json\/wp\/v2\/users\/4"}],"replies":[{"embeddable":true,"href":"https:\/\/tejidohistorico.afrodescendientes.com\/index.php\/wp-json\/wp\/v2\/comments?post=8702"}],"version-history":[{"count":0,"href":"https:\/\/tejidohistorico.afrodescendientes.com\/index.php\/wp-json\/wp\/v2\/posts\/8702\/revisions"}],"wp:attachment":[{"href":"https:\/\/tejidohistorico.afrodescendientes.com\/index.php\/wp-json\/wp\/v2\/media?parent=8702"}],"wp:term":[{"taxonomy":"category","embeddable":true,"href":"https:\/\/tejidohistorico.afrodescendientes.com\/index.php\/wp-json\/wp\/v2\/categories?post=8702"},{"taxonomy":"post_tag","embeddable":true,"href":"https:\/\/tejidohistorico.afrodescendientes.com\/index.php\/wp-json\/wp\/v2\/tags?post=8702"}],"curies":[{"name":"wp","href":"https:\/\/api.w.org\/{rel}","templated":true}]}}