{"id":8730,"date":"2016-04-08T15:38:30","date_gmt":"2016-04-08T15:38:30","guid":{"rendered":"http:\/\/www2.nasaacin.org\/index.php\/2016\/04\/08\/que-la-paz-no-les-cueste-la-vida\/"},"modified":"2016-04-08T15:38:30","modified_gmt":"2016-04-08T15:38:30","slug":"que-la-paz-no-les-cueste-la-vida","status":"publish","type":"post","link":"https:\/\/tejidohistorico.afrodescendientes.com\/index.php\/2016\/04\/08\/que-la-paz-no-les-cueste-la-vida\/","title":{"rendered":"Que la paz no les cueste la vida"},"content":{"rendered":"<div style=\"text-align: justify;\"> \tSi algo saben los defensores(as) de derechos humanos en Colombia es de sacrificio; y hoy con la inminente paz, pareciera que les est\u00e1 costando, una vez m\u00e1s, hasta la propia vida el construirla. &nbsp;Las cifras de agresiones contra Defensores de Derechos Humanos en Colombia, se\u00f1alan como se mantienen los homicidios contra l\u00edderes sociales y defensores de la paz en el primer trimestre del 2016.&nbsp;<\/div>\n<div style=\"text-align: justify;\"> \t&nbsp;<\/div>\n<p>  <!--more-->  <\/p>\n<div style=\"text-align: justify;\"> \tEntre enero y marzo de 2016, el Sistema de Informaci\u00f3n de Agresiones contra defensores de DD.HH. en Colombia \u2013 SIADDHH, registr\u00f3 un total de 113 agresiones individuales contra defensores(as) discriminados en 81 amenazas, 19 asesinatos, 5 atentados, 5 detenciones arbitrarias, 2 hurtos de informaci\u00f3n y un defensor desaparecido.<\/div>\n<div style=\"text-align: justify;\"> \t&nbsp;<\/div>\n<div style=\"text-align: justify;\"> \tDe estas 113 agresiones, el 51% fueron en contra de defensores y el 49% contra defensoras. Denotamos en comparaci\u00f3n con el mismo periodo en el a\u00f1o anterior, una significativa disminuci\u00f3n en el n\u00famero de casos registrados, pasando de 295 casos de agresi\u00f3n entre enero &#8211; marzo de 2015 a 113 en 2016. Tambi\u00e9n es positivo se\u00f1alar la disminuci\u00f3n en el n\u00famero de amenazas pasando de 249 a 81; pero por otra parte es EN EXTREMO preocupante que el n\u00famero de homicidios se mantenga en 19 casos.&nbsp;<\/div>\n<div style=\"text-align: justify;\"> \t&nbsp;<\/div>\n<div style=\"text-align: justify;\"> \tComo puede verificarse en las cifras, las amenazas y atentados tuvieron una importante disminuci\u00f3n pero el \u00fanico tipo de agresi\u00f3n que se mantiene en niveles similares a los de 2015 (y de a\u00f1os anteriores) es el homicidio de l\u00edderes. As\u00ed las cosas entre 2010 y 2016 (marzo) han sido asesinados 365 l\u00edderes sociales y defensores de derechos humanos, lo que corresponderia a que mientras Juan Manuel Santos ha sido Presidente han asesinado un defensor cada 6 d\u00edas.&nbsp;<\/div>\n<div style=\"text-align: justify;\"> \t&nbsp;<\/div>\n<div style=\"text-align: justify;\"> \tMuy a pesar de los esfuerzos gubernamentales para enfrentar los cr\u00edmenes, estos se siguen cometiendo impunemente en medio de un escenario pol\u00edtico donde los defensores son pieza clave de la construcci\u00f3n de la paz; sumando a ello el recrudecimiento de las acciones violentas y de intimidaci\u00f3n por parte de los grupos paramilitares como las Autodefensas Gaitanistas de Colombia quienes recientemente paralizaron amplias zonas del norte del pa\u00eds mediante un paro armado hacia finales de marzo. Esta violencia paramilitar sin duda, pone a tambalear la consecusi\u00f3n de la paz y las garantias de no repetici\u00f3n para las v\u00edctimas y para quienes dejaran las armas por la vida pol\u00edtica. Es de anotar que los paramilitares son presuntos responsables del 100% de las 81 amenazas registradas en el 1er trimestre de 2016.&nbsp;<\/div>\n<div style=\"text-align: justify;\"> \t&nbsp;<\/div>\n<div style=\"text-align: justify;\"> \tA prop\u00f3sito de este tema, dentro de los presuntos responsables de las 113 agresiones contabilizadas por el SIADDHH en el primer trimestre del a\u00f1o, se\u00f1alamos que los paramilitares aparecen con responsabilidad supuesta en 71 casos (63%), la Fuerza P\u00fablica en 5 casos (4%), las guerrillas en 1 caso (1%) y actores desconocidos en 36 casos (32%). Por otra parte, Bogot\u00e1, Cauca, Valle del Cauca y Atl\u00e1ntico siguen encabezando la lista de los departamentos m\u00e1s violentos contra los defensores en Colombia.&nbsp;<\/div>\n<div style=\"text-align: justify;\"> \t&nbsp;<\/div>\n<div style=\"text-align: justify;\"> \tLas cifras completas del Sistema de Informaci\u00f3n de Agresiones contra defensores y defensoras de derechos humanos en Colombia SIADDHH para el periodo enero-marzo 2016 y otros periodos pueden ser consultados en <a href=\"http:\/\/www.somosdefensores.org\/\">ww.somosdefensores.org<\/a><\/div>\n<div style=\"text-align: justify;\"> \t&nbsp;<\/div>\n<div style=\"text-align: justify;\"> \t&nbsp;<\/div>\n<div style=\"text-align: justify;\"> \t<span style=\"font-size:16px;\"><a href=\"http:\/\/somosdefensores.org\/attachments\/article\/139\/boletin-enero-marzo-SIADDHH-2016.pdf\">Ver documento completo en PDF&nbsp;<\/a><\/span><\/div>\n<div>\n<div style=\"text-align: justify;\"> \t\t&nbsp;<\/div>\n<div style=\"text-align: justify;\"> \t\t<strong><span style=\"font-size: 12.8px; line-height: 19.2px;\">Bogot\u00e1 D.C. 9 de abril de 2016 &#8211; Comunicaciones Programa Somos Defensores<\/span><\/strong><\/div>\n<\/p><\/div>\n<div id=\"ckimgrsz\" style=\"left: 5px; top: 0px;\">\n<div class=\"preview\"> \t\t&nbsp;<\/div>\n<\/p><\/div>\n","protected":false},"excerpt":{"rendered":"<p>Si algo saben los defensores(as) de derechos humanos en Colombia es de sacrificio; y hoy con la inminente paz, pareciera que les est\u00e1 costando, una vez m\u00e1s, hasta la propia vida el [&hellip;]<\/p>\n","protected":false},"author":4,"featured_media":0,"comment_status":"open","ping_status":"open","sticky":false,"template":"","format":"standard","meta":[],"categories":[75],"tags":[],"_links":{"self":[{"href":"https:\/\/tejidohistorico.afrodescendientes.com\/index.php\/wp-json\/wp\/v2\/posts\/8730"}],"collection":[{"href":"https:\/\/tejidohistorico.afrodescendientes.com\/index.php\/wp-json\/wp\/v2\/posts"}],"about":[{"href":"https:\/\/tejidohistorico.afrodescendientes.com\/index.php\/wp-json\/wp\/v2\/types\/post"}],"author":[{"embeddable":true,"href":"https:\/\/tejidohistorico.afrodescendientes.com\/index.php\/wp-json\/wp\/v2\/users\/4"}],"replies":[{"embeddable":true,"href":"https:\/\/tejidohistorico.afrodescendientes.com\/index.php\/wp-json\/wp\/v2\/comments?post=8730"}],"version-history":[{"count":0,"href":"https:\/\/tejidohistorico.afrodescendientes.com\/index.php\/wp-json\/wp\/v2\/posts\/8730\/revisions"}],"wp:attachment":[{"href":"https:\/\/tejidohistorico.afrodescendientes.com\/index.php\/wp-json\/wp\/v2\/media?parent=8730"}],"wp:term":[{"taxonomy":"category","embeddable":true,"href":"https:\/\/tejidohistorico.afrodescendientes.com\/index.php\/wp-json\/wp\/v2\/categories?post=8730"},{"taxonomy":"post_tag","embeddable":true,"href":"https:\/\/tejidohistorico.afrodescendientes.com\/index.php\/wp-json\/wp\/v2\/tags?post=8730"}],"curies":[{"name":"wp","href":"https:\/\/api.w.org\/{rel}","templated":true}]}}