{"id":8732,"date":"2016-04-08T19:31:48","date_gmt":"2016-04-08T19:31:48","guid":{"rendered":"http:\/\/www2.nasaacin.org\/index.php\/2016\/04\/08\/25-anos-masacre-de-los-uvos-municipio-de-la-vega-cauca\/"},"modified":"2016-04-08T19:31:48","modified_gmt":"2016-04-08T19:31:48","slug":"25-anos-masacre-de-los-uvos-municipio-de-la-vega-cauca","status":"publish","type":"post","link":"https:\/\/tejidohistorico.afrodescendientes.com\/index.php\/2016\/04\/08\/25-anos-masacre-de-los-uvos-municipio-de-la-vega-cauca\/","title":{"rendered":"25 A\u00f1os Masacre de Los Uvos, municipio de La Vega-Cauca"},"content":{"rendered":"<p style=\"text-align: justify;\"> \t<span style=\"color:#008080;\"><span style=\"font-size:18px;\"><span style=\"font-family:georgia,serif;\">Los llevamos en la memoria y en nuestras luchas diarias, para que la gram\u00e1tica de barbarie jam\u00e1s se repita<\/span><\/span><\/span><\/p>\n<div style=\"text-align: justify;\"> \t<span style=\"font-size: 0.8em; line-height: 19.2px;\">Se cumplen 25 a\u00f1os de aquel doloroso hecho en que fueron asesinados 17 ciudadanos colombianos, la mayor\u00eda de ellos campesin@s vegue\u00f1os, catorce (14) hombres y tres (3) mujeres, una de las cuales se encontraba en avanzado estado de embarazo.<\/span><\/div>\n<div style=\"text-align: justify;\"> \t&nbsp;<\/div>\n<p>  <!--more-->  <\/p>\n<div style=\"text-align: justify;\"> \t&nbsp;A eso de las 5:30 de la tarde de un d\u00eda domingo 7 de abril del a\u00f1o 1991, mientras en Bogot\u00e1 se discut\u00eda en la Asamblea Nacional Constituyente un supuesto Pacto de Paz, y mientras todas las comunidades del Macizo se preparaban para lo que fue la Primera Movilizaci\u00f3n del Macizo Colombiano, en el corregimiento de Los Uvos del Municipio de La Vega, diecisiete (17) campesinos abordados por Militares del Batall\u00f3n Jos\u00e9 Hilario L\u00f3pez con participaci\u00f3n de unidades paramilitares los detuvieron arbitrariamente, los condujeron al sitio que hab\u00edan escogido para perpetrar la matanza, los clasificaron, los torturaron y los asesinaron, luego procedieron a incinerar el carro y una moto en las que se transportaban. &nbsp;<\/div>\n<div style=\"text-align: justify;\"> \t&nbsp;<\/div>\n<div style=\"text-align: justify;\"> \tAll\u00ed fueron ejecutados extrajudicialmente: Alfonso Chilito (25 a\u00f1os), Jos\u00e9 Belisario Dorado Mu\u00f1oz (41 a\u00f1os), Sa\u00fal Espinosa (42 a\u00f1os), Wilson Gil vel\u00e1squez (17 a\u00f1os), Hoibar G\u00f3mez Mami\u00e1n (18 a\u00f1os), Ruben Dar\u00edo Joaqu\u00ed Narv\u00e1ez (32 a\u00f1os), Santiago Lasso Bola\u00f1os (28 a\u00f1os), Adriana L\u00f3pez (18 a\u00f1os), Hern\u00e1n Mamian Moreno (31 a\u00f1os), Leoncio Mellizo Angulo (50 a\u00f1os), Libardo Nieves Dorado (24 a\u00f1os), Yenny Prieto Rengifo (28 a\u00f1os), Hernando Rosero (42 a\u00f1os), Ad\u00e1n Ruano Daza (55 a\u00f1os) y Alejandro Salazar Paz (22 a\u00f1os).<\/div>\n<div style=\"text-align: justify;\"> \t&nbsp;<\/div>\n<div style=\"text-align: justify;\"> \tComo lo se\u00f1ala uno de los familiares de las v\u00edctimas en su declaraci\u00f3n, el ej\u00e9rcito trat\u00f3 de destruir pruebas y de inculpar de este hecho a la guerrilla.<\/div>\n<div style=\"text-align: justify;\"> \t&nbsp;<\/div>\n<div style=\"text-align: justify;\"> \tEn esta conmemoraci\u00f3n no podemos pasar inadvertida la constante hist\u00f3rica de violencia en Colombia; violencia que (se expresa en sus formas originarias) &nbsp;de imponer sobre los territorios y sus poblaciones las condiciones que necesita el mercado mundial. L\u00f3gicas perversas que las personas y comunidades venimos entendiendo y enfrentando. Cr\u00edmenes como \u00e9ste son presentados como hechos sin raz\u00f3n, fruto de la maldad de algunos individuos y por eso, aterran a\u00fan m\u00e1s. Hoy sabemos que estos hechos son planeados y ejecutados con lujo de detalles y que obedecen a una pol\u00edtica de Estado, cuyo objetivo general es despojar, controlar, expropiar y desplazar comunidades enteras de sus territorios.<\/div>\n<div style=\"text-align: justify;\"> \t&nbsp;<\/div>\n<div style=\"text-align: justify;\"> \t<strong>Proceso Campesino y Popular del Municipio de La Vega, Cauca<\/strong><\/div>\n<div> \t&nbsp;<\/div>\n","protected":false},"excerpt":{"rendered":"<p>Los llevamos en la memoria y en nuestras luchas diarias, para que la gram\u00e1tica de barbarie jam\u00e1s se repita Se cumplen 25 a\u00f1os de aquel doloroso hecho en que fueron asesinados 17 [&hellip;]<\/p>\n","protected":false},"author":4,"featured_media":0,"comment_status":"open","ping_status":"open","sticky":false,"template":"","format":"standard","meta":[],"categories":[73],"tags":[],"_links":{"self":[{"href":"https:\/\/tejidohistorico.afrodescendientes.com\/index.php\/wp-json\/wp\/v2\/posts\/8732"}],"collection":[{"href":"https:\/\/tejidohistorico.afrodescendientes.com\/index.php\/wp-json\/wp\/v2\/posts"}],"about":[{"href":"https:\/\/tejidohistorico.afrodescendientes.com\/index.php\/wp-json\/wp\/v2\/types\/post"}],"author":[{"embeddable":true,"href":"https:\/\/tejidohistorico.afrodescendientes.com\/index.php\/wp-json\/wp\/v2\/users\/4"}],"replies":[{"embeddable":true,"href":"https:\/\/tejidohistorico.afrodescendientes.com\/index.php\/wp-json\/wp\/v2\/comments?post=8732"}],"version-history":[{"count":0,"href":"https:\/\/tejidohistorico.afrodescendientes.com\/index.php\/wp-json\/wp\/v2\/posts\/8732\/revisions"}],"wp:attachment":[{"href":"https:\/\/tejidohistorico.afrodescendientes.com\/index.php\/wp-json\/wp\/v2\/media?parent=8732"}],"wp:term":[{"taxonomy":"category","embeddable":true,"href":"https:\/\/tejidohistorico.afrodescendientes.com\/index.php\/wp-json\/wp\/v2\/categories?post=8732"},{"taxonomy":"post_tag","embeddable":true,"href":"https:\/\/tejidohistorico.afrodescendientes.com\/index.php\/wp-json\/wp\/v2\/tags?post=8732"}],"curies":[{"name":"wp","href":"https:\/\/api.w.org\/{rel}","templated":true}]}}